{"id":21923,"date":"2024-12-18T00:26:43","date_gmt":"2024-12-18T07:26:43","guid":{"rendered":"https:\/\/www.regioncuatronoticias.com\/?p=21923"},"modified":"2024-12-18T00:26:46","modified_gmt":"2024-12-18T07:26:46","slug":"llamara-congreso-a-comparecer-al-ombudsman-luis-fernando-renteria","status":"publish","type":"post","link":"https:\/\/www.regioncuatronoticias.com\/index.php\/2024\/12\/18\/llamara-congreso-a-comparecer-al-ombudsman-luis-fernando-renteria\/","title":{"rendered":"Llamar\u00e1 Congreso a comparecer al Ombudsman Luis Fernando Renter\u00eda"},"content":{"rendered":"\n<p><strong>-Lo denunciaron ex trabajadoras de la CEDH por hostigamiento laboral y sexual en su contra<\/strong><\/p>\n\n\n\n<p><strong>-A reuni\u00f3n de las afectadas con integrantes de la &nbsp;Comisi\u00f3n de Justicia y Derechos Humanos del Congreso, acudieron en su respaldo 10 colectivas feministas y 13 m\u00e1s de la comunidad LGBTQ+<\/strong><\/p>\n\n\n\n<p>Hermosillo, Sonora; 16 de diciembre de 2024.- &nbsp;Se reuni\u00f3 con integrantes de la Comisi\u00f3n de Justicia y Derechos Humanos de la LXIV Legislatura local, el grupo de mujeres que hace un par de semanas denunci\u00f3 por acoso sexual y laboral al Ombudsman sonorense, Luis Fernando Renter\u00eda Barrag\u00e1n.<\/p>\n\n\n\n<p>El prop\u00f3sito de tal reuni\u00f3n fue dar seguimiento puntual a su solicitud de que se revisen debidamente todas las denuncias y quejas presentadas desde hace m\u00e1s de un a\u00f1o ante el \u00d3rgano Interno de Control de la propia CEDH sin que se les hubiera dado la menor importancia.<\/p>\n\n\n\n<p>El encuentro fue presidido por el diputado Ren\u00e9 Edmundo Garc\u00eda Rojo, Presidente de la Comisi\u00f3n de Justicia y Derechos Humanos, ante quien se expusieron con detalle varios casos de la conducta violenta ejercida por Renter\u00eda Barrag\u00e1n en contra de las ahora ex empleadas del organismo encargado de la protecci\u00f3n de los derechos humanos en Sonora.<\/p>\n\n\n\n<p>Los diputados se comprometieron a activar los canales para atender las denuncias y quejas sobre el mencionado funcionario, quien ha demostrado una conducta hostil sostenida que ha afectado la salud laboral de este organismo. Asimismo, se\u00f1alaron que en fecha pr\u00f3xima llamar\u00e1n a Renter\u00eda Barrag\u00e1n a comparecer ante el Poder Legislativo para definir las acciones a seguir.<\/p>\n\n\n\n<p>Las solicitantes acudieron a la reuni\u00f3n con los congresistas, con el respaldo de 10 colectivas feministas y 13 colectivas de la comunidad LGBT+ quienes, a trav\u00e9s de un documento entregado al Congreso del Estado, manifestaron su profunda preocupaci\u00f3n por los hechos denunciados.<\/p>\n\n\n\n<p>Las diputadas Claudia Zulema Bours Corral y Ana Gabriela Tapia Fonllem, as\u00ed como el diputado Emeterio Ochoa, escucharon con atenci\u00f3n cada testimonio y manifestaron su solidaridad en el tema.<\/p>\n\n\n\n<p>Las solicitantes hicieron \u00e9nfasis en que, al margen del informe de resultados de la CEDH Sonora, del cual presume Renter\u00eda Barrag\u00e1n, se debe analizar el impacto de sus acciones y el alto costo que ha tenido su paso por este organismo al lastimar impunemente el derecho a una vida libre de violencia, uno de los derechos humanos fundamentales m\u00e1s demandados por las mujeres.<\/p>\n\n\n\n<p><\/p>\n","protected":false},"excerpt":{"rendered":"<p>-Lo denunciaron ex trabajadoras de la CEDH por hostigamiento laboral y sexual en su contra -A reuni\u00f3n de las afectadas con integrantes de la &nbsp;Comisi\u00f3n de Justicia y Derechos Humanos del Congreso, acudieron en su respaldo 10 colectivas feministas y 13 m\u00e1s de la comunidad LGBTQ+ Hermosillo, Sonora; 16 de diciembre de 2024.- &nbsp;Se reuni\u00f3 [&hellip;]<\/p>\n","protected":false},"author":1,"featured_media":21924,"comment_status":"open","ping_status":"open","sticky":false,"template":"","format":"standard","meta":{"content-type":"","footnotes":""},"categories":[115,105,9],"tags":[],"class_list":{"0":"post-21923","1":"post","2":"type-post","3":"status-publish","4":"format-standard","5":"has-post-thumbnail","7":"category-politica","8":"category-principal","9":"category-sonora"},"_links":{"self":[{"href":"https:\/\/www.regioncuatronoticias.com\/index.php\/wp-json\/wp\/v2\/posts\/21923","targetHints":{"allow":["GET"]}}],"collection":[{"href":"https:\/\/www.regioncuatronoticias.com\/index.php\/wp-json\/wp\/v2\/posts"}],"about":[{"href":"https:\/\/www.regioncuatronoticias.com\/index.php\/wp-json\/wp\/v2\/types\/post"}],"author":[{"embeddable":true,"href":"https:\/\/www.regioncuatronoticias.com\/index.php\/wp-json\/wp\/v2\/users\/1"}],"replies":[{"embeddable":true,"href":"https:\/\/www.regioncuatronoticias.com\/index.php\/wp-json\/wp\/v2\/comments?post=21923"}],"version-history":[{"count":1,"href":"https:\/\/www.regioncuatronoticias.com\/index.php\/wp-json\/wp\/v2\/posts\/21923\/revisions"}],"predecessor-version":[{"id":21925,"href":"https:\/\/www.regioncuatronoticias.com\/index.php\/wp-json\/wp\/v2\/posts\/21923\/revisions\/21925"}],"wp:featuredmedia":[{"embeddable":true,"href":"https:\/\/www.regioncuatronoticias.com\/index.php\/wp-json\/wp\/v2\/media\/21924"}],"wp:attachment":[{"href":"https:\/\/www.regioncuatronoticias.com\/index.php\/wp-json\/wp\/v2\/media?parent=21923"}],"wp:term":[{"taxonomy":"category","embeddable":true,"href":"https:\/\/www.regioncuatronoticias.com\/index.php\/wp-json\/wp\/v2\/categories?post=21923"},{"taxonomy":"post_tag","embeddable":true,"href":"https:\/\/www.regioncuatronoticias.com\/index.php\/wp-json\/wp\/v2\/tags?post=21923"}],"curies":[{"name":"wp","href":"https:\/\/api.w.org\/{rel}","templated":true}]}}