{"id":21889,"date":"2024-12-17T10:49:14","date_gmt":"2024-12-17T17:49:14","guid":{"rendered":"https:\/\/www.regioncuatronoticias.com\/?p=21889"},"modified":"2024-12-17T10:49:17","modified_gmt":"2024-12-17T17:49:17","slug":"sheinbaum-acusa-a-opositores-de-agrandar-tensiones-dentro-de-la-4t-y-advierte-hay-mucha-unidad","status":"publish","type":"post","link":"https:\/\/www.regioncuatronoticias.com\/index.php\/2024\/12\/17\/sheinbaum-acusa-a-opositores-de-agrandar-tensiones-dentro-de-la-4t-y-advierte-hay-mucha-unidad\/","title":{"rendered":"Sheinbaum acusa a opositores de agrandar tensiones dentro de la 4T y advierte: &#8216;hay mucha unidad&#8217;"},"content":{"rendered":"\n<p><strong>Sheinbaum destac\u00f3 que su movimiento es \u201cel movimiento m\u00e1s consolidado con acci\u00f3n y con organizaci\u00f3n\u201d, y consider\u00f3 que es reconocido, no solo nacional, sino &#8216;internacionalmente&#8217;.<\/strong><\/p>\n\n\n\n<p>Tomado de Aristegui Noticias<\/p>\n\n\n\n<p>Redacci\u00f3n AN \/ ARF<\/p>\n\n\n\n<p>Martes 17 de diciembre de 2024<\/p>\n\n\n\n<p>La presidenta Claudia Sheinbaum&nbsp; dijo este martes en su conferencia ma\u00f1anera que en Morena \u201chay unidad\u201d, adem\u00e1s de tachar a sus opositores de ser los culpables de agrandar una supuesta pol\u00e9mica entre sus coordinadores parlamentarios en las C\u00e1maras de Senadores, Ad\u00e1n Augusto L\u00f3pez, y de Diputados, Ricardo Monreal.<\/p>\n\n\n\n<p>Cuestionada sobre la reuni\u00f3n que Monreal \u00c1vila y L\u00f3pez Hern\u00e1ndez sostuvieron con la secretaria de Gobernaci\u00f3n, Rosa Icela Rodr\u00edguez, Sheinbaum hizo \u00e9nfasis en la unidad que existe dentro de la autodenominada \u201cCuarta Transformaci\u00f3n\u201d,&nbsp; adem\u00e1s de responsabilizar a la oposici\u00f3n de magnificar los hechos.<\/p>\n\n\n\n<p>M\u00e1s bien son nuestros adversarios que hacen grande todo esto. Hay unidad en nuestro movimiento.<\/p>\n\n\n\n<p>Sheinbaum agreg\u00f3 que su movimiento es \u201cel movimiento m\u00e1s consolidado con acci\u00f3n y con organizaci\u00f3n\u201d y destac\u00f3 que Morena ya es&nbsp; \u201creconocido no solo nacional, sino internacionalmente\u201d.<\/p>\n\n\n\n<p>La reuni\u00f3n celebrada la tarde del lunes entre el l\u00edder del grupo parlamentario de Morena y presidente de la Junta de Coordinaci\u00f3n Pol\u00edtica (Jucopo) de la C\u00e1mara de Diputados, Ricardo Monreal y el l\u00edder de la bancada morenista y titular de la Jucopo&nbsp; en Senado de la Rep\u00fablica, Ad\u00e1n Augusto L\u00f3pez, se da luego de que ambos intercambiaron acusaciones la semana pasada.<\/p>\n\n\n\n<p>Ad\u00e1n Augusto L\u00f3pez afirm\u00f3 que presentar\u00eda denuncias penales y administrativas ante la Auditoria Superior de la Federaci\u00f3n por irregularidades en contratos por un monto de 150 millones de pesos asignados por Monreal a empresas factureras cuando fue presidente de la Jucopo en el Senado. Monreal neg\u00f3 la acusaci\u00f3n y revir\u00f3 que estaba \u201climpio\u201d.<\/p>\n\n\n\n<p>Ante el enfrentamiento, la presidenta de Sheinbaum lo tach\u00f3 de un \u201casunto menor\u201d y pidi\u00f3 \u201ccabeza fr\u00eda a ambos\u201d.<\/p>\n\n\n\n<p>En este marco, la presidenta celebr\u00f3 el trabajo tanto de la C\u00e1mara de Diputados como del Senado tras la aprobaci\u00f3n de 16 reformas constitucionales desde el inicio de la nueva legislatura, as\u00ed como de varias leyes secundarias.<\/p>\n\n\n\n<p><a href=\"https:\/\/aristeguinoticias.com\/1712\/mexico\/sheinbaum-acusa-a-opositores-de-agrandar-tensiones-dentro-de-la-4t-y-advierte-hay-mucha-unidad\">https:\/\/aristeguinoticias.com\/1712\/mexico\/sheinbaum-acusa-a-opositores-de-agrandar-tensiones-dentro-de-la-4t-y-advierte-hay-mucha-unidad<\/a><\/p>\n","protected":false},"excerpt":{"rendered":"<p>Sheinbaum destac\u00f3 que su movimiento es \u201cel movimiento m\u00e1s consolidado con acci\u00f3n y con organizaci\u00f3n\u201d, y consider\u00f3 que es reconocido, no solo nacional, sino &#8216;internacionalmente&#8217;. Tomado de Aristegui Noticias Redacci\u00f3n AN \/ ARF Martes 17 de diciembre de 2024 La presidenta Claudia Sheinbaum&nbsp; dijo este martes en su conferencia ma\u00f1anera que en Morena \u201chay unidad\u201d, [&hellip;]<\/p>\n","protected":false},"author":1,"featured_media":21890,"comment_status":"open","ping_status":"open","sticky":false,"template":"","format":"standard","meta":{"content-type":"","footnotes":""},"categories":[3,115,105],"tags":[],"class_list":{"0":"post-21889","1":"post","2":"type-post","3":"status-publish","4":"format-standard","5":"has-post-thumbnail","7":"category-mexico","8":"category-politica","9":"category-principal"},"_links":{"self":[{"href":"https:\/\/www.regioncuatronoticias.com\/index.php\/wp-json\/wp\/v2\/posts\/21889","targetHints":{"allow":["GET"]}}],"collection":[{"href":"https:\/\/www.regioncuatronoticias.com\/index.php\/wp-json\/wp\/v2\/posts"}],"about":[{"href":"https:\/\/www.regioncuatronoticias.com\/index.php\/wp-json\/wp\/v2\/types\/post"}],"author":[{"embeddable":true,"href":"https:\/\/www.regioncuatronoticias.com\/index.php\/wp-json\/wp\/v2\/users\/1"}],"replies":[{"embeddable":true,"href":"https:\/\/www.regioncuatronoticias.com\/index.php\/wp-json\/wp\/v2\/comments?post=21889"}],"version-history":[{"count":1,"href":"https:\/\/www.regioncuatronoticias.com\/index.php\/wp-json\/wp\/v2\/posts\/21889\/revisions"}],"predecessor-version":[{"id":21891,"href":"https:\/\/www.regioncuatronoticias.com\/index.php\/wp-json\/wp\/v2\/posts\/21889\/revisions\/21891"}],"wp:featuredmedia":[{"embeddable":true,"href":"https:\/\/www.regioncuatronoticias.com\/index.php\/wp-json\/wp\/v2\/media\/21890"}],"wp:attachment":[{"href":"https:\/\/www.regioncuatronoticias.com\/index.php\/wp-json\/wp\/v2\/media?parent=21889"}],"wp:term":[{"taxonomy":"category","embeddable":true,"href":"https:\/\/www.regioncuatronoticias.com\/index.php\/wp-json\/wp\/v2\/categories?post=21889"},{"taxonomy":"post_tag","embeddable":true,"href":"https:\/\/www.regioncuatronoticias.com\/index.php\/wp-json\/wp\/v2\/tags?post=21889"}],"curies":[{"name":"wp","href":"https:\/\/api.w.org\/{rel}","templated":true}]}}