{"id":21886,"date":"2024-12-17T08:50:07","date_gmt":"2024-12-17T15:50:07","guid":{"rendered":"https:\/\/www.regioncuatronoticias.com\/?p=21886"},"modified":"2024-12-17T08:50:09","modified_gmt":"2024-12-17T15:50:09","slug":"detienen-a-el-mero-mero-presunto-exportador-de-fentanilo-y-tio-de-ovidio-guzman","status":"publish","type":"post","link":"https:\/\/www.regioncuatronoticias.com\/index.php\/2024\/12\/17\/detienen-a-el-mero-mero-presunto-exportador-de-fentanilo-y-tio-de-ovidio-guzman\/","title":{"rendered":"Detienen a \u2018El Mero Mero\u2019, presunto exportador de fentanilo y t\u00edo de Ovidio Guzm\u00e1n"},"content":{"rendered":"\n<p><strong>La captura se registr\u00f3 en Badiraguato en operativo de fuerzas federales.<\/strong><\/p>\n\n\n\n<p>Tomado de Aristegui Noticias<\/p>\n\n\n\n<p>Redacci\u00f3n AN\/ SBH<\/p>\n\n\n\n<p>Lunes 16 de diciembre de 2024<\/p>\n\n\n\n<p>Fuerzas federales capturaron en Sinaloa a Hern\u00e1n \u201cN\u201d, se\u00f1alado como generador de violencia en el estado y quien cuenta con una orden de aprehensi\u00f3n por delincuencia organizada.<\/p>\n\n\n\n<p>Hern\u00e1n Domingo Ojeda L\u00f3pez, alias \u201cEl Mero Mero\u201d, es identificado como t\u00edo de Ovidio Guzm\u00e1n L\u00f3pez, alias \u201cEl Rat\u00f3n\u201d, qui\u00e9n fue detenido el 5 de enero de 2023.<\/p>\n\n\n\n<p>El gabinete de seguridad inform\u00f3 que se identific\u00f3 que la localidad La Majada de Arriba, en el municipio de Badiraguato, era la zona de movilidad de un sujeto que est\u00e1 vinculado al trasiego de pastillas de fentanilo desde Culiac\u00e1n hacia Estados Unidos.<\/p>\n\n\n\n<p>Los efectivos, al realizar recorridos de seguridad, identificaron a un hombre que coincid\u00eda con las caracter\u00edsticas de la persona de la investigaci\u00f3n, adem\u00e1s observaron que portaba un objeto similar a una pistola.<\/p>\n\n\n\n<p>Tras realizarle una revisi\u00f3n de seguridad, le hallaron un arma corta, 800 mil pesos en efectivo, adem\u00e1s de dos bolsas con pastillas de fentanilo.<\/p>\n\n\n\n<p>Tambi\u00e9n cuenta con una orden de aprehensi\u00f3n vigente por el delito de delincuencia organizada, por lo que fue detenido, informado de sus derechos constitucionales y junto con lo asegurado fue puesto a disposici\u00f3n del agente del Ministerio P\u00fablico correspondiente, quien determinar\u00e1 su situaci\u00f3n legal, seg\u00fan un comunicado del gobierno federal.<\/p>\n\n\n\n<p>En el operativo participaron elementos del Ej\u00e9rcito mexicano, Guardia Nacional, Marina, Fiscal\u00eda General de la Rep\u00fablica y Secretar\u00eda de Seguridad Protecci\u00f3n Ciudadana (SSPC).<\/p>\n\n\n\n<p><a href=\"https:\/\/aristeguinoticias.com\/1612\/mexico\/detienen-a-el-mero-mero-presunto-exportador-de-fentanilo-y-tio-de-ovidio-guzman\">https:\/\/aristeguinoticias.com\/1612\/mexico\/detienen-a-el-mero-mero-presunto-exportador-de-fentanilo-y-tio-de-ovidio-guzman<\/a><\/p>\n","protected":false},"excerpt":{"rendered":"<p>La captura se registr\u00f3 en Badiraguato en operativo de fuerzas federales. Tomado de Aristegui Noticias Redacci\u00f3n AN\/ SBH Lunes 16 de diciembre de 2024 Fuerzas federales capturaron en Sinaloa a Hern\u00e1n \u201cN\u201d, se\u00f1alado como generador de violencia en el estado y quien cuenta con una orden de aprehensi\u00f3n por delincuencia organizada. Hern\u00e1n Domingo Ojeda L\u00f3pez, [&hellip;]<\/p>\n","protected":false},"author":1,"featured_media":21887,"comment_status":"open","ping_status":"open","sticky":false,"template":"","format":"standard","meta":{"content-type":"","footnotes":""},"categories":[3,113],"tags":[],"class_list":{"0":"post-21886","1":"post","2":"type-post","3":"status-publish","4":"format-standard","5":"has-post-thumbnail","7":"category-mexico","8":"category-seguridad"},"_links":{"self":[{"href":"https:\/\/www.regioncuatronoticias.com\/index.php\/wp-json\/wp\/v2\/posts\/21886","targetHints":{"allow":["GET"]}}],"collection":[{"href":"https:\/\/www.regioncuatronoticias.com\/index.php\/wp-json\/wp\/v2\/posts"}],"about":[{"href":"https:\/\/www.regioncuatronoticias.com\/index.php\/wp-json\/wp\/v2\/types\/post"}],"author":[{"embeddable":true,"href":"https:\/\/www.regioncuatronoticias.com\/index.php\/wp-json\/wp\/v2\/users\/1"}],"replies":[{"embeddable":true,"href":"https:\/\/www.regioncuatronoticias.com\/index.php\/wp-json\/wp\/v2\/comments?post=21886"}],"version-history":[{"count":1,"href":"https:\/\/www.regioncuatronoticias.com\/index.php\/wp-json\/wp\/v2\/posts\/21886\/revisions"}],"predecessor-version":[{"id":21888,"href":"https:\/\/www.regioncuatronoticias.com\/index.php\/wp-json\/wp\/v2\/posts\/21886\/revisions\/21888"}],"wp:featuredmedia":[{"embeddable":true,"href":"https:\/\/www.regioncuatronoticias.com\/index.php\/wp-json\/wp\/v2\/media\/21887"}],"wp:attachment":[{"href":"https:\/\/www.regioncuatronoticias.com\/index.php\/wp-json\/wp\/v2\/media?parent=21886"}],"wp:term":[{"taxonomy":"category","embeddable":true,"href":"https:\/\/www.regioncuatronoticias.com\/index.php\/wp-json\/wp\/v2\/categories?post=21886"},{"taxonomy":"post_tag","embeddable":true,"href":"https:\/\/www.regioncuatronoticias.com\/index.php\/wp-json\/wp\/v2\/tags?post=21886"}],"curies":[{"name":"wp","href":"https:\/\/api.w.org\/{rel}","templated":true}]}}