{"id":21880,"date":"2024-12-17T08:13:01","date_gmt":"2024-12-17T15:13:01","guid":{"rendered":"https:\/\/www.regioncuatronoticias.com\/?p=21880"},"modified":"2024-12-17T08:13:03","modified_gmt":"2024-12-17T15:13:03","slug":"estados-unidos-deporta-a-osiel-cardenas-guillen-el-sanguinario-exlider-del-cartel-del-golfo","status":"publish","type":"post","link":"https:\/\/www.regioncuatronoticias.com\/index.php\/2024\/12\/17\/estados-unidos-deporta-a-osiel-cardenas-guillen-el-sanguinario-exlider-del-cartel-del-golfo\/","title":{"rendered":"Estados Unidos deporta a Osiel C\u00e1rdenas Guill\u00e9n, el sanguinario exl\u00edder del Cartel del Golfo"},"content":{"rendered":"\n<p><strong>-El capo de 57 a\u00f1os ha sido ingresado al penal del Altiplano y enfrenta tres procesos federales<\/strong><\/p>\n\n\n\n<p>Tomado de El Pa\u00eds<\/p>\n\n\n\n<p>Luis Pablo Beauregard<\/p>\n\n\n\n<p>Martes 17 de diciembre de 2024<\/p>\n\n\n\n<p>Osiel C\u00e1rdenas Guill\u00e9n va de vuelta a M\u00e9xico, el pa\u00eds en el que impuso su ley del terror como l\u00edder del C\u00e1rtel del Golfo (CDG). El narcotraficante, conocido en el bajo mundo con el apodo de \u201cmata amigos\u201d, ha sido deportado este lunes desde Estados Unidos, donde cumpli\u00f3 algo m\u00e1s de la mitad de una condena de 25 a\u00f1os por su buena conducta. El capo no ser\u00e1 hombre libre en su pa\u00eds. Las autoridades federales mexicanas han confirmado a este diario que C\u00e1rdenas, de 57 a\u00f1os, ha sido trasladado al penal del Altiplano donde enfrentar\u00e1 tres procesos, por delincuencia organizada, delitos contra la salud y lavado de dinero.<\/p>\n\n\n\n<p>La entrega del capo ha sido confirmada esta tarde por la Agencia de Investigaci\u00f3n de Seguridad Interior. \u201cDespu\u00e9s de 14 a\u00f1os en prisi\u00f3n, Osiel C\u00e1rdenas, un ciudadano mexicano y antiguo l\u00edder del Golfo y Los Zetas ha sido regresado a M\u00e9xico\u201d, inform\u00f3 en las redes sociales el cap\u00edtulo de la instituci\u00f3n en San Antonio (Texas). La rendici\u00f3n del capo ante las autoridades mexicanas tuvo lugar a las 9:25 en un puente fronterizo de Tijuana, Baja California. Desde all\u00ed vol\u00f3 al centro del pa\u00eds para ingresar a prisi\u00f3n minutos despu\u00e9s de las 17.30.<\/p>\n\n\n\n<p>C\u00e1rdenas fue liberado a finales de agosto de la prisi\u00f3n de Terre Haute, en el Estado de Indiana. El capo estaba sujeto a cinco a\u00f1os de libertad condicional tras recobrar su libertad. Pero su deportaci\u00f3n era inminente desde entonces, cuando su custodia pas\u00f3 a manos del Servicio de Control de Inmigraci\u00f3n y Aduanas (ICE, por sus siglas en ingl\u00e9s). Las autoridades migratorias cortaron su periodo de libertad casi inmediatamente, pues fue trasladado al centro de detenci\u00f3n de Otay Mesa, en la frontera de San Diego y Tijuana, donde estuvo cuatro meses.<\/p>\n\n\n\n<p>La Fiscal\u00eda mexicana (FGR) reclamaba al capo, tambi\u00e9n conocido como El ingeniero, por varios procesos judiciales federales abiertos por delitos vinculados al tr\u00e1fico de drogas, lavado de dinero, posesi\u00f3n il\u00edcita de armas, cohecho y homicidio. La FGR ha informado la tarde de este lunes que el retorno de C\u00e1rdenas Guill\u00e9n a M\u00e9xico reactiva siete procesos federales. Los fiscales buscan que el capo sea condenado a m\u00e1s de 700 a\u00f1os de c\u00e1rcel por todos esos delitos.<\/p>\n\n\n\n<p>C\u00e1rdenas lleg\u00f3 a Estados Unidos desde M\u00e9xico en enero de 2007, apenas meses despu\u00e9s de que el presidente Felipe Calder\u00f3n asumiera el cargo e iniciara una serie acciones judiciales y sobre el terreno en contra de los c\u00e1rteles del narcotr\u00e1fico. Una de sus decisiones fue enviar al sanguinario l\u00edder del CDG a enfrentar a las autoridades estadounidenses. Osiel no lleg\u00f3 solo, fue parte de un traslado que incluy\u00f3 a 14 personas que estaban en prisiones mexicanas, entre ellas H\u00e9ctor El G\u00fcero Palma, uno de los viejos socios de Joaqu\u00edn El Chapo Guzm\u00e1n en el C\u00e1rtel de Sinaloa.<\/p>\n\n\n\n<p>El entonces capo fue recluido en la prisi\u00f3n de La Tuna, en Anthony, Texas. Su juicio fue aplazado en dos ocasiones y el inter\u00e9s medi\u00e1tico que despert\u00f3 en Estados Unidos se fue diluyendo. Fue finalmente sentenciado de forma secreta tres a\u00f1os despu\u00e9s de su llegada al pa\u00eds, el 24 de febrero de 2010. La jueza encargada de la sentencia dict\u00f3 un \u201csecreto perpetuo\u201d sobre las condiciones de negociaci\u00f3n de su condena, de 25 a\u00f1os. Nadie, fuera de Osiel, sus abogados y los fiscales, presenciaron aquella audiencia. La jueza Hilda Tagle le advirti\u00f3 entonces que si violaba la ley durante su periodo de libertad condicional, C\u00e1rdenas se arriesgaba a volver a prisi\u00f3n. El capo pas\u00f3 por prisiones de Georgia y del centro de Florida.<\/p>\n\n\n\n<p>El exl\u00edder del C\u00e1rtel del Golfo fue detenido en 2003 en la ciudad de Matamoros (Tamaulipas), de donde es originario. El mata amigos se hizo un nombre en el mundo criminal despu\u00e9s de eliminar a socios y rivales para as\u00ed escalar posiciones dentro del c\u00e1rtel de la frontera, que qued\u00f3 ac\u00e9falo despu\u00e9s de la captura de Juan Garc\u00eda \u00c1brego, un veterano traficante que operaba en Tamaulipas. A C\u00e1rdenas se le atribuye haber creado a Los Zetas, una organizaci\u00f3n criminal muy violenta que lleg\u00f3 a tener casi 10.000 hombres armados durante los a\u00f1os del Calderonato.<\/p>\n\n\n\n<p>Los primeros roces de Osiel C\u00e1rdenas con la justicia de Estados Unidos se remontan a agosto de 1992. Entonces fue detenido mientras intentaba cruzar dos kilogramos de coca\u00edna por la frontera. Fue trasladado a la prisi\u00f3n del condado de Cameron, en Brownsville (Texas). La historia se repiti\u00f3 en enero de 1993. Entonces las autoridades estadounidenses lo enviaron a la c\u00e1rcel por 63 meses. A finales de ese a\u00f1o, no obstante, fue trasladado a M\u00e9xico.<\/p>\n\n\n\n<p><a href=\"https:\/\/elpais.com\/mexico\/2024-12-17\/estados-unidos-deporta-a-osiel-cardenas-guillen-el-sanguinario-exlider-del-cartel-del-golfo.html\">https:\/\/elpais.com\/mexico\/2024-12-17\/estados-unidos-deporta-a-osiel-cardenas-guillen-el-sanguinario-exlider-del-cartel-del-golfo.html<\/a><\/p>\n","protected":false},"excerpt":{"rendered":"<p>-El capo de 57 a\u00f1os ha sido ingresado al penal del Altiplano y enfrenta tres procesos federales Tomado de El Pa\u00eds Luis Pablo Beauregard Martes 17 de diciembre de 2024 Osiel C\u00e1rdenas Guill\u00e9n va de vuelta a M\u00e9xico, el pa\u00eds en el que impuso su ley del terror como l\u00edder del C\u00e1rtel del Golfo (CDG). [&hellip;]<\/p>\n","protected":false},"author":1,"featured_media":21881,"comment_status":"open","ping_status":"open","sticky":false,"template":"","format":"standard","meta":{"content-type":"","footnotes":""},"categories":[3,113],"tags":[],"class_list":{"0":"post-21880","1":"post","2":"type-post","3":"status-publish","4":"format-standard","5":"has-post-thumbnail","7":"category-mexico","8":"category-seguridad"},"_links":{"self":[{"href":"https:\/\/www.regioncuatronoticias.com\/index.php\/wp-json\/wp\/v2\/posts\/21880","targetHints":{"allow":["GET"]}}],"collection":[{"href":"https:\/\/www.regioncuatronoticias.com\/index.php\/wp-json\/wp\/v2\/posts"}],"about":[{"href":"https:\/\/www.regioncuatronoticias.com\/index.php\/wp-json\/wp\/v2\/types\/post"}],"author":[{"embeddable":true,"href":"https:\/\/www.regioncuatronoticias.com\/index.php\/wp-json\/wp\/v2\/users\/1"}],"replies":[{"embeddable":true,"href":"https:\/\/www.regioncuatronoticias.com\/index.php\/wp-json\/wp\/v2\/comments?post=21880"}],"version-history":[{"count":1,"href":"https:\/\/www.regioncuatronoticias.com\/index.php\/wp-json\/wp\/v2\/posts\/21880\/revisions"}],"predecessor-version":[{"id":21882,"href":"https:\/\/www.regioncuatronoticias.com\/index.php\/wp-json\/wp\/v2\/posts\/21880\/revisions\/21882"}],"wp:featuredmedia":[{"embeddable":true,"href":"https:\/\/www.regioncuatronoticias.com\/index.php\/wp-json\/wp\/v2\/media\/21881"}],"wp:attachment":[{"href":"https:\/\/www.regioncuatronoticias.com\/index.php\/wp-json\/wp\/v2\/media?parent=21880"}],"wp:term":[{"taxonomy":"category","embeddable":true,"href":"https:\/\/www.regioncuatronoticias.com\/index.php\/wp-json\/wp\/v2\/categories?post=21880"},{"taxonomy":"post_tag","embeddable":true,"href":"https:\/\/www.regioncuatronoticias.com\/index.php\/wp-json\/wp\/v2\/tags?post=21880"}],"curies":[{"name":"wp","href":"https:\/\/api.w.org\/{rel}","templated":true}]}}