{"id":21871,"date":"2024-12-17T07:54:25","date_gmt":"2024-12-17T14:54:25","guid":{"rendered":"https:\/\/www.regioncuatronoticias.com\/?p=21871"},"modified":"2024-12-17T07:54:27","modified_gmt":"2024-12-17T14:54:27","slug":"se-deslinda-tono-astiazaran-de-reunion-donde-fue-destapado-por-guillermo-padres-para-el-2027","status":"publish","type":"post","link":"https:\/\/www.regioncuatronoticias.com\/index.php\/2024\/12\/17\/se-deslinda-tono-astiazaran-de-reunion-donde-fue-destapado-por-guillermo-padres-para-el-2027\/","title":{"rendered":"Se deslinda To\u00f1o Astiazar\u00e1n de reuni\u00f3n donde fue \u201cdestapado\u201d por Guillermo Padr\u00e9s para el 2027"},"content":{"rendered":"\n<p>Tomado de Dossier Pol\u00edtico<\/p>\n\n\n\n<p>Santiago Garc\u00eda C.<\/p>\n\n\n\n<p>Martes 17 de diciembre de 2024<\/p>\n\n\n\n<p>Hermosillo, Sonora.- El alcalde de Hermosillo, Antonio Astiazar\u00e1n Guti\u00e9rrez, se deslind\u00f3 de la reuni\u00f3n realizada por el ex Gobernador de Sonora, Guillermo Padr\u00e9s El\u00edas.<\/p>\n\n\n\n<p>En dicha reuni\u00f3 el panista, dijo que ve con buenos ojos que el alcalde de la capital tenga la intenci\u00f3n de buscar la candidatura para el Gobierno de Sonora en las pr\u00f3ximas elecciones.<\/p>\n\n\n\n<p>\u201cYo lo que les puedo compartir es que, en primer lugar, pues no tengo obviamente nada que ver ni con la organizaci\u00f3n del evento, ni con lo que se dijo ah\u00ed. Yo creo que no son tiempos para hablar de campa\u00f1as, y en lo personal, lo \u00fanico que les puedo decir es que lo que me mueve es trabajar por la unidad de los hermosillenses y dar los resultados para los cuales fui electo\u201d, manifest\u00f3.<\/p>\n\n\n\n<p>Fue a trav\u00e9s de redes sociales que se difundi\u00f3 el pasado domingo 15 de diciembre una reuni\u00f3n del ex mandatario sonorense, Guillermo Padr\u00e9s El\u00edas, quien se\u00f1al\u00f3 que esta reuni\u00f3n es para mantener la unidad del partido y que tenga proyectos a futuro y las bases para construir la victoria.<\/p>\n\n\n\n<p>\u201cYo quiero agradecer a quienes han levantado la mano y quieren enfrentar este reto rumbo al 2027. Y lo digo con toda conciencia de que los que estamos aqu\u00ed queremos proyectos y queremos ganar, por eso es que yo felicito y veo con muy buenos ojos que nuestro alcalde aqu\u00ed de la capital To\u00f1o Astiazar\u00e1n quiera ser el pr\u00f3ximo Gobernador del Estado, y yo lo felicito, lo felicito y lo veo con muy buenos ojos\u201d, se\u00f1al\u00f3 Padr\u00e9s en dicha reuni\u00f3n.<\/p>\n\n\n\n<p><a href=\"https:\/\/dossierpolitico.com\/2024\/12\/17\/se-deslinda-tono-astiazaran-de-la-reunion-donde-fue-destapado-para-el-2027-por-guillermo-padres\/\">https:\/\/dossierpolitico.com\/2024\/12\/17\/se-deslinda-tono-astiazaran-de-la-reunion-donde-fue-destapado-para-el-2027-por-guillermo-padres\/<\/a><\/p>\n","protected":false},"excerpt":{"rendered":"<p>Tomado de Dossier Pol\u00edtico Santiago Garc\u00eda C. Martes 17 de diciembre de 2024 Hermosillo, Sonora.- El alcalde de Hermosillo, Antonio Astiazar\u00e1n Guti\u00e9rrez, se deslind\u00f3 de la reuni\u00f3n realizada por el ex Gobernador de Sonora, Guillermo Padr\u00e9s El\u00edas. En dicha reuni\u00f3 el panista, dijo que ve con buenos ojos que el alcalde de la capital tenga [&hellip;]<\/p>\n","protected":false},"author":1,"featured_media":21872,"comment_status":"open","ping_status":"open","sticky":false,"template":"","format":"standard","meta":{"content-type":"","footnotes":""},"categories":[8,115,105],"tags":[],"class_list":{"0":"post-21871","1":"post","2":"type-post","3":"status-publish","4":"format-standard","5":"has-post-thumbnail","7":"category-hermosillo","8":"category-politica","9":"category-principal"},"_links":{"self":[{"href":"https:\/\/www.regioncuatronoticias.com\/index.php\/wp-json\/wp\/v2\/posts\/21871","targetHints":{"allow":["GET"]}}],"collection":[{"href":"https:\/\/www.regioncuatronoticias.com\/index.php\/wp-json\/wp\/v2\/posts"}],"about":[{"href":"https:\/\/www.regioncuatronoticias.com\/index.php\/wp-json\/wp\/v2\/types\/post"}],"author":[{"embeddable":true,"href":"https:\/\/www.regioncuatronoticias.com\/index.php\/wp-json\/wp\/v2\/users\/1"}],"replies":[{"embeddable":true,"href":"https:\/\/www.regioncuatronoticias.com\/index.php\/wp-json\/wp\/v2\/comments?post=21871"}],"version-history":[{"count":1,"href":"https:\/\/www.regioncuatronoticias.com\/index.php\/wp-json\/wp\/v2\/posts\/21871\/revisions"}],"predecessor-version":[{"id":21873,"href":"https:\/\/www.regioncuatronoticias.com\/index.php\/wp-json\/wp\/v2\/posts\/21871\/revisions\/21873"}],"wp:featuredmedia":[{"embeddable":true,"href":"https:\/\/www.regioncuatronoticias.com\/index.php\/wp-json\/wp\/v2\/media\/21872"}],"wp:attachment":[{"href":"https:\/\/www.regioncuatronoticias.com\/index.php\/wp-json\/wp\/v2\/media?parent=21871"}],"wp:term":[{"taxonomy":"category","embeddable":true,"href":"https:\/\/www.regioncuatronoticias.com\/index.php\/wp-json\/wp\/v2\/categories?post=21871"},{"taxonomy":"post_tag","embeddable":true,"href":"https:\/\/www.regioncuatronoticias.com\/index.php\/wp-json\/wp\/v2\/tags?post=21871"}],"curies":[{"name":"wp","href":"https:\/\/api.w.org\/{rel}","templated":true}]}}