{"id":21481,"date":"2024-12-09T21:30:06","date_gmt":"2024-12-10T04:30:06","guid":{"rendered":"https:\/\/www.regioncuatronoticias.com\/?p=21481"},"modified":"2024-12-09T21:30:08","modified_gmt":"2024-12-10T04:30:08","slug":"menores-siembran-sus-propios-grupos-criminales-en-sonora","status":"publish","type":"post","link":"https:\/\/www.regioncuatronoticias.com\/index.php\/2024\/12\/09\/menores-siembran-sus-propios-grupos-criminales-en-sonora\/","title":{"rendered":"Menores siembran sus propios grupos criminales en Sonora"},"content":{"rendered":"\n<p><strong>El 50% de adolescentes detenidos en Hermosillo est\u00e1 vinculado a las drogas y armas; al ser las leyes m\u00e1s flexibles con ellos, la delincuencia se aprovecha<\/strong><\/p>\n\n\n\n<p>Informaci\u00f3n de Excelsior<\/p>\n\n\n\n<p>Daniel S\u00e1nchez D.<\/p>\n\n\n\n<p>Lunes 9 de diciembre de 2024<\/p>\n\n\n\n<p>Noticias sobre cr\u00edmenes de alto impacto, como secuestro, ejecuciones y narcotr\u00e1fico, donde sus protagonistas son menores de edad, tienen consternada a la sociedad sonorense y pasmado al gobierno.<\/p>\n\n\n\n<p>Primero eran grupos criminales reclutando ni\u00f1os, pero ahora hay juicios penales y carpetas de investigaci\u00f3n en las que las autoridades afirman que los propios adolescentes se est\u00e1n asociando para delinquir por dinero f\u00e1cil y un estilo de vida retratado en la narcocultura.<\/p>\n\n\n\n<p>El caso m\u00e1s reciente involucra a un buen n\u00famero de adolescentes de entre 16 y 18 a\u00f1os, quienes, en complicidad con adultos, perpetraron un secuestro fallido que deriv\u00f3 en el plagio de dos menores de 16 a\u00f1os: Jonathan \u201cN\u201d, estudiante del colegio m\u00e1s exclusivo del pa\u00eds, e Irving \u201cN\u201d, campe\u00f3n nacional de boliche, quien el 1 de diciembre recibi\u00f3 medalla de oro por su participaci\u00f3n en el Campeonato Juvenil Centroamericano. Ambos fueron privados de su libertad el 19 de noviembre y ahora son acusados por la Fiscal\u00eda de Justicia en Sonora por secuestro agravado y asociaci\u00f3n delictuosa.<\/p>\n\n\n\n<p>Fuentes cercanas al caso y de la agencia Ministerial de Investigaci\u00f3n Criminal informaron a Exc\u00e9lsior que Jonathan e Irving no habr\u00edan sido los \u00fanicos menores involucrados en el secuestro, sino que estos habr\u00edan conformado una banda de contempor\u00e1neos, con edades entre 16 a 18 a\u00f1os, presuntamente asociados para delinquir, con el \u00fanico fin de ganar dinero.<\/p>\n\n\n\n<p>En los pr\u00f3ximos d\u00edas se ejecutar\u00edan m\u00e1s \u00f3rdenes de aprehensi\u00f3n contra adolescentes y adultos involucrados en un secuestro por el que pretend\u00edan cobrar 2.5 millones de pesos, pero terminaron aceptando abonos de 50 mil pesos, de acuerdo con la versi\u00f3n difundida de los hechos.<\/p>\n\n\n\n<p>El 19 de noviembre, Jonathan e Irving fueron levantados, como este \u00faltimo es atleta y estaba a punto de salir a una competencia internacional su caso se volvi\u00f3 viral. La presi\u00f3n social funcion\u00f3 y 24 horas despu\u00e9s fue el primero en ser liberado por sus captores, a diferencia de Jonathan, quien permaneci\u00f3 72 horas retenido y al ser liberado fue arrestado por la Fiscal\u00eda de Justicia, que inform\u00f3 que el levant\u00f3n fue una venganza criminal por un secuestro que sali\u00f3 mal, por el cual tambi\u00e9n fue detenido por Interpol en el Aeropuerto Internacional de la Ciudad de M\u00e9xico, Irving, el joven deportista, cuando regresaba victorioso con medalla de oro panamericana.<\/p>\n\n\n\n<p><strong>PROTECCI\u00d3N DE IDENTIDAD<\/strong><\/p>\n\n\n\n<p>Yazm\u00edn Murillo Badilla, jueza S\u00e9ptimo de Distrito, advirti\u00f3 que este caso es un claro ejemplo de todo lo que se hace mal en las fiscal\u00edas, porque el Ministerio P\u00fablico debi\u00f3 ser el primer ocupado en que no se revelara la identidad de las v\u00edctimas ni de los victimarios, con mayor cuidado cuando son menores de edad y que ya se han revelado sus nombres, direcciones, aficiones y hasta d\u00f3nde estudian.<\/p>\n\n\n\n<p>Los procesos de Irving y Jonathan, de 16 a\u00f1os, siguen. Ambos est\u00e1n sujetos a juicio penal con la medida cautelar de internamiento en el Instituto de Tratamiento y de Aplicaci\u00f3n de Medidas para Adolescentes (ITAMA); en caso de ser encontrados culpables por los delitos de secuestro agravado y asociaci\u00f3n delictuosa, enfrentan sentencias de hasta cinco a\u00f1os.<\/p>\n\n\n\n<p><strong>NI\u00d1OS GATILLEROS EN SONORA<\/strong><\/p>\n\n\n\n<p>En Sonora, durante 2024, al menos 22 ni\u00f1os gatilleros de entre 11 y 14 a\u00f1os han sido detenidos en la regi\u00f3n des\u00e9rtica fronteriza, al noreste del pa\u00eds, seg\u00fan revel\u00f3 Francisco Sergio M\u00e9ndez, delegado de la Fiscal\u00eda General de la Rep\u00fablica (FGR), &nbsp;quien expres\u00f3 su preocupaci\u00f3n por qu\u00e9 los padres no est\u00e1n al pendiente de sus hijos y advirti\u00f3 que los menores son contratados para delinquir por cantidades m\u00ednimas de dinero.<\/p>\n\n\n\n<p>Los menores reclutados por el crimen organizado en Sonora, de manera voluntaria, obligados o con enga\u00f1os, fungen como como gatilleros, punteros, halcones, mulas del narcotr\u00e1fico y polleros; los delincuentes encuentran un incentivo para sumarlos a sus filas porque las leyes no son tan severas por su corta edad, son m\u00e1s sumisos, maleables y hasta m\u00e1s econ\u00f3micos.<\/p>\n\n\n\n<p>Marco Paz Pellat, vocero del Comit\u00e9 Ciudadano de Seguridad P\u00fablica en Sonora, advirti\u00f3 que el caso de Jonathan e Irving, as\u00ed como decenas de casos de ni\u00f1os pistoleros habla de la descomposici\u00f3n familiar y del tejido social, un dato alarmante que revel\u00f3 es que m\u00e1s del 50% de los menores recluidos en el ITAMA, en Hermosillo, est\u00e1n por casos relacionados con portaci\u00f3n de armas y narc\u00f3ticos.<\/p>\n\n\n\n<p>\u201cHay que asumir la realidad, hoy existe una gran alegor\u00eda tratando de inmiscuir a los j\u00f3venes en el crimen organizado, vendi\u00e9ndoles cuentas de cristal, dici\u00e9ndoles \u2018vas a ser rico, poderoso y famoso\u2019, pero la realidad es que mueren a etapa temprana, se meten en muchos problemas y, despu\u00e9s, dejan una estela de descr\u00e9dito a sus familias\u201d, advirti\u00f3 Paz.<\/p>\n\n\n\n<p>Sonora es la cuna de los \u2018corridos tumbados\u2019, un subg\u00e9nero de la m\u00fasica regional mexicana que los especialistas han advertido como una pieza clave de la propaganda de los c\u00e1rteles; el \u00e9xito de sus principales exponentes contribuye a normalizar y glorificar al crimen organizado, promoviendo la aceptaci\u00f3n social del narcosistema y abonando a la normalizaci\u00f3n de la violencia.<\/p>\n\n\n\n<p><a href=\"https:\/\/www.excelsior.com.mx\/nacional\/menores-siembran-grupos-criminales-sonora\/1688362\">https:\/\/www.excelsior.com.mx\/nacional\/menores-siembran-grupos-criminales-sonora\/1688362<\/a><\/p>\n","protected":false},"excerpt":{"rendered":"<p>El 50% de adolescentes detenidos en Hermosillo est\u00e1 vinculado a las drogas y armas; al ser las leyes m\u00e1s flexibles con ellos, la delincuencia se aprovecha Informaci\u00f3n de Excelsior Daniel S\u00e1nchez D. Lunes 9 de diciembre de 2024 Noticias sobre cr\u00edmenes de alto impacto, como secuestro, ejecuciones y narcotr\u00e1fico, donde sus protagonistas son menores de [&hellip;]<\/p>\n","protected":false},"author":1,"featured_media":21482,"comment_status":"open","ping_status":"open","sticky":false,"template":"","format":"standard","meta":{"content-type":"","footnotes":""},"categories":[105,113,9],"tags":[],"class_list":{"0":"post-21481","1":"post","2":"type-post","3":"status-publish","4":"format-standard","5":"has-post-thumbnail","7":"category-principal","8":"category-seguridad","9":"category-sonora"},"_links":{"self":[{"href":"https:\/\/www.regioncuatronoticias.com\/index.php\/wp-json\/wp\/v2\/posts\/21481","targetHints":{"allow":["GET"]}}],"collection":[{"href":"https:\/\/www.regioncuatronoticias.com\/index.php\/wp-json\/wp\/v2\/posts"}],"about":[{"href":"https:\/\/www.regioncuatronoticias.com\/index.php\/wp-json\/wp\/v2\/types\/post"}],"author":[{"embeddable":true,"href":"https:\/\/www.regioncuatronoticias.com\/index.php\/wp-json\/wp\/v2\/users\/1"}],"replies":[{"embeddable":true,"href":"https:\/\/www.regioncuatronoticias.com\/index.php\/wp-json\/wp\/v2\/comments?post=21481"}],"version-history":[{"count":1,"href":"https:\/\/www.regioncuatronoticias.com\/index.php\/wp-json\/wp\/v2\/posts\/21481\/revisions"}],"predecessor-version":[{"id":21483,"href":"https:\/\/www.regioncuatronoticias.com\/index.php\/wp-json\/wp\/v2\/posts\/21481\/revisions\/21483"}],"wp:featuredmedia":[{"embeddable":true,"href":"https:\/\/www.regioncuatronoticias.com\/index.php\/wp-json\/wp\/v2\/media\/21482"}],"wp:attachment":[{"href":"https:\/\/www.regioncuatronoticias.com\/index.php\/wp-json\/wp\/v2\/media?parent=21481"}],"wp:term":[{"taxonomy":"category","embeddable":true,"href":"https:\/\/www.regioncuatronoticias.com\/index.php\/wp-json\/wp\/v2\/categories?post=21481"},{"taxonomy":"post_tag","embeddable":true,"href":"https:\/\/www.regioncuatronoticias.com\/index.php\/wp-json\/wp\/v2\/tags?post=21481"}],"curies":[{"name":"wp","href":"https:\/\/api.w.org\/{rel}","templated":true}]}}