{"id":21195,"date":"2024-12-03T09:21:54","date_gmt":"2024-12-03T16:21:54","guid":{"rendered":"https:\/\/www.regioncuatronoticias.com\/?p=21195"},"modified":"2024-12-03T09:22:00","modified_gmt":"2024-12-03T16:22:00","slug":"culiacan-explosiones-y-balaceras-durante-la-madrugada-harfuch-descarta-coche-bomba","status":"publish","type":"post","link":"https:\/\/www.regioncuatronoticias.com\/index.php\/2024\/12\/03\/culiacan-explosiones-y-balaceras-durante-la-madrugada-harfuch-descarta-coche-bomba\/","title":{"rendered":"Culiac\u00e1n: Explosiones y balaceras durante la madrugada; Harfuch descarta coche bomba"},"content":{"rendered":"\n<p><strong>Hasta el momento, las autoridades no han oficializado los sucesos y posibles afectaciones<\/strong><\/p>\n\n\n\n<p>Tomado de Aristegui Noticias<\/p>\n\n\n\n<p>Redacci\u00f3n AN \/ KC<\/p>\n\n\n\n<p>Martes 3 de diciembre de 2024<\/p>\n\n\n\n<p>La madrugada de este martes, alrededor de las 3:30 horas, usuarios en redes sociales reportaron una fuerte explosi\u00f3n en varias colonias de Culiac\u00e1n, Sinaloa, generando alarma.<\/p>\n\n\n\n<p>Tras el estruendo, las personas dieron a conocer que siguieron balaceras en la zona colindante con la Ciudad Universitaria, Alturas del Sur, Guadalupe Victoria, La Campi\u00f1a, Las Quintas y Los \u00c1ngeles.<\/p>\n\n\n\n<p>Medios locales sugieren que la explosi\u00f3n podr\u00eda haber sido provocada por un coche bomba que estall\u00f3 en el sector de La Limita de Itaje.<\/p>\n\n\n\n<p>Tras la detonaci\u00f3n, se report\u00f3 el hallazgo de un veh\u00edculo incendiado, el cual fue apagado por bomberos de Culiac\u00e1n, mientras la zona fue acordonada por elementos del Ej\u00e9rcito Mexicano.<\/p>\n\n\n\n<p>Hasta el momento, las autoridades no han confirmado qu\u00e9 conten\u00eda el veh\u00edculo siniestrado.<\/p>\n\n\n\n<p>Se espera que alrededor de las 10 horas el secretario de Seguridad P\u00fablica de Sinaloa, Gerardo M\u00e9rida S\u00e1nchez, ofrezca informaci\u00f3n al respecto durante una conferencia de prensa.<\/p>\n\n\n\n<p><a href=\"https:\/\/aristeguinoticias.com\/0312\/mexico\/culiacan-reportan-explosiones-y-balaceras-durante-la-madrugada\">https:\/\/aristeguinoticias.com\/0312\/mexico\/culiacan-reportan-explosiones-y-balaceras-durante-la-madrugada<\/a><\/p>\n\n\n\n<p><strong>HARFUCH DESCARTA COCHE BOMBA Y HERIDOS DURANTE EXPLOSIONES EN SINALOA: \u2018NO FUE DENTRO DE CULIAC\u00c1N\u2019<\/strong><\/p>\n\n\n\n<p>Destac\u00f3 ante el repunte violento en Sinaloa, que este fue detonado por una &#8216;situaci\u00f3n muy espec\u00edfica&#8217;: la captura de Ismael \u2018El Mayo\u2019 Zambada.<\/p>\n\n\n\n<p>Harfuch descarta coche bomba y heridos durante explosiones en Sinaloa: \u2018No fue dentro de Culiac\u00e1n\u2019<\/p>\n\n\n\n<p>El secretario de Seguridad y Protecci\u00f3n Ciudadana (SSPC), Omar Garc\u00eda Harfuch, descart\u00f3 este martes durante la conferencia ma\u00f1anera de la presidenta Claudia Sheinbaum, que las explosiones reportadas en Sinaloa durante la madrugada implicaran coches bombas, adem\u00e1s de destacar que los hechos no se registraron \u201cdentro de Culiac\u00e1n\u201d, sino en un municipio ejidal a las afueras de la capital.<\/p>\n\n\n\n<p>Durante la madrugada, alrededor de las 03:30 horas, usuarios en redes sociales reportaron y difundieron im\u00e1genes de una explosi\u00f3n que aparentemente hab\u00eda sacudido a varias colonias de Culiac\u00e1n, generando alarma en medio del incremento de violencia en el estado.<\/p>\n\n\n\n<p>Ante las sugerencias de medio locales de que la explosi\u00f3n podr\u00eda haber sido ocasionada por un coche bomba, Harfuch oficialmente descart\u00f3 la posibilidad, haciendo referencia a los primeros trabajos de inteligencia e investigaci\u00f3n de la SSPC.<\/p>\n\n\n\n<p>Al parecer es un artefacto, como un tipo dron. S\u00ed hay un veh\u00edculo incendiado, no hay heridos.<\/p>\n\n\n\n<p>Por otro lado, destac\u00f3 ante el repunte violento en Sinaloa, que este fue detonado por una \u201csituaci\u00f3n muy espec\u00edfica\u201d: la captura de Ismael \u2018El Mayo\u2019 Zambada por parte de autoridades de Estados Unidos.<\/p>\n\n\n\n<p>Aun as\u00ed, y pese a que el reporte preliminar de violencia en el mes de noviembre muestra un alza en homicidios dolosos, Harfuch asegur\u00f3 que se contin\u00faan los trabajador de detenci\u00f3n de generadores de violencia de alto impacto, as\u00ed como el incremento de elementos de las fuerzas armadas y de seguridad.<\/p>\n\n\n\n<p>Por otro lado, asegur\u00f3 que se han logrado \u201ccontener los enfrentamientos\u201d y violencia en Culiac\u00e1n, principal foco de los conflictos, ya que \u201clos enfrentamientos m\u00e1s fuertes no han sido dentro de Culiac\u00e1n como fue al inicio\u201d.<\/p>\n\n\n\n<p>Pese a este informe preliminar, se espera que alrededor de las 10 horas el secretario de Seguridad P\u00fablica de Sinaloa, Gerardo M\u00e9rida S\u00e1nchez, ofrezca informaci\u00f3n al respecto durante una conferencia de prensa.<\/p>\n\n\n\n<p><a href=\"https:\/\/aristeguinoticias.com\/0312\/mexico\/harfuch-descarta-coche-bomba-y-heridos-durante-explosiones-en-sinaloa-no-fue-dentro-de-culiacan\">https:\/\/aristeguinoticias.com\/0312\/mexico\/harfuch-descarta-coche-bomba-y-heridos-durante-explosiones-en-sinaloa-no-fue-dentro-de-culiacan<\/a><\/p>\n","protected":false},"excerpt":{"rendered":"<p>Hasta el momento, las autoridades no han oficializado los sucesos y posibles afectaciones Tomado de Aristegui Noticias Redacci\u00f3n AN \/ KC Martes 3 de diciembre de 2024 La madrugada de este martes, alrededor de las 3:30 horas, usuarios en redes sociales reportaron una fuerte explosi\u00f3n en varias colonias de Culiac\u00e1n, Sinaloa, generando alarma. Tras el [&hellip;]<\/p>\n","protected":false},"author":1,"featured_media":21196,"comment_status":"open","ping_status":"open","sticky":false,"template":"","format":"standard","meta":{"content-type":"","footnotes":""},"categories":[3,105,113],"tags":[],"class_list":{"0":"post-21195","1":"post","2":"type-post","3":"status-publish","4":"format-standard","5":"has-post-thumbnail","7":"category-mexico","8":"category-principal","9":"category-seguridad"},"_links":{"self":[{"href":"https:\/\/www.regioncuatronoticias.com\/index.php\/wp-json\/wp\/v2\/posts\/21195","targetHints":{"allow":["GET"]}}],"collection":[{"href":"https:\/\/www.regioncuatronoticias.com\/index.php\/wp-json\/wp\/v2\/posts"}],"about":[{"href":"https:\/\/www.regioncuatronoticias.com\/index.php\/wp-json\/wp\/v2\/types\/post"}],"author":[{"embeddable":true,"href":"https:\/\/www.regioncuatronoticias.com\/index.php\/wp-json\/wp\/v2\/users\/1"}],"replies":[{"embeddable":true,"href":"https:\/\/www.regioncuatronoticias.com\/index.php\/wp-json\/wp\/v2\/comments?post=21195"}],"version-history":[{"count":1,"href":"https:\/\/www.regioncuatronoticias.com\/index.php\/wp-json\/wp\/v2\/posts\/21195\/revisions"}],"predecessor-version":[{"id":21197,"href":"https:\/\/www.regioncuatronoticias.com\/index.php\/wp-json\/wp\/v2\/posts\/21195\/revisions\/21197"}],"wp:featuredmedia":[{"embeddable":true,"href":"https:\/\/www.regioncuatronoticias.com\/index.php\/wp-json\/wp\/v2\/media\/21196"}],"wp:attachment":[{"href":"https:\/\/www.regioncuatronoticias.com\/index.php\/wp-json\/wp\/v2\/media?parent=21195"}],"wp:term":[{"taxonomy":"category","embeddable":true,"href":"https:\/\/www.regioncuatronoticias.com\/index.php\/wp-json\/wp\/v2\/categories?post=21195"},{"taxonomy":"post_tag","embeddable":true,"href":"https:\/\/www.regioncuatronoticias.com\/index.php\/wp-json\/wp\/v2\/tags?post=21195"}],"curies":[{"name":"wp","href":"https:\/\/api.w.org\/{rel}","templated":true}]}}