{"id":21181,"date":"2024-12-02T23:52:17","date_gmt":"2024-12-03T06:52:17","guid":{"rendered":"https:\/\/www.regioncuatronoticias.com\/?p=21181"},"modified":"2024-12-03T08:22:59","modified_gmt":"2024-12-03T15:22:59","slug":"ninos-de-sinaloa-viven-terror-por-balacera-cerca-de-su-escuela","status":"publish","type":"post","link":"https:\/\/www.regioncuatronoticias.com\/index.php\/2024\/12\/02\/ninos-de-sinaloa-viven-terror-por-balacera-cerca-de-su-escuela\/","title":{"rendered":"Ni\u00f1os de Sinaloa viven terror por balacera cerca de su escuela"},"content":{"rendered":"\n<p><strong>Balacera cerca de una primaria obliga a ni\u00f1os a tirarse al suelo como si estuvieran en guerra. Maestros narran el miedo que sufrieron los infantes, mientras Rocha Moya dice que la violencia no es para inmovilizarse.<\/strong><\/p>\n\n\n\n<p>Tomado de EMEEQUIS<\/p>\n\n\n\n<p>Lunes 2 de diciembre de 2024<\/p>\n\n\n\n<p>EMEEQUIS.- Poco antes de las 10 de la ma\u00f1ana sonaron los balazos a tres cuadras de la escuela primaria \u201cEduardo Caldera Ram\u00edrez\u201d,&nbsp; ubicada en la colonia Stanza Torralba en Culiac\u00e1n.<\/p>\n\n\n\n<p>De inmediato los ni\u00f1os se resguardaron en el piso como si se tratara de una guerra, con el terror que ello implica, de acuerdo con testimonios recabados por medios locales.<\/p>\n\n\n\n<p>En redes sociales circularon fotos de un aula con los ni\u00f1os en el suelo debajo de sus pupitres color verde mientras pasaba la balacera.<\/p>\n\n\n\n<p>El director Leonel Arenas narr\u00f3 al medio Debate: \u201cEscuchamos r\u00e1fagas, los maestros implementaron el protocolo, algunos padres vinieron por los ni\u00f1os y se los hemos estado entregando, pero los dem\u00e1s los estamos protegiendo\u201d.<\/p>\n\n\n\n<p>La maestra de sexto, Paloma Ruiz, cont\u00f3 al medio Noroeste que al escuchar los balazos le indic\u00f3 que se tiraran al suelo y mantuvieran la calma, aunque m\u00e1s de uno de ellos gritaba de miedo.<\/p>\n\n\n\n<p>Los balazos impactaron a unos metros de ah\u00ed en un lugar ambulante de venta de hamburguesas llamado Boss Burger, que afortunadamente estaba cerrado. En el lugar se encontraron casquillos de AK-47, R15 y FAL, todas ellas armas de grueso calibre y de uso exclusivo del Ej\u00e9rcito.<\/p>\n\n\n\n<p>El local de hamburguesas balaceado no estaba abierto. Foto: El Sol de Sinaloa.<\/p>\n\n\n\n<p><strong>\u00bfNO ES PARA PARALIZARSE?<\/strong><\/p>\n\n\n\n<p>En su tercer informe del viernes pasado, el gobernador Rub\u00e9n Rocha Moya reconoci\u00f3 las afectaciones por la ola de violencia que azota el estado desde el 9 de septiembre, pero pidi\u00f3 a la poblaci\u00f3n no paralizarse.<\/p>\n\n\n\n<p>\u201cEn efecto, la tenemos, no la negamos, pero no es como para inmovilizarnos, en Sinaloa tenemos un operativo que me ha ayudado mucho aqu\u00ed, las Fuerzas Armadas y los cuerpos estatales.<\/p>\n\n\n\n<p>\u201cPor fortuna seguimos teniendo dinamismo en la ciudad, no pesimismo ni miedo. Yo les digo que el miedo sigue, bueno, a veces, porque salva de algo, pero no tomen el miedo como una actitud paralizante\u201d, se\u00f1al\u00f3 Rocha Moya.<\/p>\n\n\n\n<p>Y este lunes en su conferencia semanal anunci\u00f3 un operativo decembrino. \u201cEn este momento estamos reforzando para el mes de diciembre el operativo con nuevos elementos, particularmente 300 miembros de la tropa del Ej\u00e9rcito, 200 de Fuerzas Especiales, que ya saben ustedes es donde vienen paracaidistas, y 100 m\u00e1s de la Guardia Nacional, vamos a tener 300 elementos. \u00bfEn qu\u00e9 momento se van a reagrupar? Ellos saben muy bien, los militares saben hacerlo, pero de aqu\u00ed a ma\u00f1ana estar\u00e1n reagrupados para cubrir mejor la ciudad\u201d, asegur\u00f3.<\/p>\n\n\n\n<p>@emeequis<\/p>\n\n\n\n<p><a href=\"https:\/\/m-x.com.mx\/al-dia\/ninos-de-sinaloa-viven-terror-por-balacera-cerca-de-su-escuela\">https:\/\/m-x.com.mx\/al-dia\/ninos-de-sinaloa-viven-terror-por-balacera-cerca-de-su-escuela<\/a><\/p>\n\n\n\n<p><\/p>\n","protected":false},"excerpt":{"rendered":"<p>Balacera cerca de una primaria obliga a ni\u00f1os a tirarse al suelo como si estuvieran en guerra. Maestros narran el miedo que sufrieron los infantes, mientras Rocha Moya dice que la violencia no es para inmovilizarse. Tomado de EMEEQUIS Lunes 2 de diciembre de 2024 EMEEQUIS.- Poco antes de las 10 de la ma\u00f1ana sonaron [&hellip;]<\/p>\n","protected":false},"author":1,"featured_media":21182,"comment_status":"open","ping_status":"open","sticky":false,"template":"","format":"standard","meta":{"content-type":"","footnotes":""},"categories":[3,105,113],"tags":[],"class_list":{"0":"post-21181","1":"post","2":"type-post","3":"status-publish","4":"format-standard","5":"has-post-thumbnail","7":"category-mexico","8":"category-principal","9":"category-seguridad"},"_links":{"self":[{"href":"https:\/\/www.regioncuatronoticias.com\/index.php\/wp-json\/wp\/v2\/posts\/21181","targetHints":{"allow":["GET"]}}],"collection":[{"href":"https:\/\/www.regioncuatronoticias.com\/index.php\/wp-json\/wp\/v2\/posts"}],"about":[{"href":"https:\/\/www.regioncuatronoticias.com\/index.php\/wp-json\/wp\/v2\/types\/post"}],"author":[{"embeddable":true,"href":"https:\/\/www.regioncuatronoticias.com\/index.php\/wp-json\/wp\/v2\/users\/1"}],"replies":[{"embeddable":true,"href":"https:\/\/www.regioncuatronoticias.com\/index.php\/wp-json\/wp\/v2\/comments?post=21181"}],"version-history":[{"count":2,"href":"https:\/\/www.regioncuatronoticias.com\/index.php\/wp-json\/wp\/v2\/posts\/21181\/revisions"}],"predecessor-version":[{"id":21185,"href":"https:\/\/www.regioncuatronoticias.com\/index.php\/wp-json\/wp\/v2\/posts\/21181\/revisions\/21185"}],"wp:featuredmedia":[{"embeddable":true,"href":"https:\/\/www.regioncuatronoticias.com\/index.php\/wp-json\/wp\/v2\/media\/21182"}],"wp:attachment":[{"href":"https:\/\/www.regioncuatronoticias.com\/index.php\/wp-json\/wp\/v2\/media?parent=21181"}],"wp:term":[{"taxonomy":"category","embeddable":true,"href":"https:\/\/www.regioncuatronoticias.com\/index.php\/wp-json\/wp\/v2\/categories?post=21181"},{"taxonomy":"post_tag","embeddable":true,"href":"https:\/\/www.regioncuatronoticias.com\/index.php\/wp-json\/wp\/v2\/tags?post=21181"}],"curies":[{"name":"wp","href":"https:\/\/api.w.org\/{rel}","templated":true}]}}