{"id":21157,"date":"2024-12-02T21:50:57","date_gmt":"2024-12-03T04:50:57","guid":{"rendered":"https:\/\/www.regioncuatronoticias.com\/?p=21157"},"modified":"2024-12-02T21:50:59","modified_gmt":"2024-12-03T04:50:59","slug":"detiene-la-interpol-a-irving-gael-amigo-de-jonathan-acusado-de-secuestro","status":"publish","type":"post","link":"https:\/\/www.regioncuatronoticias.com\/index.php\/2024\/12\/02\/detiene-la-interpol-a-irving-gael-amigo-de-jonathan-acusado-de-secuestro\/","title":{"rendered":"Detiene la Interpol a Irving Gael amigo de Jonathan, acusado de secuestro"},"content":{"rendered":"\n<p><strong>El menor fue aprehendido en el Aeropuerto Internacional de la Ciudad de M\u00e9xico<\/strong><\/p>\n\n\n\n<p>Tomado de Dossier Pol\u00edtico<\/p>\n\n\n\n<p>Santiago Garc\u00eda C.<\/p>\n\n\n\n<p>Lunes 2 de diciembre de 2024<\/p>\n\n\n\n<p>Hermosillo, Sonora.- La Fiscal\u00eda General de Justicia de Sonora, inform\u00f3 la aprehensi\u00f3n de Irvin Gael N, el menor de edad que fue reportado como desaparecido junto a Jonathan el pasado 19 de noviembre y fue localizado la noche del d\u00eda 20.<\/p>\n\n\n\n<p>Irving Gael, de 16 a\u00f1os de edad, fue detenido por la Interpol y la Secretar\u00eda de Seguridad y Participaci\u00f3n Ciudadana (SSPC), en el Aeropuerto Internacional de la Ciudad de M\u00e9xico, por los delitos de secuestro agravado y asociaci\u00f3n delictuosa en perjuicio de una persona de identidad reservada, cometidos en Hermosillo, Sonora el pasado mes de noviembre.<\/p>\n\n\n\n<p>Tras su detenci\u00f3n en el centro del pa\u00eds, fue trasladado a la Ciudad de Hermosillo y puesto a disposici\u00f3n de la autoridad judicial competente en materia de menores, para la celebraci\u00f3n de la audiencia inicial, en la cual se impuso la medida cautelar de internamiento en el Instituto de Tratamiento y de Aplicaci\u00f3n de Medidas para Adolescentes (ITAMA), a la espera de que se resuelva su vinculaci\u00f3n a proceso.<\/p>\n\n\n\n<p>Irving, de acuerdo a informaci\u00f3n proporcionada el d\u00eda de su desaparici\u00f3n, es un deportista campe\u00f3n nacional de boliche y ten\u00eda en ese entonces pendiente un viaje al pa\u00eds de Costa el d\u00eda 24 de noviembre para participar y representar a M\u00e9xico en el Campeonato Centroamericano Juvenil de Boliche.<\/p>\n\n\n\n<p><a href=\"https:\/\/dossierpolitico.com\/2024\/12\/03\/detiene-la-interpol-a-irving-gael-amigo-de-jonathan-acusado-de-secuestro\/\">https:\/\/dossierpolitico.com\/2024\/12\/03\/detiene-la-interpol-a-irving-gael-amigo-de-jonathan-acusado-de-secuestro\/<\/a><\/p>\n","protected":false},"excerpt":{"rendered":"<p>El menor fue aprehendido en el Aeropuerto Internacional de la Ciudad de M\u00e9xico Tomado de Dossier Pol\u00edtico Santiago Garc\u00eda C. Lunes 2 de diciembre de 2024 Hermosillo, Sonora.- La Fiscal\u00eda General de Justicia de Sonora, inform\u00f3 la aprehensi\u00f3n de Irvin Gael N, el menor de edad que fue reportado como desaparecido junto a Jonathan el [&hellip;]<\/p>\n","protected":false},"author":1,"featured_media":21158,"comment_status":"open","ping_status":"open","sticky":false,"template":"","format":"standard","meta":{"content-type":"","footnotes":""},"categories":[105,113,9],"tags":[],"class_list":{"0":"post-21157","1":"post","2":"type-post","3":"status-publish","4":"format-standard","5":"has-post-thumbnail","7":"category-principal","8":"category-seguridad","9":"category-sonora"},"_links":{"self":[{"href":"https:\/\/www.regioncuatronoticias.com\/index.php\/wp-json\/wp\/v2\/posts\/21157","targetHints":{"allow":["GET"]}}],"collection":[{"href":"https:\/\/www.regioncuatronoticias.com\/index.php\/wp-json\/wp\/v2\/posts"}],"about":[{"href":"https:\/\/www.regioncuatronoticias.com\/index.php\/wp-json\/wp\/v2\/types\/post"}],"author":[{"embeddable":true,"href":"https:\/\/www.regioncuatronoticias.com\/index.php\/wp-json\/wp\/v2\/users\/1"}],"replies":[{"embeddable":true,"href":"https:\/\/www.regioncuatronoticias.com\/index.php\/wp-json\/wp\/v2\/comments?post=21157"}],"version-history":[{"count":1,"href":"https:\/\/www.regioncuatronoticias.com\/index.php\/wp-json\/wp\/v2\/posts\/21157\/revisions"}],"predecessor-version":[{"id":21159,"href":"https:\/\/www.regioncuatronoticias.com\/index.php\/wp-json\/wp\/v2\/posts\/21157\/revisions\/21159"}],"wp:featuredmedia":[{"embeddable":true,"href":"https:\/\/www.regioncuatronoticias.com\/index.php\/wp-json\/wp\/v2\/media\/21158"}],"wp:attachment":[{"href":"https:\/\/www.regioncuatronoticias.com\/index.php\/wp-json\/wp\/v2\/media?parent=21157"}],"wp:term":[{"taxonomy":"category","embeddable":true,"href":"https:\/\/www.regioncuatronoticias.com\/index.php\/wp-json\/wp\/v2\/categories?post=21157"},{"taxonomy":"post_tag","embeddable":true,"href":"https:\/\/www.regioncuatronoticias.com\/index.php\/wp-json\/wp\/v2\/tags?post=21157"}],"curies":[{"name":"wp","href":"https:\/\/api.w.org\/{rel}","templated":true}]}}