{"id":20849,"date":"2024-11-25T20:24:10","date_gmt":"2024-11-26T03:24:10","guid":{"rendered":"https:\/\/www.regioncuatronoticias.com\/?p=20849"},"modified":"2024-11-25T20:24:14","modified_gmt":"2024-11-26T03:24:14","slug":"niego-cualquier-encuentro-de-autoridad-alguna-con-delincuentes-gobernador-rocha-moya","status":"publish","type":"post","link":"https:\/\/www.regioncuatronoticias.com\/index.php\/2024\/11\/25\/niego-cualquier-encuentro-de-autoridad-alguna-con-delincuentes-gobernador-rocha-moya\/","title":{"rendered":"\u201cNiego cualquier encuentro de autoridad alguna con delincuentes\u201d: gobernador Rocha Moya"},"content":{"rendered":"\n<p>L\u00f3pez-D\u00f3riga Digital<\/p>\n\n\n\n<p>Redacci\u00f3n<\/p>\n\n\n\n<p>Lunes 25 de noviembre de 2024<\/p>\n\n\n\n<p>Rub\u00e9n Rocha Moya, gobernador de Sinaloa, asegur\u00f3 este lunes que hubo un \u201cmal enfoque\u201d de sus declaraciones sobre \u201cencuentros\u201d de grupos criminales con autoridades.<\/p>\n\n\n\n<p>En entrevista con Joaqu\u00edn L\u00f3pez-D\u00f3riga para Radio F\u00f3rmula, el mandatario estatal expuso que en sus declaraciones se refer\u00eda a \u201cconfrontaciones\u201c armadas entre los propios grupos criminales y entre las autoridades y el crimen organizado.<\/p>\n\n\n\n<p>\u00bfA qu\u00e9 me refiero?, a las confrontaciones. Se han reducido las confrontaciones entre grupos de civiles con civiles, y de grupos de civiles contra el gobierno. Lamentablemente, confrontaciones armadas, violentas. Eso es lo que aclar\u00e9 de por qu\u00e9 nosotros valoramos que baja un poco la intensidad de la violencia\u201d, explic\u00f3 Rocha Moya.<\/p>\n\n\n\n<p>\u201cTajantemente niego cualquier encuentro de autoridad alguna, de ninguno de los tres niveles de gobierno, con delincuentes\u201d, sentenci\u00f3.<\/p>\n\n\n\n<p>Rub\u00e9n Rocha Moya rechaz\u00f3 haber tenido contacto alguna vez con el narcotraficante Ismael \u2018El Mayo\u2018 Zambada.<\/p>\n\n\n\n<p>\u2013Joaqu\u00edn: Le pregunto por lo siguiente, porque \u00e9l pareci\u00f3 muy confortable y en confianza con usted cuando acept\u00f3 ir a esta reuni\u00f3n con usted para resolver el conflicto que ten\u00eda con (H\u00e9ctor Melesio) Cu\u00e9n y el hijo del \u2018Chapo\u2019 Guzm\u00e1n all\u00e1 en Culiac\u00e1n el jueves 25 de julio.<\/p>\n\n\n\n<p>\u2013Rub\u00e9n Rocha: Esa versi\u00f3n tampoco ha existido jam\u00e1s. Eso de que yo acept\u00e9 ir a un encuentro entre estos personajes, ni enterado, ni invitado por ninguna v\u00eda. Mucho menos haber estado. Ni estuve, ni fui invitado a esa reuni\u00f3n, para nada. No existe ning\u00fan papel, llamada, comunicado, de que alguien me haya invitado, enterado de esa reuni\u00f3n. Terminantemente, nada supe de ella.<\/p>\n\n\n\n<p><a href=\"https:\/\/lopezdoriga.com\/internacional\/helene-huracan-mas-destructivo-temporada-atlantica\/\">https:\/\/lopezdoriga.com\/internacional\/helene-huracan-mas-destructivo-temporada-atlantica\/<\/a><\/p>\n","protected":false},"excerpt":{"rendered":"<p>L\u00f3pez-D\u00f3riga Digital Redacci\u00f3n Lunes 25 de noviembre de 2024 Rub\u00e9n Rocha Moya, gobernador de Sinaloa, asegur\u00f3 este lunes que hubo un \u201cmal enfoque\u201d de sus declaraciones sobre \u201cencuentros\u201d de grupos criminales con autoridades. En entrevista con Joaqu\u00edn L\u00f3pez-D\u00f3riga para Radio F\u00f3rmula, el mandatario estatal expuso que en sus declaraciones se refer\u00eda a \u201cconfrontaciones\u201c armadas entre [&hellip;]<\/p>\n","protected":false},"author":1,"featured_media":20850,"comment_status":"open","ping_status":"open","sticky":false,"template":"","format":"standard","meta":{"content-type":"","footnotes":""},"categories":[3,105,113],"tags":[],"class_list":{"0":"post-20849","1":"post","2":"type-post","3":"status-publish","4":"format-standard","5":"has-post-thumbnail","7":"category-mexico","8":"category-principal","9":"category-seguridad"},"_links":{"self":[{"href":"https:\/\/www.regioncuatronoticias.com\/index.php\/wp-json\/wp\/v2\/posts\/20849","targetHints":{"allow":["GET"]}}],"collection":[{"href":"https:\/\/www.regioncuatronoticias.com\/index.php\/wp-json\/wp\/v2\/posts"}],"about":[{"href":"https:\/\/www.regioncuatronoticias.com\/index.php\/wp-json\/wp\/v2\/types\/post"}],"author":[{"embeddable":true,"href":"https:\/\/www.regioncuatronoticias.com\/index.php\/wp-json\/wp\/v2\/users\/1"}],"replies":[{"embeddable":true,"href":"https:\/\/www.regioncuatronoticias.com\/index.php\/wp-json\/wp\/v2\/comments?post=20849"}],"version-history":[{"count":1,"href":"https:\/\/www.regioncuatronoticias.com\/index.php\/wp-json\/wp\/v2\/posts\/20849\/revisions"}],"predecessor-version":[{"id":20851,"href":"https:\/\/www.regioncuatronoticias.com\/index.php\/wp-json\/wp\/v2\/posts\/20849\/revisions\/20851"}],"wp:featuredmedia":[{"embeddable":true,"href":"https:\/\/www.regioncuatronoticias.com\/index.php\/wp-json\/wp\/v2\/media\/20850"}],"wp:attachment":[{"href":"https:\/\/www.regioncuatronoticias.com\/index.php\/wp-json\/wp\/v2\/media?parent=20849"}],"wp:term":[{"taxonomy":"category","embeddable":true,"href":"https:\/\/www.regioncuatronoticias.com\/index.php\/wp-json\/wp\/v2\/categories?post=20849"},{"taxonomy":"post_tag","embeddable":true,"href":"https:\/\/www.regioncuatronoticias.com\/index.php\/wp-json\/wp\/v2\/tags?post=20849"}],"curies":[{"name":"wp","href":"https:\/\/api.w.org\/{rel}","templated":true}]}}