{"id":20620,"date":"2024-11-19T23:13:49","date_gmt":"2024-11-20T06:13:49","guid":{"rendered":"https:\/\/www.regioncuatronoticias.com\/?p=20620"},"modified":"2024-11-20T10:23:13","modified_gmt":"2024-11-20T17:23:13","slug":"ocho-de-cada-10-pesos-del-presupuesto-2025-ya-estan-comprometidos-ciep","status":"publish","type":"post","link":"https:\/\/www.regioncuatronoticias.com\/index.php\/2024\/11\/19\/ocho-de-cada-10-pesos-del-presupuesto-2025-ya-estan-comprometidos-ciep\/","title":{"rendered":"Ya est\u00e1n comprometidos 8 de cada 10 pesos del Presupuesto 2025: CIEP"},"content":{"rendered":"\n<p><strong>Desde el 2015, el espacio fiscal se ha venido reduciendo debido en gran parte a que el gobierno decide recortar el gasto en distintos rubros, en lugar de realizar una reforma fiscal integral que incremente los ingresos.<\/strong><\/p>\n\n\n\n<p><strong>Tomado de El Economista:<\/strong><\/p>\n\n\n\n<p><strong>Sebasti\u00e1n D\u00edaz Mora, Bel\u00e9n Sald\u00edvar<\/strong><\/p>\n\n\n\n<p><strong>Martes 19 de noviembre de 2024<\/strong><\/p>\n\n\n\n<p>Para su primer a\u00f1o de gobierno, Claudia Sheinbaum solicit\u00f3 al Congreso de la Uni\u00f3n un techo de endeudamiento de 1.5 billones de pesos, de acuerdo con la Iniciativa de Ley de Ingresos de la Federaci\u00f3n (ILIF) contenida en el Paquete Econ\u00f3mico 2025, entregado este viernes por la Secretar\u00eda de Hacienda y Cr\u00e9dito P\u00fablico (SHCP).&nbsp;<\/p>\n\n\n\n<p>De los 9.2 billones de pesos de gasto neto total propuesto en el Paquete Econ\u00f3mico 2025, 80.5 % se encuentra comprometido en rubros como pensiones, costo de la deuda y participaciones a estados y municipios, por lo que \u201cno existe espacio fiscal para realizar pol\u00edticas p\u00fablicas innovadoras que generen desarrollo y crecimiento\u201d, de acuerdo con un an\u00e1lisis del Centro de Investigaci\u00f3n Econ\u00f3mica y Presupuestaria (CIEP).<\/p>\n\n\n\n<p>Durante una conferencia de prensa en la que se present\u00f3 el documento \u201cImplicaciones del Paquete Econ\u00f3mico 2025\u201d, elaborado por el CIEP, Alejandra Mac\u00edas, directora ejecutiva de la organizaci\u00f3n, explic\u00f3 que el espacio fiscal es el resultado de restar los gastos comprometidos del gobierno federal a todos los ingresos presupuestarios.<\/p>\n\n\n\n<p>\u201cEl resultado de la resta es el espacio que tenemos para generar nueva pol\u00edtica (p\u00fablica), para poder financiar todas las promesas que est\u00e1 haciendo la Presidenta y para poder redistribuir y generar cambios importantes en la sociedad\u201d.<\/p>\n\n\n\n<p>Seg\u00fan el an\u00e1lisis del CIEP, a partir de lo que se plantea en el Paquete Econ\u00f3mico 2025, el espacio fiscal para el pr\u00f3ximo a\u00f1o ser\u00eda de 1.7% del PIB, 0.7 puntos porcentuales m\u00e1s respecto del 2024, pero muy por debajo de los niveles que se requieren para financiar nuevos programas y pol\u00edticas que generen bienestar y atiendan desigualdades.<\/p>\n\n\n\n<p>\u201cSeguimos teniendo un espacio fiscal muy ajustado para poder generar bienestar, sobre todo para atender desigualdades, que ese es el objetivo que nos plante\u00f3 el secretario de Hacienda y Cr\u00e9dito P\u00fablico\u201d, dijo la directora ejecutiva del CIEP.<\/p>\n\n\n\n<p>Mac\u00edas puntualiz\u00f3 que el incremento del espacio fiscal en el 2025 respecto al presente a\u00f1o se debe a una mayor centralizaci\u00f3n de los recursos de las entidades federativas y municipios, as\u00ed como a los recortes que habr\u00e1 el pr\u00f3ximo a\u00f1o en las transferencias del gobierno a Petr\u00f3leos Mexicanos (Pemex) y la Comisi\u00f3n Federal de Electricidad (CFE).<\/p>\n\n\n\n<p>Resalt\u00f3 que desde el 2015, el espacio fiscal se ha venido reduciendo debido a que el gobierno decide recortar el gasto en distintos rubros, en lugar de realizar una reforma fiscal integral que incremente los ingresos p\u00fablicos.<\/p>\n\n\n\n<p>\u201cSab\u00edamos que en el 2025 \u00edbamos a tener que sacrificar algo, si no era por una reforma fiscal, eran recortes al gasto y nos fuimos por la segunda opci\u00f3n y eso nos mete en problemas de desigualdad actual, intergeneracional\u201d, declar\u00f3 Mac\u00edas.<\/p>\n\n\n\n<p>Algunos de los sectores prioritarios a los que m\u00e1s se les recortar\u00e1 el gasto en el 2025, son: Inversi\u00f3n, con un recorte de 14% en t\u00e9rminos reales; Salud, con un recorte de 11.2%; Educaci\u00f3n, con 1.2% menos gasto, as\u00ed como Medio Ambiente, con 39.4% menos.<\/p>\n\n\n\n<p><strong>Incremento de derechos<\/strong><\/p>\n\n\n\n<p>Si bien el incremento que propone el gobierno federal en el Paquete Econ\u00f3mico 2025 al cobro de derechos de algunas actividades como la miner\u00eda subir\u00e1 los ingresos, la realidad es que estas actualizaciones no constituyen una \u201creforma fiscal integral\u201d como la que se necesita.<\/p>\n\n\n\n<p><a href=\"https:\/\/www.eleconomista.com.mx\/economia\/ocho-10-pesos-presupuesto-2025-comprometidos-ciep-20241119-734931.html\">https:\/\/www.eleconomista.com.mx\/economia\/ocho-10-pesos-presupuesto-2025-comprometidos-ciep-20241119-734931.html<\/a><\/p>\n","protected":false},"excerpt":{"rendered":"<p>Desde el 2015, el espacio fiscal se ha venido reduciendo debido en gran parte a que el gobierno decide recortar el gasto en distintos rubros, en lugar de realizar una reforma fiscal integral que incremente los ingresos. Tomado de El Economista: Sebasti\u00e1n D\u00edaz Mora, Bel\u00e9n Sald\u00edvar Martes 19 de noviembre de 2024 Para su primer [&hellip;]<\/p>\n","protected":false},"author":1,"featured_media":20621,"comment_status":"open","ping_status":"open","sticky":false,"template":"","format":"standard","meta":{"content-type":"","footnotes":""},"categories":[114,3,105],"tags":[],"class_list":{"0":"post-20620","1":"post","2":"type-post","3":"status-publish","4":"format-standard","5":"has-post-thumbnail","7":"category-economia","8":"category-mexico","9":"category-principal"},"_links":{"self":[{"href":"https:\/\/www.regioncuatronoticias.com\/index.php\/wp-json\/wp\/v2\/posts\/20620","targetHints":{"allow":["GET"]}}],"collection":[{"href":"https:\/\/www.regioncuatronoticias.com\/index.php\/wp-json\/wp\/v2\/posts"}],"about":[{"href":"https:\/\/www.regioncuatronoticias.com\/index.php\/wp-json\/wp\/v2\/types\/post"}],"author":[{"embeddable":true,"href":"https:\/\/www.regioncuatronoticias.com\/index.php\/wp-json\/wp\/v2\/users\/1"}],"replies":[{"embeddable":true,"href":"https:\/\/www.regioncuatronoticias.com\/index.php\/wp-json\/wp\/v2\/comments?post=20620"}],"version-history":[{"count":2,"href":"https:\/\/www.regioncuatronoticias.com\/index.php\/wp-json\/wp\/v2\/posts\/20620\/revisions"}],"predecessor-version":[{"id":20632,"href":"https:\/\/www.regioncuatronoticias.com\/index.php\/wp-json\/wp\/v2\/posts\/20620\/revisions\/20632"}],"wp:featuredmedia":[{"embeddable":true,"href":"https:\/\/www.regioncuatronoticias.com\/index.php\/wp-json\/wp\/v2\/media\/20621"}],"wp:attachment":[{"href":"https:\/\/www.regioncuatronoticias.com\/index.php\/wp-json\/wp\/v2\/media?parent=20620"}],"wp:term":[{"taxonomy":"category","embeddable":true,"href":"https:\/\/www.regioncuatronoticias.com\/index.php\/wp-json\/wp\/v2\/categories?post=20620"},{"taxonomy":"post_tag","embeddable":true,"href":"https:\/\/www.regioncuatronoticias.com\/index.php\/wp-json\/wp\/v2\/tags?post=20620"}],"curies":[{"name":"wp","href":"https:\/\/api.w.org\/{rel}","templated":true}]}}