{"id":20595,"date":"2024-11-19T21:52:28","date_gmt":"2024-11-20T04:52:28","guid":{"rendered":"https:\/\/www.regioncuatronoticias.com\/?p=20595"},"modified":"2024-11-19T21:52:30","modified_gmt":"2024-11-20T04:52:30","slug":"enrique-alfaro-propone-iniciativa-para-que-jalisco-se-retire-del-pacto-fiscal-acusa-maltrato-presupuestal","status":"publish","type":"post","link":"https:\/\/www.regioncuatronoticias.com\/index.php\/2024\/11\/19\/enrique-alfaro-propone-iniciativa-para-que-jalisco-se-retire-del-pacto-fiscal-acusa-maltrato-presupuestal\/","title":{"rendered":"Enrique Alfaro propone iniciativa para que Jalisco se retire del Pacto Fiscal; acusa &#8220;maltrato presupuestal&#8221;"},"content":{"rendered":"\n<p><strong>El mandatario present\u00f3 un paquete de iniciativas para dar inicio al proceso legal que permitir\u00e1 que la entidad deje de participar en el Pacto Fiscal y &#8220;cambiar la perspectiva de la distribuci\u00f3n&#8221;<\/strong><\/p>\n\n\n\n<p>Tomado de Latinus<\/p>\n\n\n\n<p>Escrito en M\u00c9XICO<\/p>\n\n\n\n<p>Martes 19 de noviembre de 2024<\/p>\n\n\n\n<p>El gobernador de Jalisco, Enrique Alfaro, present\u00f3 un paquete de iniciativas ante el Congreso local para dar inicio al proceso legal que permitir\u00e1 al estado salirse del Pacto Fiscal y blindar los sistemas de salud, educaci\u00f3n y justicia alternativa.<\/p>\n\n\n\n<p>En su presentaci\u00f3n, el mandatario argument\u00f3 que Jalisco merece un trato digno en el presupuesto y que \u201ctenemos la obligaci\u00f3n moral de exigir un modelo de cooperaci\u00f3n fiscal equitativo y solidario, que respete la libertad y la soberan\u00eda de los estados y que logre una verdadera distribuci\u00f3n de la riqueza de nuestro pa\u00eds\u201d.<\/p>\n\n\n\n<p>Alfaro hizo un llamado a la presidenta Claudia Sheinbaum para que \u201cse entienda que esto que estamos haciendo no es buscar una confrontaci\u00f3n, que le estamos pidiendo que se tome en serio la necesidad de revisar el pacto fiscal de este pa\u00eds\u201d.<\/p>\n\n\n\n<p>Tribunal Electoral desecha impugnaci\u00f3n de Morena y ratifica el triunfo de Pablo Lemus como gobernador de Jalisco<\/p>\n\n\n\n<p>Puso \u00e9nfasis en que Jalisco quiere seguir ayudando a las otras entidades, pero que no puede permitir que lo sigan ignorando y maltratando presupuestalmente, de acuerdo con un comunicado de prensa.<\/p>\n\n\n\n<p>Dijo que \u201cesta no es una lucha de un partido, o de un grupo pol\u00edtico, es una lucha para defender un modelo que construimos con el esfuerzo de miles de mexicanos para hacer la Rep\u00fablica que hoy conocemos\u201d.<\/p>\n\n\n\n<p>Seg\u00fan explic\u00f3, \u201cen el convenio de Coordinaci\u00f3n Fiscal no hay una ruta ni para entrar, ni para salir. El dise\u00f1o jur\u00eddico que se hizo fue para dejar condenados a los estados a estar sometidos a la voluntad de la Federaci\u00f3n. Y nadie hizo nada al respecto&#8221;, y acus\u00f3 que quienes guardan silencio frente a ello &#8220;son c\u00f3mplices por omisi\u00f3n&#8221;.<\/p>\n\n\n\n<p>Lo que propone, seg\u00fan dijo en su presentaci\u00f3n, es &#8220;cambiar la perspectiva de la distribuci\u00f3n desde una facultad impl\u00edcita basada en convenios voluntarios a una facultad expl\u00edcita, con reglas claras, tanto para las entidades que decidan adherirse como para las que decidan no adherirse\u201d.<\/p>\n\n\n\n<p>En su presentaci\u00f3n en la sede de gobierno, Alfaro estuvo acompa\u00f1ado de legisladores estatales y federales, y al terminar de exponer, se dirigi\u00f3 al Congreso local para entregar personalmente el paquete de iniciativas en la Oficial\u00eda de Partes.<\/p>\n\n\n\n<p>En la f\u00f3rmula de distribuci\u00f3n de recursos desde la Federaci\u00f3n a los estados y municipios se consideran diversos aspectos, como la recaudaci\u00f3n, la poblaci\u00f3n y su nivel de marginaci\u00f3n, de tal modo que los estados m\u00e1s pobres del pa\u00eds se vean favorecidos con mayores ingresos proporcionalmente hablando, para as\u00ed favorecer su desarrollo.<\/p>\n\n\n\n<p>La inmensa mayor\u00eda de los recursos que la Federaci\u00f3n entrega a estados y municipios est\u00e1n etiquetados, de tal modo que sus autoridades tienen poco margen de acci\u00f3n para proyectos propios.<\/p>\n\n\n\n<p>Pablo Lemus, gobernador electo, expres\u00f3 su apoyo a la iniciativa al se\u00f1alar en su cuenta de X que \u201cla discusi\u00f3n sobre cu\u00e1nto dinero aporta Jalisco y cu\u00e1nto recibe es muy pertinente, especialmente ahora que vemos que la Federaci\u00f3n no consider\u00f3 ning\u00fan proyecto estrat\u00e9gico para nuestro estado en el Presupuesto de Egresos para 2025\u201d.<\/p>\n\n\n\n<p><a href=\"https:\/\/latinus.us\/mexico\/2024\/11\/19\/enrique-alfaro-propone-iniciativa-para-que-jalisco-se-retire-del-pacto-fiscal-acusa-maltrato-presupuestal-128738.html\">https:\/\/latinus.us\/mexico\/2024\/11\/19\/enrique-alfaro-propone-iniciativa-para-que-jalisco-se-retire-del-pacto-fiscal-acusa-maltrato-presupuestal-128738.html<\/a><\/p>\n","protected":false},"excerpt":{"rendered":"<p>El mandatario present\u00f3 un paquete de iniciativas para dar inicio al proceso legal que permitir\u00e1 que la entidad deje de participar en el Pacto Fiscal y &#8220;cambiar la perspectiva de la distribuci\u00f3n&#8221; Tomado de Latinus Escrito en M\u00c9XICO Martes 19 de noviembre de 2024 El gobernador de Jalisco, Enrique Alfaro, present\u00f3 un paquete de iniciativas [&hellip;]<\/p>\n","protected":false},"author":1,"featured_media":20596,"comment_status":"open","ping_status":"open","sticky":false,"template":"","format":"standard","meta":{"content-type":"","footnotes":""},"categories":[3,115,105],"tags":[],"class_list":{"0":"post-20595","1":"post","2":"type-post","3":"status-publish","4":"format-standard","5":"has-post-thumbnail","7":"category-mexico","8":"category-politica","9":"category-principal"},"_links":{"self":[{"href":"https:\/\/www.regioncuatronoticias.com\/index.php\/wp-json\/wp\/v2\/posts\/20595","targetHints":{"allow":["GET"]}}],"collection":[{"href":"https:\/\/www.regioncuatronoticias.com\/index.php\/wp-json\/wp\/v2\/posts"}],"about":[{"href":"https:\/\/www.regioncuatronoticias.com\/index.php\/wp-json\/wp\/v2\/types\/post"}],"author":[{"embeddable":true,"href":"https:\/\/www.regioncuatronoticias.com\/index.php\/wp-json\/wp\/v2\/users\/1"}],"replies":[{"embeddable":true,"href":"https:\/\/www.regioncuatronoticias.com\/index.php\/wp-json\/wp\/v2\/comments?post=20595"}],"version-history":[{"count":1,"href":"https:\/\/www.regioncuatronoticias.com\/index.php\/wp-json\/wp\/v2\/posts\/20595\/revisions"}],"predecessor-version":[{"id":20597,"href":"https:\/\/www.regioncuatronoticias.com\/index.php\/wp-json\/wp\/v2\/posts\/20595\/revisions\/20597"}],"wp:featuredmedia":[{"embeddable":true,"href":"https:\/\/www.regioncuatronoticias.com\/index.php\/wp-json\/wp\/v2\/media\/20596"}],"wp:attachment":[{"href":"https:\/\/www.regioncuatronoticias.com\/index.php\/wp-json\/wp\/v2\/media?parent=20595"}],"wp:term":[{"taxonomy":"category","embeddable":true,"href":"https:\/\/www.regioncuatronoticias.com\/index.php\/wp-json\/wp\/v2\/categories?post=20595"},{"taxonomy":"post_tag","embeddable":true,"href":"https:\/\/www.regioncuatronoticias.com\/index.php\/wp-json\/wp\/v2\/tags?post=20595"}],"curies":[{"name":"wp","href":"https:\/\/api.w.org\/{rel}","templated":true}]}}