{"id":20559,"date":"2024-11-18T23:53:11","date_gmt":"2024-11-19T06:53:11","guid":{"rendered":"https:\/\/www.regioncuatronoticias.com\/?p=20559"},"modified":"2024-11-18T23:53:16","modified_gmt":"2024-11-19T06:53:16","slug":"en-la-cumbre-del-g20-sheinbaum-destaca-la-reforma-judicial-recien-aprobada-en-mexico","status":"publish","type":"post","link":"https:\/\/www.regioncuatronoticias.com\/index.php\/2024\/11\/18\/en-la-cumbre-del-g20-sheinbaum-destaca-la-reforma-judicial-recien-aprobada-en-mexico\/","title":{"rendered":"En la Cumbre del G20, Sheinbaum destaca la reforma judicial reci\u00e9n aprobada en M\u00e9xico"},"content":{"rendered":"\n<p><strong>Sheinbaum llam\u00f3 a construir una paz duradera y evitar la discriminaci\u00f3n, as\u00ed como alcanzar el progreso sustentable con justicia, adem\u00e1s consider\u00f3 que se vive un desaf\u00edo en torno al medio ambiente, la justicia social y la construcci\u00f3n de la paz.<\/strong><\/p>\n\n\n\n<p>Tomado de Proceso<\/p>\n\n\n\n<p>Por Dalila Escobar<\/p>\n\n\n\n<p>Lunes 18 de noviembre de 2024<\/p>\n\n\n\n<p>CIUDAD DE M\u00c9XICO (apro).- Para abordar los temas de igualdad, democracia y justicia, la presidenta Claudia Sheinbaum destac\u00f3 en la Cumbre del G20 la reforma judicial reci\u00e9n aprobada en M\u00e9xico, la cual contempla la elecci\u00f3n popular de jueces, magistrados y ministros en el 2025.<\/p>\n\n\n\n<p>&#8220;La primera (reforma), la elecci\u00f3n por voto popular de las y los representantes del poder judicial, desde las y los jueces hasta la Suprema Corte de Justicia de la Naci\u00f3n (SCJN); elecci\u00f3n que se llevar\u00e1 a cabo el pr\u00f3ximo a\u00f1o\u201d, declar\u00f3 la presidenta.<\/p>\n\n\n\n<p>Durante la segunda sesi\u00f3n de trabajo \u201cReforma de las instituciones de gobernanza global\u201d, en Brasil, la mandataria destac\u00f3 dos reformas m\u00e1s.&nbsp;<\/p>\n\n\n\n<p>\u201cEn mi pa\u00eds, el pueblo de M\u00e9xico ha decidido llevar inclusi\u00f3n, igualdad, democracia y justicia a \u00e1mbitos que no imagin\u00e1bamos&#8221;, dijo.<\/p>\n\n\n\n<p>&nbsp;Adem\u00e1s de la Judicial, la jefa del Ejecutivo mexicano resalt\u00f3 la reforma constitucional para reconocer la igualdad sustantiva de las mujeres y el reconocimiento de todos los derechos, incluida una vida libre de violencia, la desaparici\u00f3n de la brecha salarial y la paridad en todos los \u00e1mbitos de la vida pol\u00edtica.<\/p>\n\n\n\n<p>En tercer lugar, las modificaciones en materia de reconocimiento pleno como sujetos de derecho a los pueblos y comunidades ind\u00edgenas, y afromexicanos.<\/p>\n\n\n\n<p>\u201cDesde nuestra perspectiva, es mejor promover la inclusi\u00f3n y la democracia en todos los \u00e1mbitos de la vida p\u00fablica. Eso s\u00ed es libertad.<\/p>\n\n\n\n<p>\u201cLa democracia, dec\u00eda Abraham Lincoln: \u2018Es el poder del pueblo, por el pueblo y para el pueblo\u2019; o nuestro \u2018Benem\u00e9rito de las Am\u00e9ricas\u2019, Benito Ju\u00e1rez Garc\u00eda, dec\u00eda: \u2018Todo por la raz\u00f3n y el derecho, nada por la fuerza\u2019, y tambi\u00e9n \u2018con los pueblos todo, sin los pueblos nada\u2019\u201d.<\/p>\n\n\n\n<p>Sheinbaum llam\u00f3 a construir una paz duradera y evitar la discriminaci\u00f3n, as\u00ed como alcanzar el progreso sustentable con justicia, adem\u00e1s consider\u00f3 que se vive un desaf\u00edo en torno al medio ambiente, la justicia social y la construcci\u00f3n de la paz.<\/p>\n\n\n\n<p>\u201cEl orden internacional creado ha perdido su eficacia para ofrecer soluciones a las crisis; las guerras en Oriente Medio y en Ucrania son una muestra tangible de ello. Por ello, debemos insistir, debemos parar la econom\u00eda de la destrucci\u00f3n que no lleva a ning\u00fan lado m\u00e1s que al sufrimiento\u201d.<\/p>\n\n\n\n<p>Tambi\u00e9n se\u00f1al\u00f3 que el sistema multilateral y el respeto al derecho internacional han perdido fuerza y hay falta de respuestas profundas en el accionar de las instituciones internacionales.&nbsp;<\/p>\n\n\n\n<p>\u201cLas absurdas guerras deben detenerse, para eso sirve la pol\u00edtica; y aqu\u00ed, nos sentamos para hacer pol\u00edtica, para construir la paz y proteger a los desprotegidos, a los que sufren\u201d.<\/p>\n\n\n\n<p>Reproch\u00f3 que se asocie la libertad al mercado. \u201c\u00bfCu\u00e1l libertad? \u00bfLa libertad para morir de hambre? Eso no es libertad, es olvido, es deshumanizaci\u00f3n. No todo es mercanc\u00eda, los pueblos tienen derechos\u201d.<\/p>\n\n\n\n<p>El G20 tiene la capacidad, afirm\u00f3, de avanzar a una reforma de la gobernanza global representativa, inclusiva y transparente, eficiente, democr\u00e1tica, eficaz y responsable.<\/p>\n\n\n\n<p>Record\u00f3 que en el sexenio anterior se present\u00f3 una propuesta de perspectiva, compartida por otros pa\u00edses, sobre la reforma del Consejo de Seguridad de las Naciones Unidas.<\/p>\n\n\n\n<p>Con el objetivo de \u201campliar el n\u00famero de asientos a regiones que han estado representadas como \u00c1frica, Am\u00e9rica Latina y El Caribe, y los peque\u00f1os Estados Insulares\u201d, y de esa manera atender la inclusi\u00f3n, \u201cel reconocimiento de naciones como iguales y una verdadera posibilidad de alcanzar soluciones para la paz\u201d.<\/p>\n\n\n\n<p>\u201cMe atrever\u00eda a decir: corresponde a una visi\u00f3n m\u00e1s democr\u00e1tica del mundo. Democracia, inclusi\u00f3n, libertad y justicia gu\u00edan esta propuesta\u201d, agreg\u00f3.<\/p>\n\n\n\n<p><a href=\"https:\/\/www.proceso.com.mx\/nacional\/2024\/11\/18\/en-la-cumbre-del-g20-sheinbaum-destaca-la-reforma-judicial-recien-aprobada-en-mexico-340589.html\">https:\/\/www.proceso.com.mx\/nacional\/2024\/11\/18\/en-la-cumbre-del-g20-sheinbaum-destaca-la-reforma-judicial-recien-aprobada-en-mexico-340589.html<\/a><\/p>\n","protected":false},"excerpt":{"rendered":"<p>Sheinbaum llam\u00f3 a construir una paz duradera y evitar la discriminaci\u00f3n, as\u00ed como alcanzar el progreso sustentable con justicia, adem\u00e1s consider\u00f3 que se vive un desaf\u00edo en torno al medio ambiente, la justicia social y la construcci\u00f3n de la paz. Tomado de Proceso Por Dalila Escobar Lunes 18 de noviembre de 2024 CIUDAD DE M\u00c9XICO [&hellip;]<\/p>\n","protected":false},"author":1,"featured_media":20560,"comment_status":"open","ping_status":"open","sticky":false,"template":"","format":"standard","meta":{"content-type":"","footnotes":""},"categories":[7,115,105],"tags":[],"class_list":{"0":"post-20559","1":"post","2":"type-post","3":"status-publish","4":"format-standard","5":"has-post-thumbnail","7":"category-internacional","8":"category-politica","9":"category-principal"},"_links":{"self":[{"href":"https:\/\/www.regioncuatronoticias.com\/index.php\/wp-json\/wp\/v2\/posts\/20559","targetHints":{"allow":["GET"]}}],"collection":[{"href":"https:\/\/www.regioncuatronoticias.com\/index.php\/wp-json\/wp\/v2\/posts"}],"about":[{"href":"https:\/\/www.regioncuatronoticias.com\/index.php\/wp-json\/wp\/v2\/types\/post"}],"author":[{"embeddable":true,"href":"https:\/\/www.regioncuatronoticias.com\/index.php\/wp-json\/wp\/v2\/users\/1"}],"replies":[{"embeddable":true,"href":"https:\/\/www.regioncuatronoticias.com\/index.php\/wp-json\/wp\/v2\/comments?post=20559"}],"version-history":[{"count":1,"href":"https:\/\/www.regioncuatronoticias.com\/index.php\/wp-json\/wp\/v2\/posts\/20559\/revisions"}],"predecessor-version":[{"id":20561,"href":"https:\/\/www.regioncuatronoticias.com\/index.php\/wp-json\/wp\/v2\/posts\/20559\/revisions\/20561"}],"wp:featuredmedia":[{"embeddable":true,"href":"https:\/\/www.regioncuatronoticias.com\/index.php\/wp-json\/wp\/v2\/media\/20560"}],"wp:attachment":[{"href":"https:\/\/www.regioncuatronoticias.com\/index.php\/wp-json\/wp\/v2\/media?parent=20559"}],"wp:term":[{"taxonomy":"category","embeddable":true,"href":"https:\/\/www.regioncuatronoticias.com\/index.php\/wp-json\/wp\/v2\/categories?post=20559"},{"taxonomy":"post_tag","embeddable":true,"href":"https:\/\/www.regioncuatronoticias.com\/index.php\/wp-json\/wp\/v2\/tags?post=20559"}],"curies":[{"name":"wp","href":"https:\/\/api.w.org\/{rel}","templated":true}]}}