{"id":20556,"date":"2024-11-18T23:41:17","date_gmt":"2024-11-19T06:41:17","guid":{"rendered":"https:\/\/www.regioncuatronoticias.com\/?p=20556"},"modified":"2024-11-18T23:41:20","modified_gmt":"2024-11-19T06:41:20","slug":"sheinbaum-y-biden-se-reunen-en-el-g20-y-hablan-de-seguridad-y-migracion","status":"publish","type":"post","link":"https:\/\/www.regioncuatronoticias.com\/index.php\/2024\/11\/18\/sheinbaum-y-biden-se-reunen-en-el-g20-y-hablan-de-seguridad-y-migracion\/","title":{"rendered":"Sheinbaum y Biden se re\u00fanen en el G20 y hablan de seguridad y migraci\u00f3n"},"content":{"rendered":"\n<p><strong>El presidente estadounidense, Joe Biden, y su hom\u00f3loga Claudia Sheinbaum, se reunieron por primera vez desde que la mandataria de M\u00e9xico asumi\u00f3 su cargo el pasado 1 de octubre<\/strong><\/p>\n\n\n\n<p>Tomado de Aristegui Noticias<\/p>\n\n\n\n<p>Redacci\u00f3n AN \/ JOF<\/p>\n\n\n\n<p>Lunes 18 de noviembre de 2024<\/p>\n\n\n\n<p>El presidente estadounidense, Joe Biden, y su hom\u00f3loga mexicana, Claudia Sheinbaum, se reunieron por primera vez para hablar del fortalecimiento de la relaci\u00f3n bilateral, migraci\u00f3n, seguridad y asuntos econ\u00f3micos de importancia para ambos vecinos, inform\u00f3 la Casa Blanca.<\/p>\n\n\n\n<p>Biden y Sheinbaum, que asumi\u00f3 la presidencia el pasado 1 de octubre, se encontraron por primera vez en persona en los m\u00e1rgenes de la cumbre de l\u00edderes del G20 de R\u00edo de Janeiro.<\/p>\n\n\n\n<p>\u201cEl presidente Biden expres\u00f3 sus felicitaciones por su reciente elecci\u00f3n y reafirm\u00f3 el compromiso de los Estados Unidos para construir una Norteam\u00e9rica pr\u00f3spera con trabajos bien remunerados\u201d, se\u00f1ala un comunicado emitido por ambos gobiernos.<\/p>\n\n\n\n<p>Los dos l\u00edderes subrayaron la importancia de mantener la cooperaci\u00f3n en migraci\u00f3n, seguridad, para hacer frente al azote de del crimen transnacional, y asuntos econ\u00f3micos, para construir una fuerte asociaci\u00f3n bilateral entre los Estados Unidos y M\u00e9xico.<\/p>\n\n\n\n<p>La presidenta mexicana Claudia tambi\u00e9n tuvo un encuentro con el primer ministro de Francia, Emmanuel Macron, durante la apertura de la Cumbre de jefes de Estado del G20.<\/p>\n\n\n\n<p>Tanto Biden como Sheinbaum tambi\u00e9n se reunieron con Justin Trudeau, el otro socio del Tratado entre M\u00e9xico, Estados Unidos y Canad\u00e1 (T-MEC).<\/p>\n\n\n\n<p>La presidenta mexicana destac\u00f3 la buena relaci\u00f3n entre M\u00e9xico y Canad\u00e1 en un momento en que varios pol\u00edticos canadienses han solicitado la expulsi\u00f3n de nuestro pa\u00eds del T-MEC.<\/p>\n\n\n\n<p>Por su parte, Biden y Trudeau hablaron sobre creaci\u00f3n de empleos para la clase media, combate del cambio clim\u00e1tico, inmigraci\u00f3n, de la crisis humanitaria en Hait\u00ed y fortalecimiento de la alianza de la OTAN.<\/p>\n\n\n\n<p>\u201cBiden reafirm\u00f3 el compromiso de Estados Unidos para un objetivo continental de defensa del \u00c1rtico\u201d y de la importancia de invertir en defensa, algo que responde a las presiones de Rusia en la regi\u00f3n polar y la apertura de posibles rutas por el Polo Norte debido a la crisis clim\u00e1tica.<\/p>\n\n\n\n<p>Las reuniones bilaterales de Biden con los dos vecinos norteamericanos se dan a dos meses de que el dem\u00f3crata abandone la presidencia y sea sustituido por el republicano Donald Trump a la Casa Blanca, que ha abogado por renegociar en T-MEC, e imponer aranceles a las exportaciones mexicanas y chinas, para reforzar el sector manufacturero nacional.<\/p>\n\n\n\n<p>(Con informaci\u00f3n de EFE)<\/p>\n\n\n\n<p><a href=\"https:\/\/aristeguinoticias.com\/1811\/mexico\/sheinbaum-y-biden-se-reunen-en-el-g20-y-hablan-de-seguridad-y-migracion\">https:\/\/aristeguinoticias.com\/1811\/mexico\/sheinbaum-y-biden-se-reunen-en-el-g20-y-hablan-de-seguridad-y-migracion<\/a><\/p>\n","protected":false},"excerpt":{"rendered":"<p>El presidente estadounidense, Joe Biden, y su hom\u00f3loga Claudia Sheinbaum, se reunieron por primera vez desde que la mandataria de M\u00e9xico asumi\u00f3 su cargo el pasado 1 de octubre Tomado de Aristegui Noticias Redacci\u00f3n AN \/ JOF Lunes 18 de noviembre de 2024 El presidente estadounidense, Joe Biden, y su hom\u00f3loga mexicana, Claudia Sheinbaum, se [&hellip;]<\/p>\n","protected":false},"author":1,"featured_media":20557,"comment_status":"open","ping_status":"open","sticky":false,"template":"","format":"standard","meta":{"content-type":"","footnotes":""},"categories":[7,115,105],"tags":[],"class_list":{"0":"post-20556","1":"post","2":"type-post","3":"status-publish","4":"format-standard","5":"has-post-thumbnail","7":"category-internacional","8":"category-politica","9":"category-principal"},"_links":{"self":[{"href":"https:\/\/www.regioncuatronoticias.com\/index.php\/wp-json\/wp\/v2\/posts\/20556","targetHints":{"allow":["GET"]}}],"collection":[{"href":"https:\/\/www.regioncuatronoticias.com\/index.php\/wp-json\/wp\/v2\/posts"}],"about":[{"href":"https:\/\/www.regioncuatronoticias.com\/index.php\/wp-json\/wp\/v2\/types\/post"}],"author":[{"embeddable":true,"href":"https:\/\/www.regioncuatronoticias.com\/index.php\/wp-json\/wp\/v2\/users\/1"}],"replies":[{"embeddable":true,"href":"https:\/\/www.regioncuatronoticias.com\/index.php\/wp-json\/wp\/v2\/comments?post=20556"}],"version-history":[{"count":1,"href":"https:\/\/www.regioncuatronoticias.com\/index.php\/wp-json\/wp\/v2\/posts\/20556\/revisions"}],"predecessor-version":[{"id":20558,"href":"https:\/\/www.regioncuatronoticias.com\/index.php\/wp-json\/wp\/v2\/posts\/20556\/revisions\/20558"}],"wp:featuredmedia":[{"embeddable":true,"href":"https:\/\/www.regioncuatronoticias.com\/index.php\/wp-json\/wp\/v2\/media\/20557"}],"wp:attachment":[{"href":"https:\/\/www.regioncuatronoticias.com\/index.php\/wp-json\/wp\/v2\/media?parent=20556"}],"wp:term":[{"taxonomy":"category","embeddable":true,"href":"https:\/\/www.regioncuatronoticias.com\/index.php\/wp-json\/wp\/v2\/categories?post=20556"},{"taxonomy":"post_tag","embeddable":true,"href":"https:\/\/www.regioncuatronoticias.com\/index.php\/wp-json\/wp\/v2\/tags?post=20556"}],"curies":[{"name":"wp","href":"https:\/\/api.w.org\/{rel}","templated":true}]}}