{"id":20402,"date":"2024-11-15T20:50:39","date_gmt":"2024-11-16T03:50:39","guid":{"rendered":"https:\/\/www.regioncuatronoticias.com\/?p=20402"},"modified":"2024-11-15T20:53:52","modified_gmt":"2024-11-16T03:53:52","slug":"ricardo-monreal-se-disculpa-por-usar-un-helicoptero-privado-que-dijo-sobre-sus-vuelos","status":"publish","type":"post","link":"https:\/\/www.regioncuatronoticias.com\/index.php\/2024\/11\/15\/ricardo-monreal-se-disculpa-por-usar-un-helicoptero-privado-que-dijo-sobre-sus-vuelos\/","title":{"rendered":"Ricardo Monreal se disculpa por usar un helic\u00f3ptero privado"},"content":{"rendered":"\n<p><strong>Ricardo Monreal fue captado hace unos d\u00edas cuando sub\u00eda a un helic\u00f3ptero privado junto con otro diputado de Morena.<\/strong> <strong>\u00bfQu\u00e9 dijo sobre esto?<\/strong><\/p>\n\n\n\n<p>Tomado de El Financiero<\/p>\n\n\n\n<p>Redacci\u00f3n<\/p>\n\n\n\n<p>Viernes 15 de noviembre de 2024<\/p>\n\n\n\n<p>Luego de la pol\u00e9mica por utilizar un helic\u00f3ptero privado, Ricardo Monreal, coordinador de los Diputados de Morena, se disculp\u00f3 por este hecho a trav\u00e9s de un video que public\u00f3 en sus redes sociales.<\/p>\n\n\n\n<p>\u201cDesde hace unos d\u00edas, al aceptar acompa\u00f1ar en un viaje a un amigo entra\u00f1able y a su familia en un transporte privado a\u00e9reo, pero sin usos de recursos p\u00fablicos y sin alterar nuestro horario, se han generado comentarios y opiniones distintas\u201d, dijo Monreal.<\/p>\n\n\n\n<p>El diputado dijo que admiti\u00f3 la situaci\u00f3n de inmediato y agreg\u00f3: \u201cintentar\u00e9 que no se repitan\u201d debido a que ocasionar\u00edan afectaciones al movimiento de transformaci\u00f3n en el que participa.<\/p>\n\n\n\n<p>Ricardo Monreal tambi\u00e9n envi\u00f3 una disculpa a los simpatizantes y militantes, quienes se hayan sentido ofendidos por esta situaci\u00f3n.<\/p>\n\n\n\n<p>\u201cLa etapa que vive la Rep\u00fablica en la transici\u00f3n pol\u00edtica es sensible y excepcional. Por eso nuestros actos deben de ser permanentemente revisados y mejorados debido a que estamos permanentemente sometidos al escrutinio social\u201d, a\u00f1adi\u00f3.<\/p>\n\n\n\n<p><strong>\u00bfQu\u00e9 dijo Claudia Sheinbaum sobre el vuelo en helic\u00f3ptero de Monreal?<\/strong><\/p>\n\n\n\n<p>En su conferencia \u2018ma\u00f1anera\u2019 de este viernes 15 de noviembre, Sheinbaum se refiri\u00f3 al uso del helic\u00f3ptero por parte de Ricardo Monreal y afirm\u00f3 que es necesario poner un ejemplo a la sociedad.<\/p>\n\n\n\n<p>&nbsp;\u2018\u2019Es una decisi\u00f3n de \u00e9l. Nosotros debemos ser un ejemplo a la sociedad, no debe haber Gobierno rico con pueblo pobre. Esa es la manera en que nosotros nos comportamos\u2019&#8217;, asegur\u00f3 la mandataria.<\/p>\n\n\n\n<p>La presidenta agreg\u00f3 que Monreal tendr\u00eda que haber explicado la utilizaci\u00f3n del helic\u00f3ptero para movilizarse y nuevamente llam\u00f3 a la austeridad entre los morenistas.<\/p>\n\n\n\n<p>El comentario de Sheinbaum llega luego de que hace unos d\u00edas el mismo Ricardo Monreal dijera que se trata de \u2018aventones\u2019 entre amigos y solo lo utiliza en casos de emergencia.<\/p>\n\n\n\n<p>El legislador fue captado al momento de abordar la aeronave con otro diputado tambi\u00e9n de Morena, Pedro Haces, quien recientemente tambi\u00e9n estuvo envuelto en una pol\u00e9mica por un supuesto \u2018voto fantasma\u2019 en la C\u00e1mara de Diputados.<\/p>\n\n\n\n<p><a href=\"https:\/\/www.elfinanciero.com.mx\/nacional\/2024\/11\/15\/ricardo-monreal-se-disculpa-por-usar-un-helicoptero-privado-que-dijo-sobre-sus-vuelos\">https:\/\/www.elfinanciero.com.mx\/nacional\/2024\/11\/15\/ricardo-monreal-se-disculpa-por-usar-un-helicoptero-privado-que-dijo-sobre-sus-vuelos<\/a><\/p>\n","protected":false},"excerpt":{"rendered":"<p>Ricardo Monreal fue captado hace unos d\u00edas cuando sub\u00eda a un helic\u00f3ptero privado junto con otro diputado de Morena. \u00bfQu\u00e9 dijo sobre esto? Tomado de El Financiero Redacci\u00f3n Viernes 15 de noviembre de 2024 Luego de la pol\u00e9mica por utilizar un helic\u00f3ptero privado, Ricardo Monreal, coordinador de los Diputados de Morena, se disculp\u00f3 por este [&hellip;]<\/p>\n","protected":false},"author":1,"featured_media":20403,"comment_status":"open","ping_status":"open","sticky":false,"template":"","format":"standard","meta":{"content-type":"","footnotes":""},"categories":[3,115,105],"tags":[],"class_list":{"0":"post-20402","1":"post","2":"type-post","3":"status-publish","4":"format-standard","5":"has-post-thumbnail","7":"category-mexico","8":"category-politica","9":"category-principal"},"_links":{"self":[{"href":"https:\/\/www.regioncuatronoticias.com\/index.php\/wp-json\/wp\/v2\/posts\/20402","targetHints":{"allow":["GET"]}}],"collection":[{"href":"https:\/\/www.regioncuatronoticias.com\/index.php\/wp-json\/wp\/v2\/posts"}],"about":[{"href":"https:\/\/www.regioncuatronoticias.com\/index.php\/wp-json\/wp\/v2\/types\/post"}],"author":[{"embeddable":true,"href":"https:\/\/www.regioncuatronoticias.com\/index.php\/wp-json\/wp\/v2\/users\/1"}],"replies":[{"embeddable":true,"href":"https:\/\/www.regioncuatronoticias.com\/index.php\/wp-json\/wp\/v2\/comments?post=20402"}],"version-history":[{"count":2,"href":"https:\/\/www.regioncuatronoticias.com\/index.php\/wp-json\/wp\/v2\/posts\/20402\/revisions"}],"predecessor-version":[{"id":20406,"href":"https:\/\/www.regioncuatronoticias.com\/index.php\/wp-json\/wp\/v2\/posts\/20402\/revisions\/20406"}],"wp:featuredmedia":[{"embeddable":true,"href":"https:\/\/www.regioncuatronoticias.com\/index.php\/wp-json\/wp\/v2\/media\/20403"}],"wp:attachment":[{"href":"https:\/\/www.regioncuatronoticias.com\/index.php\/wp-json\/wp\/v2\/media?parent=20402"}],"wp:term":[{"taxonomy":"category","embeddable":true,"href":"https:\/\/www.regioncuatronoticias.com\/index.php\/wp-json\/wp\/v2\/categories?post=20402"},{"taxonomy":"post_tag","embeddable":true,"href":"https:\/\/www.regioncuatronoticias.com\/index.php\/wp-json\/wp\/v2\/tags?post=20402"}],"curies":[{"name":"wp","href":"https:\/\/api.w.org\/{rel}","templated":true}]}}