{"id":20397,"date":"2024-11-15T20:37:54","date_gmt":"2024-11-16T03:37:54","guid":{"rendered":"https:\/\/www.regioncuatronoticias.com\/?p=20397"},"modified":"2024-11-15T20:49:15","modified_gmt":"2024-11-16T03:49:15","slug":"en-4t-debemos-dar-ejemplo-dice-csp-sobre-uso-de-helicoptero","status":"publish","type":"post","link":"https:\/\/www.regioncuatronoticias.com\/index.php\/2024\/11\/15\/en-4t-debemos-dar-ejemplo-dice-csp-sobre-uso-de-helicoptero\/","title":{"rendered":"En la 4T debemos dar ejemplo, dice Presidenta Sheinbaum sobre uso de helic\u00f3ptero"},"content":{"rendered":"\n<p>Informaci\u00f3n de Reforma<\/p>\n\n\n\n<p>Benito Jim\u00e9nez y Mayolo L\u00f3pez<\/p>\n\n\n\n<p>Viernes 15 de noviembre<\/p>\n\n\n\n<p>Ciudad de M\u00e9xico.- La Presidenta Claudia Sheinbaum dijo que los integrantes de la cuarta transformaci\u00f3n deben predicar con el ejemplo, luego de que los diputados Ricardo Monreal y Pedro Haces usaran un helic\u00f3ptero para transportarse.<\/p>\n\n\n\n<p>Durante su ma\u00f1anera, la Mandataria dijo que los pol\u00edticos de su movimiento no deben de comportarse con el dispendio de recursos p\u00fablicos, pero concedi\u00f3 que el veh\u00edculo utilizado por el l\u00edder de la bancada morenista y el jefe sindicalista fue por cuestiones pr\u00e1cticas.<\/p>\n\n\n\n<p>\u201cPues es una decisi\u00f3n de \u00e9l, yo he siempre he pensado que nosotros debemos ser un ejemplo a la sociedad y que no debe haber Gobierno rico con pueblo pobre, entonces no es una, creo, esa es la manera en que nos comportamos y creo que todos debemos de dar un ejemplo.\u201dA veces, tambi\u00e9n, y se aclar\u00f3 ayer, porque es importante, porque no es el uso de recursos p\u00fablicos, sino el helic\u00f3ptero particular que, bueno, realmente no s\u00e9 de qui\u00e9n es, que se utiliz\u00f3 en particular por tenerse que mover r\u00e1pido de un lugar a otro, pero en general, todos los que pertenecemos a la cuarta transformaci\u00f3n, pues tenemos que dar ejemplo\u201d, dijo.<\/p>\n\n\n\n<p>Sheinbaum insisti\u00f3 en que Monreal debe explicar por qu\u00e9 us\u00f3 el helic\u00f3ptero y le pareci\u00f3 gracioso que el zacatecano haya optado ayer por transportarse en una moto, tras salir de una reuni\u00f3n con la Mandataria, quien recibi\u00f3 a legisladores de la 4T y aliados en Palacio Nacional.<\/p>\n\n\n\n<p>\u201cEn particular, el uso del helic\u00f3ptero de Ricardo (Monreal) ese d\u00eda, pues, lo tendr\u00eda que explicar, creo que ayer se movi\u00f3 en motocicleta, lo vi ayer en sus redes sociales\u201d, dijo entre risas. Tanto Haces como Monreal han minimizado el caso, incluso el primero dijo que se trata de una herramienta de trabajo.<\/p>\n\n\n\n<p><a href=\"https:\/\/www.reforma.com\/en-4t-debemos-dar-ejemplo-dice-csp-sobre-uso-de-helicoptero\/ar2907676\">https:\/\/www.reforma.com\/en-4t-debemos-dar-ejemplo-dice-csp-sobre-uso-de-helicoptero\/ar2907676<\/a><\/p>\n","protected":false},"excerpt":{"rendered":"<p>Informaci\u00f3n de Reforma Benito Jim\u00e9nez y Mayolo L\u00f3pez Viernes 15 de noviembre Ciudad de M\u00e9xico.- La Presidenta Claudia Sheinbaum dijo que los integrantes de la cuarta transformaci\u00f3n deben predicar con el ejemplo, luego de que los diputados Ricardo Monreal y Pedro Haces usaran un helic\u00f3ptero para transportarse. Durante su ma\u00f1anera, la Mandataria dijo que los [&hellip;]<\/p>\n","protected":false},"author":1,"featured_media":20398,"comment_status":"open","ping_status":"open","sticky":false,"template":"","format":"standard","meta":{"content-type":"","footnotes":""},"categories":[115,105],"tags":[],"class_list":{"0":"post-20397","1":"post","2":"type-post","3":"status-publish","4":"format-standard","5":"has-post-thumbnail","7":"category-politica","8":"category-principal"},"_links":{"self":[{"href":"https:\/\/www.regioncuatronoticias.com\/index.php\/wp-json\/wp\/v2\/posts\/20397","targetHints":{"allow":["GET"]}}],"collection":[{"href":"https:\/\/www.regioncuatronoticias.com\/index.php\/wp-json\/wp\/v2\/posts"}],"about":[{"href":"https:\/\/www.regioncuatronoticias.com\/index.php\/wp-json\/wp\/v2\/types\/post"}],"author":[{"embeddable":true,"href":"https:\/\/www.regioncuatronoticias.com\/index.php\/wp-json\/wp\/v2\/users\/1"}],"replies":[{"embeddable":true,"href":"https:\/\/www.regioncuatronoticias.com\/index.php\/wp-json\/wp\/v2\/comments?post=20397"}],"version-history":[{"count":2,"href":"https:\/\/www.regioncuatronoticias.com\/index.php\/wp-json\/wp\/v2\/posts\/20397\/revisions"}],"predecessor-version":[{"id":20401,"href":"https:\/\/www.regioncuatronoticias.com\/index.php\/wp-json\/wp\/v2\/posts\/20397\/revisions\/20401"}],"wp:featuredmedia":[{"embeddable":true,"href":"https:\/\/www.regioncuatronoticias.com\/index.php\/wp-json\/wp\/v2\/media\/20398"}],"wp:attachment":[{"href":"https:\/\/www.regioncuatronoticias.com\/index.php\/wp-json\/wp\/v2\/media?parent=20397"}],"wp:term":[{"taxonomy":"category","embeddable":true,"href":"https:\/\/www.regioncuatronoticias.com\/index.php\/wp-json\/wp\/v2\/categories?post=20397"},{"taxonomy":"post_tag","embeddable":true,"href":"https:\/\/www.regioncuatronoticias.com\/index.php\/wp-json\/wp\/v2\/tags?post=20397"}],"curies":[{"name":"wp","href":"https:\/\/api.w.org\/{rel}","templated":true}]}}