{"id":20380,"date":"2024-11-15T18:36:15","date_gmt":"2024-11-16T01:36:15","guid":{"rendered":"https:\/\/www.regioncuatronoticias.com\/?p=20380"},"modified":"2024-11-15T18:36:18","modified_gmt":"2024-11-16T01:36:18","slug":"quien-es-omar-felix-el-pelon-lider-del-grupo-la-chapiza-detenido-en-culiacan-y-su-relacion-con-sonora","status":"publish","type":"post","link":"https:\/\/www.regioncuatronoticias.com\/index.php\/2024\/11\/15\/quien-es-omar-felix-el-pelon-lider-del-grupo-la-chapiza-detenido-en-culiacan-y-su-relacion-con-sonora\/","title":{"rendered":"Qui\u00e9n es Omar F\u00e9lix \u201cEl Pel\u00f3n\u201d, l\u00edder del Grupo \u201cLa Chapiza\u201d detenido en Culiac\u00e1n y su relaci\u00f3n con Sonora"},"content":{"rendered":"\n<p>Tomado de Dossier Pol\u00edtico<\/p>\n\n\n\n<p>Santiago Garc\u00eda C.<\/p>\n\n\n\n<p>Viernes 15 de noviembre de 2024<\/p>\n\n\n\n<p>Hermosillo, Sonora.- Omar F\u00e9lix Loaiza, alias \u201cEl Pel\u00f3n\u201d o \u201cEl 8\u201d de 44 a\u00f1os, desde el 19 de septiembre, coordinaba la ofensiva de \u201cLos Chapitos\u201d contra \u201cLos Mayos\u201d en Sinaloa.<\/p>\n\n\n\n<p>De acuerdo a informaci\u00f3n difundida por la Mesa Estatal de de Seguridad Sonora, se le identifica como un generador de violencia y responsable de actividades il\u00edcitas, como el tr\u00e1fico transfronterizo de drogas, migrantes y armas, adem\u00e1s de la producci\u00f3n y comercializaci\u00f3n de fentanilo, con destino hacia Arizona, Estados Unidos, su centro de operaci\u00f3n era el noreste de Sonora.<\/p>\n\n\n\n<p>Su detenci\u00f3n se realiz\u00f3 en la calle Guadalajara, colonia Las Quintas, en Culiac\u00e1n, Sinaloa, en cumplimiento de una orden de aprehensi\u00f3n por su probable participaci\u00f3n en delitos de delincuencia organizada con fines de narcotr\u00e1fico, tr\u00e1fico de armas y tr\u00e1fico de personas.<\/p>\n\n\n\n<p>Omar F\u00e9lix ha mantenido una alianza desde julio de 2022 con Eric Jes\u00fas Cabrera Cabrera, alias \u201cEl Duranguillo,\u201d o \u201cDelta 1\u201d, l\u00edder del grupo \u201cLos Deltas\u201d, juntos enfrentan a la facci\u00f3n rival Los Cazadores-Los Salazar por el control de rutas de tr\u00e1fico en la regi\u00f3n de Altar-S\u00e1sabe, Sonora.<\/p>\n\n\n\n<p>Entre el 6 de agosto y el 19 de septiembre, permaneci\u00f3 en Sonora hasta que, tras sufrir un intento de homicidio en General Plutarco El\u00edas Calles, regres\u00f3 a Sinaloa, posiblemente debido al inicio del conflicto entre Los Chapitos y Los Mayos.<\/p>\n\n\n\n<p>Se tiene conocimiento que en sus acciones delictivas ha empleado tecnolog\u00eda avanzada, como el uso de drones cargados con explosivos, y se detect\u00f3 que planeaba realizar mayores acciones con explosivos en d\u00edas posteriores, por lo que se dio m\u00e1xima prioridad a su captura.<\/p>\n\n\n\n<p>Esta detenci\u00f3n obedece a los recientes hechos violentos en Sinaloa, y a que se le considera un importante generador de violencia en los estados de Sinaloa, Sonora y Baja California.<\/p>\n\n\n\n<p>Las detenciones y operaciones continuar\u00e1n por parte del Gabinete de Seguridad hasta disminuir la violencia en la entidad.<\/p>\n\n\n\n<p><a href=\"https:\/\/dossierpolitico.com\/2024\/11\/15\/quien-es-omar-felix-el-pelon-lider-del-grupo-la-chapiza-detenido-en-culiacan-y-su-relacion-con-sonora\/\">https:\/\/dossierpolitico.com\/2024\/11\/15\/quien-es-omar-felix-el-pelon-lider-del-grupo-la-chapiza-detenido-en-culiacan-y-su-relacion-con-sonora\/<\/a><\/p>\n","protected":false},"excerpt":{"rendered":"<p>Tomado de Dossier Pol\u00edtico Santiago Garc\u00eda C. Viernes 15 de noviembre de 2024 Hermosillo, Sonora.- Omar F\u00e9lix Loaiza, alias \u201cEl Pel\u00f3n\u201d o \u201cEl 8\u201d de 44 a\u00f1os, desde el 19 de septiembre, coordinaba la ofensiva de \u201cLos Chapitos\u201d contra \u201cLos Mayos\u201d en Sinaloa. De acuerdo a informaci\u00f3n difundida por la Mesa Estatal de de Seguridad [&hellip;]<\/p>\n","protected":false},"author":1,"featured_media":20381,"comment_status":"open","ping_status":"open","sticky":false,"template":"","format":"standard","meta":{"content-type":"","footnotes":""},"categories":[105,113,9],"tags":[],"class_list":{"0":"post-20380","1":"post","2":"type-post","3":"status-publish","4":"format-standard","5":"has-post-thumbnail","7":"category-principal","8":"category-seguridad","9":"category-sonora"},"_links":{"self":[{"href":"https:\/\/www.regioncuatronoticias.com\/index.php\/wp-json\/wp\/v2\/posts\/20380","targetHints":{"allow":["GET"]}}],"collection":[{"href":"https:\/\/www.regioncuatronoticias.com\/index.php\/wp-json\/wp\/v2\/posts"}],"about":[{"href":"https:\/\/www.regioncuatronoticias.com\/index.php\/wp-json\/wp\/v2\/types\/post"}],"author":[{"embeddable":true,"href":"https:\/\/www.regioncuatronoticias.com\/index.php\/wp-json\/wp\/v2\/users\/1"}],"replies":[{"embeddable":true,"href":"https:\/\/www.regioncuatronoticias.com\/index.php\/wp-json\/wp\/v2\/comments?post=20380"}],"version-history":[{"count":1,"href":"https:\/\/www.regioncuatronoticias.com\/index.php\/wp-json\/wp\/v2\/posts\/20380\/revisions"}],"predecessor-version":[{"id":20382,"href":"https:\/\/www.regioncuatronoticias.com\/index.php\/wp-json\/wp\/v2\/posts\/20380\/revisions\/20382"}],"wp:featuredmedia":[{"embeddable":true,"href":"https:\/\/www.regioncuatronoticias.com\/index.php\/wp-json\/wp\/v2\/media\/20381"}],"wp:attachment":[{"href":"https:\/\/www.regioncuatronoticias.com\/index.php\/wp-json\/wp\/v2\/media?parent=20380"}],"wp:term":[{"taxonomy":"category","embeddable":true,"href":"https:\/\/www.regioncuatronoticias.com\/index.php\/wp-json\/wp\/v2\/categories?post=20380"},{"taxonomy":"post_tag","embeddable":true,"href":"https:\/\/www.regioncuatronoticias.com\/index.php\/wp-json\/wp\/v2\/tags?post=20380"}],"curies":[{"name":"wp","href":"https:\/\/api.w.org\/{rel}","templated":true}]}}