{"id":20356,"date":"2024-11-15T10:05:22","date_gmt":"2024-11-15T17:05:22","guid":{"rendered":"https:\/\/www.regioncuatronoticias.com\/?p=20356"},"modified":"2024-11-15T10:05:25","modified_gmt":"2024-11-15T17:05:25","slug":"en-medio-de-la-guerra-entre-mayos-y-chapitos-ruben-rocha-pide-ser-sometido-a-revocacion-de-mandato","status":"publish","type":"post","link":"https:\/\/www.regioncuatronoticias.com\/index.php\/2024\/11\/15\/en-medio-de-la-guerra-entre-mayos-y-chapitos-ruben-rocha-pide-ser-sometido-a-revocacion-de-mandato\/","title":{"rendered":"En medio de la guerra entre Mayos y Chapitos, Rub\u00e9n Rocha pide ser sometido a revocaci\u00f3n de mandato"},"content":{"rendered":"\n<p><strong>En su escrito, el gobernador de Sinaloa menciona como antecedente la disposici\u00f3n mostrada por Andr\u00e9s Manuel L\u00f3pez Obrador a este proceso, el cual incluso, de acuerdo a lo expuesto por Rub\u00e9n Rocha, se realiz\u00f3 durante su sexenio.<\/strong><\/p>\n\n\n\n<p>Tomado de Proceso<\/p>\n\n\n\n<p>Por Aar\u00f3n IbarraJ<\/p>\n\n\n\n<p>jueves 14 de noviembre de 2024<\/p>\n\n\n\n<p>SINALOA (apro).-En medio de la crisis de seguridad por los enfrentamientos entre &#8220;Los Chapitos&#8221; y &#8220;los Mayos&#8221;, el gobernador Rub\u00e9n Rocha Moya envi\u00f3 un escrito al Instituto Electoral del Estado de Sinaloa (IEES), en donde solicita consideren desde su consejo general la revocaci\u00f3n de mandato, bajo el argumento de estar en disposici\u00f3n de someterse al escrutinio p\u00fablico.<\/p>\n\n\n\n<p>En su escrito, el mandatario menciona como antecedente la disposici\u00f3n mostrada por Andr\u00e9s Manuel L\u00f3pez Obrador a este proceso, el cual incluso, de acuerdo a lo expuesto por \u00e9l, se realiz\u00f3 durante su sexenio.<\/p>\n\n\n\n<p>Y en ese mismo sentido es que el gobernador de Sinaloa insisti\u00f3 al IEES llevar a cabo el proceso.<\/p>\n\n\n\n<p>\u201cFue, precisamente, esa convicci\u00f3n la que me motiv\u00f3 a proponer ante el Congreso del Estado una reforma al art\u00edculo 150 de la Constituci\u00f3n local para establecer la revocaci\u00f3n de mandato respecto de la Gubernatura. Propuesta que fue incorporada a nuestra Ley Fundamental en el a\u00f1o 2022\u201d, explica en el escrito.<\/p>\n\n\n\n<p>El consejo general del IEES en sesi\u00f3n virtual vot\u00f3 por unanimidad sobre la improcedencia de la revocaci\u00f3n de mandato al actual gobernador bajo arguyendo que la ley no puede aplicarse de forma retroactiva y afectar los derechos pol\u00edticos y electorales de la ciudadan\u00eda.<\/p>\n\n\n\n<p>La reforma a la Ley Electoral en Sinaloa que advierte este proceso entr\u00f3 en vigor en febrero de este a\u00f1o, mientras que Rocha result\u00f3 electo gobernador en 2021.<\/p>\n\n\n\n<p>El resolutivo del IEES se\u00f1ala que \u201cen estricto apego a la garant\u00eda de seguridad jur\u00eddica tutelada por el art\u00edculo 14 constitucional, la jurisprudencia emitida por la Suprema Corte de Justicia de la Naci\u00f3n (SCJN), as\u00ed como en el criterio sostenido por la Sala Superior del Tribunal Electoral del Poder Judicial de la Federaci\u00f3n, que establecen que a ninguna ley se le dar\u00e1 efecto retroactivo en perjuicio de persona alguna\u201d.<\/p>\n\n\n\n<p>Al momento de resolver, el IEES hab\u00eda recibido tres solicitudes de ciudadanos y grupos civiles para dar inicio con el proceso de revocaci\u00f3n de mandato, todo esto, bajo un contexto de violencia que vive Sinaloa desde el 9 de septiembre y que ha visto incremento en delitos de alto impacto pero tambi\u00e9n en los del fuero com\u00fan.<\/p>\n\n\n\n<p><a href=\"https:\/\/www.proceso.com.mx\/nacional\/2024\/11\/14\/en-medio-de-la-guerra-entre-mayos-chapitos-ruben-rocha-pide-ser-sometido-revocacion-de-mandato-340353.html\">https:\/\/www.proceso.com.mx\/nacional\/2024\/11\/14\/en-medio-de-la-guerra-entre-mayos-chapitos-ruben-rocha-pide-ser-sometido-revocacion-de-mandato-340353.html<\/a><\/p>\n","protected":false},"excerpt":{"rendered":"<p>En su escrito, el gobernador de Sinaloa menciona como antecedente la disposici\u00f3n mostrada por Andr\u00e9s Manuel L\u00f3pez Obrador a este proceso, el cual incluso, de acuerdo a lo expuesto por Rub\u00e9n Rocha, se realiz\u00f3 durante su sexenio. Tomado de Proceso Por Aar\u00f3n IbarraJ jueves 14 de noviembre de 2024 SINALOA (apro).-En medio de la crisis [&hellip;]<\/p>\n","protected":false},"author":1,"featured_media":20357,"comment_status":"open","ping_status":"open","sticky":false,"template":"","format":"standard","meta":{"content-type":"","footnotes":""},"categories":[3,105,113],"tags":[],"class_list":{"0":"post-20356","1":"post","2":"type-post","3":"status-publish","4":"format-standard","5":"has-post-thumbnail","7":"category-mexico","8":"category-principal","9":"category-seguridad"},"_links":{"self":[{"href":"https:\/\/www.regioncuatronoticias.com\/index.php\/wp-json\/wp\/v2\/posts\/20356","targetHints":{"allow":["GET"]}}],"collection":[{"href":"https:\/\/www.regioncuatronoticias.com\/index.php\/wp-json\/wp\/v2\/posts"}],"about":[{"href":"https:\/\/www.regioncuatronoticias.com\/index.php\/wp-json\/wp\/v2\/types\/post"}],"author":[{"embeddable":true,"href":"https:\/\/www.regioncuatronoticias.com\/index.php\/wp-json\/wp\/v2\/users\/1"}],"replies":[{"embeddable":true,"href":"https:\/\/www.regioncuatronoticias.com\/index.php\/wp-json\/wp\/v2\/comments?post=20356"}],"version-history":[{"count":1,"href":"https:\/\/www.regioncuatronoticias.com\/index.php\/wp-json\/wp\/v2\/posts\/20356\/revisions"}],"predecessor-version":[{"id":20358,"href":"https:\/\/www.regioncuatronoticias.com\/index.php\/wp-json\/wp\/v2\/posts\/20356\/revisions\/20358"}],"wp:featuredmedia":[{"embeddable":true,"href":"https:\/\/www.regioncuatronoticias.com\/index.php\/wp-json\/wp\/v2\/media\/20357"}],"wp:attachment":[{"href":"https:\/\/www.regioncuatronoticias.com\/index.php\/wp-json\/wp\/v2\/media?parent=20356"}],"wp:term":[{"taxonomy":"category","embeddable":true,"href":"https:\/\/www.regioncuatronoticias.com\/index.php\/wp-json\/wp\/v2\/categories?post=20356"},{"taxonomy":"post_tag","embeddable":true,"href":"https:\/\/www.regioncuatronoticias.com\/index.php\/wp-json\/wp\/v2\/tags?post=20356"}],"curies":[{"name":"wp","href":"https:\/\/api.w.org\/{rel}","templated":true}]}}