{"id":20320,"date":"2024-11-15T09:14:05","date_gmt":"2024-11-15T16:14:05","guid":{"rendered":"https:\/\/www.regioncuatronoticias.com\/?p=20320"},"modified":"2024-11-15T09:49:02","modified_gmt":"2024-11-15T16:49:02","slug":"siembra-del-maiz-blanco-quedara-protegido-en-la-constitucion","status":"publish","type":"post","link":"https:\/\/www.regioncuatronoticias.com\/index.php\/2024\/11\/15\/siembra-del-maiz-blanco-quedara-protegido-en-la-constitucion\/","title":{"rendered":"Siembra del ma\u00edz blanco, quedar\u00e1 protegido en la Constituci\u00f3n"},"content":{"rendered":"\n<p><strong>La presidenta Sheinbaum Pardo, resalt\u00f3 la importancia de fomentar la buena alimentaci\u00f3n basada en productos de la milpa como ma\u00edz, adem\u00e1s de frijol o &nbsp;calabaza<\/strong><\/p>\n\n\n\n<p>Tomado de Cr\u00f3nica de Hoy<\/p>\n\n\n\n<p>Cecilia Higuera Albarr\u00e1n<\/p>\n\n\n\n<p>Jueves 14 de noviembre de 2024<\/p>\n\n\n\n<p>El Estado tiene la obligaci\u00f3n principal, de que la siembra del ma\u00edz blanco que se siembra en M\u00e9xico no sea transg\u00e9nico y eso va a quedar establecido en la Constituci\u00f3n, \u201ces la mejor defensa que tenemos para la conservaci\u00f3n de la biodiversidad y de la salud\u201d.<\/p>\n\n\n\n<p>As\u00ed lo se\u00f1al\u00f3 la presidenta de M\u00e9xico, Claudia Sheinbaum Pardo, luego de que M\u00e9xico perdi\u00f3 el panel de soluci\u00f3n de controversias contra Estados Unidos, relacionado con restricciones a las importaciones de ma\u00edz transg\u00e9nico.<\/p>\n\n\n\n<p>Resalt\u00f3 que el ma\u00edz es producto de la domesticaci\u00f3n de los pueblos originarios o de antes, incluso de las grandes civilizaciones de M\u00e9xico que fueron domesticando esta planta que hoy alimenta a M\u00e9xico y al mundo entero.<\/p>\n\n\n\n<p>Los organismos gen\u00e9ticamente modificados, dijo, lo que hacen es que el campesino depende siempre de la semilla mejorada para poder seguir cultivando el ma\u00edz, pero se pierde la diversidad gen\u00e9tica de los pa\u00edses que surgieron de nuestros pueblos y que se han seguido conservando.<\/p>\n\n\n\n<p>La mandataria sostuvo que la protecci\u00f3n del ma\u00edz quedar\u00e1 en la Constituci\u00f3n -la cual fue enviada por el presidente L\u00f3pez Obrador-, est\u00e1 por aprobarse en los pr\u00f3ximos en la C\u00e1mara de Diputados, como parte del paquete de iniciativas de reformas constitucionales que envi\u00f3 el ex mandatario.<\/p>\n\n\n\n<p>M\u00e9xico, refiri\u00f3, es autosuficiente en ma\u00edz blanco y \u201cnosotros tenemos por obligaci\u00f3n que conservar nuestra biodiversidad y no solamente animal, vegetal, sino gen\u00e9tica, y conservar todas las variedades de ma\u00edz, producto de la domesticaci\u00f3n de los pueblos originarios\u201d.<\/p>\n\n\n\n<p>En relaci\u00f3n al ma\u00edz amarillo, el cual se utiliza m\u00e1s para el \u00e1mbito forrajero, la presidenta se\u00f1al\u00f3 que M\u00e9xico alcance la autosuficiencia, para lo cual, detall\u00f3, se realizan esfuerzos importantes, de momento con el frijol, porque la alimentaci\u00f3n b\u00e1sica del mexicano esta en la alimentaci\u00f3n de la milpa, que era la alimentaci\u00f3n principal de los pueblos originarios.<\/p>\n\n\n\n<p>\u201cQueremos avanzar mucho en la autosuficiencia de frijol porque importamos 300 mil toneladas\u201d, de ah\u00ed la relevancia del programa que llevar\u00e1 a cargo la Sagar, para el mejoramiento de semillas y una planta productora, pero no en un laboratorio gen\u00e9ticamente, \u201csino que la mejora que se den los propios cultivos, a partir de las distintas instituciones p\u00fablicas de M\u00e9xico y con los campesinos y despu\u00e9s ya tambi\u00e9n iremos sobre otros cultivos\u201d.<\/p>\n\n\n\n<p><a href=\"https:\/\/www.cronica.com.mx\/nacional\/2024\/11\/14\/siembra-del-maiz-blanco-quedara-protegido-en-la-constitucion\">https:\/\/www.cronica.com.mx\/nacional\/2024\/11\/14\/siembra-del-maiz-blanco-quedara-protegido-en-la-constitucion<\/a><\/p>\n","protected":false},"excerpt":{"rendered":"<p>La presidenta Sheinbaum Pardo, resalt\u00f3 la importancia de fomentar la buena alimentaci\u00f3n basada en productos de la milpa como ma\u00edz, adem\u00e1s de frijol o &nbsp;calabaza Tomado de Cr\u00f3nica de Hoy Cecilia Higuera Albarr\u00e1n Jueves 14 de noviembre de 2024 El Estado tiene la obligaci\u00f3n principal, de que la siembra del ma\u00edz blanco que se siembra [&hellip;]<\/p>\n","protected":false},"author":1,"featured_media":20321,"comment_status":"open","ping_status":"open","sticky":false,"template":"","format":"standard","meta":{"content-type":"","footnotes":""},"categories":[115,105],"tags":[],"class_list":{"0":"post-20320","1":"post","2":"type-post","3":"status-publish","4":"format-standard","5":"has-post-thumbnail","7":"category-politica","8":"category-principal"},"_links":{"self":[{"href":"https:\/\/www.regioncuatronoticias.com\/index.php\/wp-json\/wp\/v2\/posts\/20320","targetHints":{"allow":["GET"]}}],"collection":[{"href":"https:\/\/www.regioncuatronoticias.com\/index.php\/wp-json\/wp\/v2\/posts"}],"about":[{"href":"https:\/\/www.regioncuatronoticias.com\/index.php\/wp-json\/wp\/v2\/types\/post"}],"author":[{"embeddable":true,"href":"https:\/\/www.regioncuatronoticias.com\/index.php\/wp-json\/wp\/v2\/users\/1"}],"replies":[{"embeddable":true,"href":"https:\/\/www.regioncuatronoticias.com\/index.php\/wp-json\/wp\/v2\/comments?post=20320"}],"version-history":[{"count":2,"href":"https:\/\/www.regioncuatronoticias.com\/index.php\/wp-json\/wp\/v2\/posts\/20320\/revisions"}],"predecessor-version":[{"id":20350,"href":"https:\/\/www.regioncuatronoticias.com\/index.php\/wp-json\/wp\/v2\/posts\/20320\/revisions\/20350"}],"wp:featuredmedia":[{"embeddable":true,"href":"https:\/\/www.regioncuatronoticias.com\/index.php\/wp-json\/wp\/v2\/media\/20321"}],"wp:attachment":[{"href":"https:\/\/www.regioncuatronoticias.com\/index.php\/wp-json\/wp\/v2\/media?parent=20320"}],"wp:term":[{"taxonomy":"category","embeddable":true,"href":"https:\/\/www.regioncuatronoticias.com\/index.php\/wp-json\/wp\/v2\/categories?post=20320"},{"taxonomy":"post_tag","embeddable":true,"href":"https:\/\/www.regioncuatronoticias.com\/index.php\/wp-json\/wp\/v2\/tags?post=20320"}],"curies":[{"name":"wp","href":"https:\/\/api.w.org\/{rel}","templated":true}]}}