{"id":20317,"date":"2024-11-15T09:12:37","date_gmt":"2024-11-15T16:12:37","guid":{"rendered":"https:\/\/www.regioncuatronoticias.com\/?p=20317"},"modified":"2024-11-15T09:48:29","modified_gmt":"2024-11-15T16:48:29","slug":"consuma-pan-expulsion-de-los-yunes-del-blanquiazul-tras-votar-a-favor-de-reforma-judicial","status":"publish","type":"post","link":"https:\/\/www.regioncuatronoticias.com\/index.php\/2024\/11\/15\/consuma-pan-expulsion-de-los-yunes-del-blanquiazul-tras-votar-a-favor-de-reforma-judicial\/","title":{"rendered":"Consuma PAN expulsi\u00f3n de los Yunes del blanquiazul tras votar a favor de reforma judicial"},"content":{"rendered":"\n<p><strong>El 10 de septiembre pasado, Yunes M\u00e1rquez voto a favor de la reforma al Poder Judicial que impuls\u00f3 el entonces presidente Andr\u00e9s Manuel L\u00f3pez Obrador con lo que le dio la mayor\u00eda que requer\u00eda en ese momento Morena en el Senado, pese a que el PAN hab\u00eda acordado votar en contra.<\/strong><\/p>\n\n\n\n<p>Tomado de Cr\u00f3nica de Hoy<\/p>\n\n\n\n<p>Alejandro P\u00e1ez<\/p>\n\n\n\n<p>Jueves 14 de noviembre de 2024<\/p>\n\n\n\n<p>Dos meses despu\u00e9s de que lo acusaran de traidor por dar el voto que en ese momento otorgaba la mayor\u00eda calificada a Morena en el Senado para aprobar la reforma judicial, la Comisi\u00f3n de Orden del PAN concret\u00f3 la expulsi\u00f3n de Miguel \u00c1ngel Yunes M\u00e1rquez y su padre Miguel \u00c1ngel Yunes Linares de las filas del blanquiazul.<\/p>\n\n\n\n<p>La decisi\u00f3n se tom\u00f3 por unanimidad tras un an\u00e1lisis cuidadoso de las circunstancias y en cumplimiento con los principios y normas que rigen al PAN, explic\u00f3 la presidenta de esta instancia, Marisol Vargas B\u00e1rcena.<\/p>\n\n\n\n<p>Detall\u00f3 que la expulsi\u00f3n se basa en la necesidad de mantener la integridad y los valores que caracterizan a Acci\u00f3n Nacional, as\u00ed como de garantizar el respeto a las decisiones que fortalecen nuestra unidad y compromiso con la ciudadan\u00eda.<\/p>\n\n\n\n<p>\u201cAgradecemos a todos los miembros de la Comisi\u00f3n por su dedicaci\u00f3n y compromiso en esta labor. Reiteramos nuestro compromiso con los principios del partido y con el trabajo en beneficio de la sociedad\u201d, asever\u00f3.<\/p>\n\n\n\n<p>El 10 de septiembre pasado, Yunes M\u00e1rquez voto a favor de la reforma al Poder Judicial que impuls\u00f3 el entonces presidente Andr\u00e9s Manuel L\u00f3pez Obrador, con lo que le dio la mayor\u00eda que requer\u00eda en ese momento Morena en el Senado, pese a que el PAN hab\u00eda acordado votar en contra.<\/p>\n\n\n\n<p>De inmediato la bancada panista repudi\u00f3 a los Yunes en cuanto hicieron acto de presencia en el Senado y entre gritos de traidores, el entonces dirigente nacional de ese partido el senador, Marko Cort\u00e9s anunci\u00f3 la expulsi\u00f3n de Yunes M\u00e1rquez y su padre Yunes Linares senador y senador suplente del blanquiazul, respectivamente.<\/p>\n\n\n\n<p>Este jueves y tras un proceso interno en las instancias panistas se determin\u00f3 concretar la expulsi\u00f3n de ambos personajes, quienes podr\u00e1n impugnar la resoluci\u00f3n panista en caso de que as\u00ed lo consideren y acudir al Tribunal Electoral del Poder Judicial de la Federaci\u00f3n (TEPJF).<a href=\"https:\/\/www.cronica.com.mx\/nacional\/2024\/11\/14\/consuma-pan-expulsion-de-los-yunes-del-blanquiazul-tras-votar-a-favor-de-reforma-judicial\">https:\/\/www.cronica.com.mx\/nacional\/2024\/11\/14\/consuma-pan-expulsion-de-los-yunes-del-blanquiazul-tras-votar-a-favor-de-reforma-judicial<\/a><\/p>\n","protected":false},"excerpt":{"rendered":"<p>El 10 de septiembre pasado, Yunes M\u00e1rquez voto a favor de la reforma al Poder Judicial que impuls\u00f3 el entonces presidente Andr\u00e9s Manuel L\u00f3pez Obrador con lo que le dio la mayor\u00eda que requer\u00eda en ese momento Morena en el Senado, pese a que el PAN hab\u00eda acordado votar en contra. Tomado de Cr\u00f3nica de [&hellip;]<\/p>\n","protected":false},"author":1,"featured_media":20318,"comment_status":"open","ping_status":"open","sticky":false,"template":"","format":"standard","meta":{"content-type":"","footnotes":""},"categories":[3,115,105],"tags":[],"class_list":{"0":"post-20317","1":"post","2":"type-post","3":"status-publish","4":"format-standard","5":"has-post-thumbnail","7":"category-mexico","8":"category-politica","9":"category-principal"},"_links":{"self":[{"href":"https:\/\/www.regioncuatronoticias.com\/index.php\/wp-json\/wp\/v2\/posts\/20317","targetHints":{"allow":["GET"]}}],"collection":[{"href":"https:\/\/www.regioncuatronoticias.com\/index.php\/wp-json\/wp\/v2\/posts"}],"about":[{"href":"https:\/\/www.regioncuatronoticias.com\/index.php\/wp-json\/wp\/v2\/types\/post"}],"author":[{"embeddable":true,"href":"https:\/\/www.regioncuatronoticias.com\/index.php\/wp-json\/wp\/v2\/users\/1"}],"replies":[{"embeddable":true,"href":"https:\/\/www.regioncuatronoticias.com\/index.php\/wp-json\/wp\/v2\/comments?post=20317"}],"version-history":[{"count":2,"href":"https:\/\/www.regioncuatronoticias.com\/index.php\/wp-json\/wp\/v2\/posts\/20317\/revisions"}],"predecessor-version":[{"id":20349,"href":"https:\/\/www.regioncuatronoticias.com\/index.php\/wp-json\/wp\/v2\/posts\/20317\/revisions\/20349"}],"wp:featuredmedia":[{"embeddable":true,"href":"https:\/\/www.regioncuatronoticias.com\/index.php\/wp-json\/wp\/v2\/media\/20318"}],"wp:attachment":[{"href":"https:\/\/www.regioncuatronoticias.com\/index.php\/wp-json\/wp\/v2\/media?parent=20317"}],"wp:term":[{"taxonomy":"category","embeddable":true,"href":"https:\/\/www.regioncuatronoticias.com\/index.php\/wp-json\/wp\/v2\/categories?post=20317"},{"taxonomy":"post_tag","embeddable":true,"href":"https:\/\/www.regioncuatronoticias.com\/index.php\/wp-json\/wp\/v2\/tags?post=20317"}],"curies":[{"name":"wp","href":"https:\/\/api.w.org\/{rel}","templated":true}]}}