{"id":20313,"date":"2024-11-15T09:09:48","date_gmt":"2024-11-15T16:09:48","guid":{"rendered":"https:\/\/www.regioncuatronoticias.com\/?p=20313"},"modified":"2024-11-15T09:47:56","modified_gmt":"2024-11-15T16:47:56","slug":"con-eu-hay-coordinacion-no-subordinacion-dice-sheinbaum-por-comentarios-de-ken-salazar","status":"publish","type":"post","link":"https:\/\/www.regioncuatronoticias.com\/index.php\/2024\/11\/15\/con-eu-hay-coordinacion-no-subordinacion-dice-sheinbaum-por-comentarios-de-ken-salazar\/","title":{"rendered":"Con EU hay coordinaci\u00f3n, no subordinaci\u00f3n, dice Sheinbaum por comentarios de Ken Salazar"},"content":{"rendered":"\n<p><strong>La mandataria dijo esto luego de ser cuestionada por la nota diplom\u00e1tica que se envi\u00f3 al gobierno de EU por los dichos de Ken Salazar sobre la estrategia de seguridad en M\u00e9xico<\/strong><\/p>\n\n\n\n<p>Tomado de El Sol de M\u00e9xico<\/p>\n\n\n\n<p>Javier Divany<\/p>\n\n\n\n<p>Jueves 14 de noviembre de 2024<\/p>\n\n\n\n<p>La presidenta Claudia Sheinbaum advirti\u00f3 que M\u00e9xico tiene \u201ccoordinaci\u00f3n, no subordinaci\u00f3n\u201d, ante Estados Unidos, esto luego de las declaraciones hechas por el embajador Ken Salazar, quien critic\u00f3 los resultados de la estrategia de seguridad del gobierno de Andr\u00e9s Manuel L\u00f3pez Obrador.<\/p>\n\n\n\n<p>Tambi\u00e9n dijo que Ken Salazar \u201cun d\u00eda dice una cosa y otro d\u00eda otra\u201d, y como ejemplo, la presidenta mostr\u00f3 un video y una nota period\u00edstica en donde el mismo embajador norteamericano reconoce la estrategia de seguridad del gobierno de L\u00f3pez Obrador.<\/p>\n\n\n\n<p>La mandataria fue cuestionada sobre las declaraciones del embajador luego de que M\u00e9xico mand\u00f3 una nota diplom\u00e1tica al gobierno de Estados Unidos en respuesta a sus dichos, a lo que la mandataria manifest\u00f3 que \u201chay diferencias entre lo que dice el embajador de Estados Unidos, un d\u00eda con lo que dice otro d\u00eda, fue el caso por ejemplo, de la reforma al Poder Judicial, en una ocasi\u00f3n dijo que le parec\u00eda bien, y una semana despu\u00e9s dijo que iba a ser muy malo para M\u00e9xico. Les voy a poner una declaraci\u00f3n de Salazar\u201d.<\/p>\n\n\n\n<p>Ayer, en conferencia de prensa, Salazar dijo que la estrategia de \u201cabrazos y no balazos\u201d del expresidente Andr\u00e9s Manuel L\u00f3pez Obrador no funcion\u00f3, adem\u00e1s de que el mandatario anterior se neg\u00f3 a recibir apoyo de Estados Unidos para combatir al crimen organizado.<\/p>\n\n\n\n<p>\u201cEntonces cu\u00e1l declaraci\u00f3n escuchamos la de ayer o la de hace unos meses, primer tema porque tiene que haber consecuencia tiene que haber l\u00f3gica en las declaraciones que hace uno, no puede uno declarar primero una cosa y luego declarar otra\u201d, dijo la presidenta.<\/p>\n\n\n\n<p>\u201cSegundo tema, M\u00e9xico es un pa\u00eds libre, independiente y soberano. Nos coordinamos, no nos subordinamos. Con el presidente Joe Biden en el sexenio del presidente L\u00f3pez Obrador tuvo un di\u00e1logo de alto nivel que le llamaron el di\u00e1logo bicentenario en distintos temas, tr\u00e1fico de drogas, tr\u00e1fico de armas, migraci\u00f3n seguridad coordinaci\u00f3n va a seguir habiendo coordinaci\u00f3n porque es muy importante porque tenemos una frontera com\u00fan.<\/p>\n\n\n\n<p>\u201cTiene que haber coordinaci\u00f3n. Tiene que haber di\u00e1logo de alto nivel que nos permita coordinarnos en diferentes temas que importan a uno y a otro pa\u00eds. Adem\u00e1s, somos socios comerciales, pero M\u00e9xico es un pa\u00eds libre, independiente, soberano, nos coordinamos, trabajamos juntos pero no hay subordinaci\u00f3n.<\/p>\n\n\n\n<p>La presidenta manifest\u00f3 que hoy es una relaci\u00f3n distinta entre M\u00e9xico y Estados Unidos, \u201ces una relaci\u00f3n de iguales entre dos pa\u00edses independientes soberanos que compartimos mucho, compartimos familia porque hay familias de un lado y de otro lado de la frontera. compartimos cultura, compartimos econom\u00eda comercio y tambi\u00e9n compartimos problemas y esos problemas coordinamos para resolver\u201d.<\/p>\n\n\n\n<p>Record\u00f3 que ayer hubo una nota diplom\u00e1tica, por la disparidad de declaraciones de Ken Salazar, y por otro lado pues \u201cla coordinaci\u00f3n m\u00e1s no la subordinaci\u00f3n\u201d.<\/p>\n\n\n\n<p><a href=\"https:\/\/www.elsoldemexico.com.mx\/mexico\/con-eu-hay-coordinacion-no-subordinacion-dice-sheinbaum-por-comentarios-de-ken-salazar-12870510.html\">https:\/\/www.elsoldemexico.com.mx\/mexico\/con-eu-hay-coordinacion-no-subordinacion-dice-sheinbaum-por-comentarios-de-ken-salazar-12870510.html<\/a><\/p>\n","protected":false},"excerpt":{"rendered":"<p>La mandataria dijo esto luego de ser cuestionada por la nota diplom\u00e1tica que se envi\u00f3 al gobierno de EU por los dichos de Ken Salazar sobre la estrategia de seguridad en M\u00e9xico Tomado de El Sol de M\u00e9xico Javier Divany Jueves 14 de noviembre de 2024 La presidenta Claudia Sheinbaum advirti\u00f3 que M\u00e9xico tiene \u201ccoordinaci\u00f3n, [&hellip;]<\/p>\n","protected":false},"author":1,"featured_media":20314,"comment_status":"open","ping_status":"open","sticky":false,"template":"","format":"standard","meta":{"content-type":"","footnotes":""},"categories":[7,115,105],"tags":[],"class_list":{"0":"post-20313","1":"post","2":"type-post","3":"status-publish","4":"format-standard","5":"has-post-thumbnail","7":"category-internacional","8":"category-politica","9":"category-principal"},"_links":{"self":[{"href":"https:\/\/www.regioncuatronoticias.com\/index.php\/wp-json\/wp\/v2\/posts\/20313","targetHints":{"allow":["GET"]}}],"collection":[{"href":"https:\/\/www.regioncuatronoticias.com\/index.php\/wp-json\/wp\/v2\/posts"}],"about":[{"href":"https:\/\/www.regioncuatronoticias.com\/index.php\/wp-json\/wp\/v2\/types\/post"}],"author":[{"embeddable":true,"href":"https:\/\/www.regioncuatronoticias.com\/index.php\/wp-json\/wp\/v2\/users\/1"}],"replies":[{"embeddable":true,"href":"https:\/\/www.regioncuatronoticias.com\/index.php\/wp-json\/wp\/v2\/comments?post=20313"}],"version-history":[{"count":2,"href":"https:\/\/www.regioncuatronoticias.com\/index.php\/wp-json\/wp\/v2\/posts\/20313\/revisions"}],"predecessor-version":[{"id":20348,"href":"https:\/\/www.regioncuatronoticias.com\/index.php\/wp-json\/wp\/v2\/posts\/20313\/revisions\/20348"}],"wp:featuredmedia":[{"embeddable":true,"href":"https:\/\/www.regioncuatronoticias.com\/index.php\/wp-json\/wp\/v2\/media\/20314"}],"wp:attachment":[{"href":"https:\/\/www.regioncuatronoticias.com\/index.php\/wp-json\/wp\/v2\/media?parent=20313"}],"wp:term":[{"taxonomy":"category","embeddable":true,"href":"https:\/\/www.regioncuatronoticias.com\/index.php\/wp-json\/wp\/v2\/categories?post=20313"},{"taxonomy":"post_tag","embeddable":true,"href":"https:\/\/www.regioncuatronoticias.com\/index.php\/wp-json\/wp\/v2\/tags?post=20313"}],"curies":[{"name":"wp","href":"https:\/\/api.w.org\/{rel}","templated":true}]}}