{"id":20272,"date":"2024-11-13T23:04:47","date_gmt":"2024-11-14T06:04:47","guid":{"rendered":"https:\/\/www.regioncuatronoticias.com\/?p=20272"},"modified":"2024-11-13T23:04:52","modified_gmt":"2024-11-14T06:04:52","slug":"cancilleria-responde-con-nota-diplomatica-a-criticas-de-ken-salazar","status":"publish","type":"post","link":"https:\/\/www.regioncuatronoticias.com\/index.php\/2024\/11\/13\/cancilleria-responde-con-nota-diplomatica-a-criticas-de-ken-salazar\/","title":{"rendered":"Canciller\u00eda responde con nota diplom\u00e1tica a cr\u00edticas de Ken Salazar"},"content":{"rendered":"\n<p><strong>En una conferencia, el embajador de Estados Unidos en M\u00e9xico consider\u00f3 que fracas\u00f3 la pol\u00edtica de &#8220;abrazos, no balazos&#8221; impulsada por el expresidente Andr\u00e9s Manuel L\u00f3pez Obrador.<\/strong><\/p>\n\n\n\n<p>Tomado de Proceso<\/p>\n\n\n\n<p>Mathieu Tourliere<\/p>\n\n\n\n<p>Mi\u00e9rcoles 13 de noviembre de 2024<\/p>\n\n\n\n<p>CDMX.- (apro).\u2013 El gobierno de Claudia Sheinbaum Pardo envi\u00f3 una nota diplom\u00e1tica a la embajada de Estados Unidos en M\u00e9xico para expresar su \u201cextra\u00f1amiento\u201d ante las severas cr\u00edticas que Ken Salazar expres\u00f3 respecto al fracaso de la pol\u00edtica de seguridad implementada en el pa\u00eds desde el sexenio de Andr\u00e9s Manuel L\u00f3pez Obrador.<\/p>\n\n\n\n<p>La Secretar\u00eda de Relaciones Exteriores (SRE) no pod\u00eda mantenerse callada ante el evidente mensaje de distanciamiento que emiti\u00f3 horas antes el representante del gobierno de Joe Biden, durante una conferencia de prensa en la residencia del embajador: ah\u00ed, Salazar no solo sentenci\u00f3 que la pol\u00edtica de \u201cabrazos, no balazos\u201d no funcion\u00f3, sino que acus\u00f3 a los gobiernos mexicanos de negar la realidad sobre la situaci\u00f3n de violencia y de inseguridad que impera en el pa\u00eds.<\/p>\n\n\n\n<p><strong>El Mayo\u201d<\/strong><\/p>\n\n\n\n<p>En los \u00faltimos meses, la relaci\u00f3n de Salazar con L\u00f3pez Obrador y con Sheinbaum lleg\u00f3 a un punto de quiebre, primero por sus cr\u00edticas respecto a la reforma al poder judicial, y luego por la captura de Joaqu\u00edn Guzm\u00e1n L\u00f3pez e Ismael \u201cEl Mayo\u201d Zambada, dos l\u00edderes del C\u00e1rtel de Sinaloa, pues ambos presidentes de M\u00e9xico atribuyeron a Estados Unidos el \u201csecuestro\u201d y la explosi\u00f3n de violencia que deriv\u00f3 de \u00e9l en Sinaloa.<\/p>\n\n\n\n<p>En un escueto bolet\u00edn, la Canciller\u00eda mexicana indic\u00f3 que envi\u00f3 una \u201cnota diplom\u00e1tica a la Embajada de Estados Unidos en M\u00e9xico, por las declaraciones realizadas por el embajador Ken Salazar durante la conferencia de prensa que tuvo lugar este mi\u00e9rcoles 13 de noviembre\u201d, y se limit\u00f3 a decir que \u201cen la nota, M\u00e9xico manifest\u00f3 su extra\u00f1amiento por los mensajes emitidos por el actual embajador de Estados Unidos en nuestro pa\u00eds\u201d.<\/p>\n\n\n\n<p>Frente a reporteros de la prensa mexicana, Salazar se quej\u00f3 abiertamente de que L\u00f3pez Obrador cerr\u00f3 la puerta a la colaboraci\u00f3n con su gobierno en materia de seguridad por \u201crazones ideol\u00f3gicas\u201d, y exhort\u00f3 a Sheinbaum a no aplicar la \u201causteridad republicana\u201d en este \u00e1mbito, so pena de empeorar la situaci\u00f3n y de favorecer la corrupci\u00f3n en los cuerpos policiales, las fiscal\u00edas y los gobiernos estatales.<\/p>\n\n\n\n<p>El tono y el contenido de las declaraciones de Salazar ilustraron la intenci\u00f3n de marcar una ruptura entre su gobierno y los de la llamada Cuarta Transformaci\u00f3n, a dos meses de que Joe Biden entregue la presidencia de Estados Unidos a Donald Trump.<\/p>\n\n\n\n<p><a href=\"https:\/\/www.proceso.com.mx\/nacional\/2024\/11\/13\/la-cancilleria-responde-con-una-nota-diplomatica-las-criticas-de-ken-salazar-340315.html\">https:\/\/www.proceso.com.mx\/nacional\/2024\/11\/13\/la-cancilleria-responde-con-una-nota-diplomatica-las-criticas-de-ken-salazar-340315.html<\/a><\/p>\n","protected":false},"excerpt":{"rendered":"<p>En una conferencia, el embajador de Estados Unidos en M\u00e9xico consider\u00f3 que fracas\u00f3 la pol\u00edtica de &#8220;abrazos, no balazos&#8221; impulsada por el expresidente Andr\u00e9s Manuel L\u00f3pez Obrador. Tomado de Proceso Mathieu Tourliere Mi\u00e9rcoles 13 de noviembre de 2024 CDMX.- (apro).\u2013 El gobierno de Claudia Sheinbaum Pardo envi\u00f3 una nota diplom\u00e1tica a la embajada de Estados [&hellip;]<\/p>\n","protected":false},"author":1,"featured_media":20273,"comment_status":"open","ping_status":"open","sticky":false,"template":"","format":"standard","meta":{"content-type":"","footnotes":""},"categories":[7,3,115,105],"tags":[],"class_list":{"0":"post-20272","1":"post","2":"type-post","3":"status-publish","4":"format-standard","5":"has-post-thumbnail","7":"category-internacional","8":"category-mexico","9":"category-politica","10":"category-principal"},"_links":{"self":[{"href":"https:\/\/www.regioncuatronoticias.com\/index.php\/wp-json\/wp\/v2\/posts\/20272","targetHints":{"allow":["GET"]}}],"collection":[{"href":"https:\/\/www.regioncuatronoticias.com\/index.php\/wp-json\/wp\/v2\/posts"}],"about":[{"href":"https:\/\/www.regioncuatronoticias.com\/index.php\/wp-json\/wp\/v2\/types\/post"}],"author":[{"embeddable":true,"href":"https:\/\/www.regioncuatronoticias.com\/index.php\/wp-json\/wp\/v2\/users\/1"}],"replies":[{"embeddable":true,"href":"https:\/\/www.regioncuatronoticias.com\/index.php\/wp-json\/wp\/v2\/comments?post=20272"}],"version-history":[{"count":1,"href":"https:\/\/www.regioncuatronoticias.com\/index.php\/wp-json\/wp\/v2\/posts\/20272\/revisions"}],"predecessor-version":[{"id":20274,"href":"https:\/\/www.regioncuatronoticias.com\/index.php\/wp-json\/wp\/v2\/posts\/20272\/revisions\/20274"}],"wp:featuredmedia":[{"embeddable":true,"href":"https:\/\/www.regioncuatronoticias.com\/index.php\/wp-json\/wp\/v2\/media\/20273"}],"wp:attachment":[{"href":"https:\/\/www.regioncuatronoticias.com\/index.php\/wp-json\/wp\/v2\/media?parent=20272"}],"wp:term":[{"taxonomy":"category","embeddable":true,"href":"https:\/\/www.regioncuatronoticias.com\/index.php\/wp-json\/wp\/v2\/categories?post=20272"},{"taxonomy":"post_tag","embeddable":true,"href":"https:\/\/www.regioncuatronoticias.com\/index.php\/wp-json\/wp\/v2\/tags?post=20272"}],"curies":[{"name":"wp","href":"https:\/\/api.w.org\/{rel}","templated":true}]}}