{"id":20165,"date":"2024-11-12T18:40:02","date_gmt":"2024-11-13T01:40:02","guid":{"rendered":"https:\/\/www.regioncuatronoticias.com\/?p=20165"},"modified":"2024-11-12T18:40:06","modified_gmt":"2024-11-13T01:40:06","slug":"rosario-piedra-ibarra-repetira-en-la-cndh-morena-construye-acuerdo-en-senado","status":"publish","type":"post","link":"https:\/\/www.regioncuatronoticias.com\/index.php\/2024\/11\/12\/rosario-piedra-ibarra-repetira-en-la-cndh-morena-construye-acuerdo-en-senado\/","title":{"rendered":"Rosario Piedra Ibarra repetir\u00e1 en la CNDH; Morena construye acuerdo en Senado"},"content":{"rendered":"\n<p><strong>El presidente del Senado, Gerardo Fern\u00e1ndez Noro\u00f1a, confirm\u00f3 que avanzan en el consenso para reelegir a Rosario Piedra Ibarra<\/strong><\/p>\n\n\n\n<p>Tomado de Excelsior<\/p>\n\n\n\n<p>Martes 12 de noviembre de 2024<\/p>\n\n\n\n<p>Senadores de Morena, PT y PVEM cerrar\u00e1n filas para que Rosario Piedra Ibarra se mantenga al frente de la Comisi\u00f3n Nacional de Derechos Humanos (CNDH), pese a no ser el mejor perfil para seguir en el cargo.<\/p>\n\n\n\n<p>El presidente de la Mesa Directiva del Senado, Gerardo Fern\u00e1ndez Noro\u00f1a, coment\u00f3 que se construye el consenso para que Piedra Ibarra repita y se\u00f1al\u00f3 que s\u00f3lo el senador Javier Corral no est\u00e1 de acuerdo en la reelecci\u00f3n, por lo que consider\u00f3 que solo \u00e9l votar\u00e1 en contra.<\/p>\n\n\n\n<p>\u201cSe est\u00e1 construyendo un consenso en torno a Rosario Piedra Ibarra. En Morena va avanzando un consenso. Estamos valorando muy seriamente la reelecci\u00f3n de Rosario Piedra.<\/p>\n\n\n\n<p>\u201cYo estoy de acuerdo en que sea. Mi posici\u00f3n es que es una compa\u00f1era probada, comprometida y que ha sufrido el acoso de organizaciones de derecha dur\u00edsimo. Estoy convencido\u201d, apunt\u00f3.<\/p>\n\n\n\n<p>Carta ap\u00f3crifa que present\u00f3 Rosario Piedra<\/p>\n\n\n\n<p>Sobre la carta de apoyo ap\u00f3crifa que present\u00f3 Piedra Ibarra, coment\u00f3 que le pedir\u00e1 al \u00e1rea jur\u00eddica que presente la denuncia correspondiente sobre este hecho.<\/p>\n\n\n\n<p>El senador Javier Corral inform\u00f3 que Piedra Ibarra no estuvo entre los aspirantes mejor evaluados para presidir la CNDH, pero justific\u00f3 que lleg\u00f3 a la terna final despu\u00e9s de haber escuchado \u201clas voces\u201d de quienes buscan la reelecci\u00f3n de la titular.<\/p>\n\n\n\n<p>\u201cNo s\u00f3lo se trata de seleccionar a los perfiles m\u00e1s id\u00f3neos y mejor evaluados, sino tambi\u00e9n de conseguir el mayor consenso pol\u00edtico\u201d, dijo Corral Jurado.<\/p>\n\n\n\n<p><a href=\"https:\/\/www.excelsior.com.mx\/nacional\/rosario-piedra-ibarra-senadores-morena-buscan-acuerdo-reeleccion-cndh\/1683966\">https:\/\/www.excelsior.com.mx\/nacional\/rosario-piedra-ibarra-senadores-morena-buscan-acuerdo-reeleccion-cndh\/1683966<\/a><\/p>\n","protected":false},"excerpt":{"rendered":"<p>El presidente del Senado, Gerardo Fern\u00e1ndez Noro\u00f1a, confirm\u00f3 que avanzan en el consenso para reelegir a Rosario Piedra Ibarra Tomado de Excelsior Martes 12 de noviembre de 2024 Senadores de Morena, PT y PVEM cerrar\u00e1n filas para que Rosario Piedra Ibarra se mantenga al frente de la Comisi\u00f3n Nacional de Derechos Humanos (CNDH), pese a [&hellip;]<\/p>\n","protected":false},"author":1,"featured_media":20166,"comment_status":"open","ping_status":"open","sticky":false,"template":"","format":"standard","meta":{"content-type":"","footnotes":""},"categories":[3,115,105],"tags":[],"class_list":{"0":"post-20165","1":"post","2":"type-post","3":"status-publish","4":"format-standard","5":"has-post-thumbnail","7":"category-mexico","8":"category-politica","9":"category-principal"},"_links":{"self":[{"href":"https:\/\/www.regioncuatronoticias.com\/index.php\/wp-json\/wp\/v2\/posts\/20165","targetHints":{"allow":["GET"]}}],"collection":[{"href":"https:\/\/www.regioncuatronoticias.com\/index.php\/wp-json\/wp\/v2\/posts"}],"about":[{"href":"https:\/\/www.regioncuatronoticias.com\/index.php\/wp-json\/wp\/v2\/types\/post"}],"author":[{"embeddable":true,"href":"https:\/\/www.regioncuatronoticias.com\/index.php\/wp-json\/wp\/v2\/users\/1"}],"replies":[{"embeddable":true,"href":"https:\/\/www.regioncuatronoticias.com\/index.php\/wp-json\/wp\/v2\/comments?post=20165"}],"version-history":[{"count":1,"href":"https:\/\/www.regioncuatronoticias.com\/index.php\/wp-json\/wp\/v2\/posts\/20165\/revisions"}],"predecessor-version":[{"id":20167,"href":"https:\/\/www.regioncuatronoticias.com\/index.php\/wp-json\/wp\/v2\/posts\/20165\/revisions\/20167"}],"wp:featuredmedia":[{"embeddable":true,"href":"https:\/\/www.regioncuatronoticias.com\/index.php\/wp-json\/wp\/v2\/media\/20166"}],"wp:attachment":[{"href":"https:\/\/www.regioncuatronoticias.com\/index.php\/wp-json\/wp\/v2\/media?parent=20165"}],"wp:term":[{"taxonomy":"category","embeddable":true,"href":"https:\/\/www.regioncuatronoticias.com\/index.php\/wp-json\/wp\/v2\/categories?post=20165"},{"taxonomy":"post_tag","embeddable":true,"href":"https:\/\/www.regioncuatronoticias.com\/index.php\/wp-json\/wp\/v2\/tags?post=20165"}],"curies":[{"name":"wp","href":"https:\/\/api.w.org\/{rel}","templated":true}]}}