{"id":20153,"date":"2024-11-12T15:27:40","date_gmt":"2024-11-12T22:27:40","guid":{"rendered":"https:\/\/www.regioncuatronoticias.com\/?p=20153"},"modified":"2024-11-12T15:27:45","modified_gmt":"2024-11-12T22:27:45","slug":"sheinbaum-acusa-a-jorge-romero-de-ser-el-lider-del-cartel-inmobiliario","status":"publish","type":"post","link":"https:\/\/www.regioncuatronoticias.com\/index.php\/2024\/11\/12\/sheinbaum-acusa-a-jorge-romero-de-ser-el-lider-del-cartel-inmobiliario\/","title":{"rendered":"Sheinbaum acusa a Jorge Romero de ser el l\u00edder del C\u00e1rtel Inmobiliario"},"content":{"rendered":"\n<p><strong>La presidenta Claudia Sheinbaum record\u00f3 las acusaciones del expresidente Calder\u00f3n contra Jorge Romero sobre la red de corrupci\u00f3n inmobiliaria<\/strong><\/p>\n\n\n\n<p>Tomado de El Sol de M\u00e9xico<\/p>\n\n\n\n<p>Jorge Salcedo<\/p>\n\n\n\n<p>Lunes 11 de noviembre de 2024<\/p>\n\n\n\n<p>La presidenta Claudia Sheinbaum acus\u00f3 a Jorge Romero, quien ayer fue electo como el nuevo presidente nacional del PAN, de ser el l\u00edder del C\u00e1rtel Inmobiliario y que cuenta con se\u00f1alamientos de corrupci\u00f3n incluso por el mismo expresidente Felipe Calder\u00f3n.<\/p>\n\n\n\n<p>\u201cEs el jefe del c\u00e1rtel inmobiliario el presidente del PAN, lo conocimos muy bien en la Ciudad de M\u00e9xico\u201d declar\u00f3 Claudia Sheinbaum, \u201chay que preguntarle a Calder\u00f3n que opina de Jorge Romero\u201d.<\/p>\n\n\n\n<p>Un d\u00eda despu\u00e9s de que el PAN celebrara su elecci\u00f3n interna para definir su dirigencia entre el candidato Jorge Romero y Adriana D\u00e1vila, la presidenta record\u00f3 las acusaciones del expresidente Calder\u00f3n en su libro contra el nuevo presidente del partido.<\/p>\n\n\n\n<p><strong>Ganamos la dirigencia del PAN: Jorge Romero se proclama l\u00edder nacional del partido<\/strong><\/p>\n\n\n\n<p>\u201cEn su libro dice: \u2018Jorge Romero de la Ciudad de M\u00e9xico, exdelegado en Benito Ju\u00e1rez, famoso por los casos de corrupci\u00f3n que constantemente empresas extorsionadas revelaban. Un amigo suyo, y sobrino m\u00edo, me relat\u00f3 que dej\u00f3 de trabajar con \u00e9l cuando el propio Romero le confes\u00f3 que asociaciones de ambulantes y otros le representaban a su grupo ganancias de siete millones de pesos al mes. Con ellos, adem\u00e1s, hab\u00eda infiltrado el padr\u00f3n del PAN en toda la ciudad.\u2019 Eso es lo que opina Calder\u00f3n\u201d se\u00f1al\u00f3 Claudia Sheinbaum.<\/p>\n\n\n\n<p>La presidenta agreg\u00f3 que el grupo que integra Jorge Romero es conocido entre los mismos panistas por sus esquemas de corrupci\u00f3n, por lo que consider\u00f3 que no hubo un cambio sustantivo en el PAN.<\/p>\n\n\n\n<p>&nbsp;\u201cPero en particular este grupo que llega hoy a la dirigencia del PAN pues es un grupo conocido por los propio panistas de estos esquemas de mucha corrupci\u00f3n que nacieron en esta alcald\u00eda. Entonces, que digan qu\u00e9 renovaci\u00f3n tuvo el Partido Acci\u00f3n Nacional, pues no mucha \u00bfverdad?\u201d, subray\u00f3 la presidenta de la Rep\u00fablica.<\/p>\n\n\n\n<p>La presidenta Sheinbaum record\u00f3 durante la conferencia de prensa de este lunes 11 de noviembre el esquema de corrupci\u00f3n por el que es acusado al C\u00e1rtel Inmobiliario, el cual se dio a conocer durante su gesti\u00f3n como Jefa de Gobierno en la Ciudad de M\u00e9xico, cuando la entonces fiscal, Ernestina Godoy, comenz\u00f3 a indagar irregularidades en edificios de la alcald\u00eda Benito Ju\u00e1rez despu\u00e9s de la explosi\u00f3n en un edificio. <\/p>\n\n\n\n<p>https:\/\/www.elsoldemexico.com.mx\/mexico\/sociedad\/sheinbaum-acusa-a-jorge-romero-de-ser-el-lider-del-cartel-inmobiliario-12853826.<\/p>\n\n\n\n<p><\/p>\n","protected":false},"excerpt":{"rendered":"<p>La presidenta Claudia Sheinbaum record\u00f3 las acusaciones del expresidente Calder\u00f3n contra Jorge Romero sobre la red de corrupci\u00f3n inmobiliaria Tomado de El Sol de M\u00e9xico Jorge Salcedo Lunes 11 de noviembre de 2024 La presidenta Claudia Sheinbaum acus\u00f3 a Jorge Romero, quien ayer fue electo como el nuevo presidente nacional del PAN, de ser el [&hellip;]<\/p>\n","protected":false},"author":1,"featured_media":20154,"comment_status":"open","ping_status":"open","sticky":false,"template":"","format":"standard","meta":{"content-type":"","footnotes":""},"categories":[3,115,105],"tags":[],"class_list":{"0":"post-20153","1":"post","2":"type-post","3":"status-publish","4":"format-standard","5":"has-post-thumbnail","7":"category-mexico","8":"category-politica","9":"category-principal"},"_links":{"self":[{"href":"https:\/\/www.regioncuatronoticias.com\/index.php\/wp-json\/wp\/v2\/posts\/20153","targetHints":{"allow":["GET"]}}],"collection":[{"href":"https:\/\/www.regioncuatronoticias.com\/index.php\/wp-json\/wp\/v2\/posts"}],"about":[{"href":"https:\/\/www.regioncuatronoticias.com\/index.php\/wp-json\/wp\/v2\/types\/post"}],"author":[{"embeddable":true,"href":"https:\/\/www.regioncuatronoticias.com\/index.php\/wp-json\/wp\/v2\/users\/1"}],"replies":[{"embeddable":true,"href":"https:\/\/www.regioncuatronoticias.com\/index.php\/wp-json\/wp\/v2\/comments?post=20153"}],"version-history":[{"count":1,"href":"https:\/\/www.regioncuatronoticias.com\/index.php\/wp-json\/wp\/v2\/posts\/20153\/revisions"}],"predecessor-version":[{"id":20155,"href":"https:\/\/www.regioncuatronoticias.com\/index.php\/wp-json\/wp\/v2\/posts\/20153\/revisions\/20155"}],"wp:featuredmedia":[{"embeddable":true,"href":"https:\/\/www.regioncuatronoticias.com\/index.php\/wp-json\/wp\/v2\/media\/20154"}],"wp:attachment":[{"href":"https:\/\/www.regioncuatronoticias.com\/index.php\/wp-json\/wp\/v2\/media?parent=20153"}],"wp:term":[{"taxonomy":"category","embeddable":true,"href":"https:\/\/www.regioncuatronoticias.com\/index.php\/wp-json\/wp\/v2\/categories?post=20153"},{"taxonomy":"post_tag","embeddable":true,"href":"https:\/\/www.regioncuatronoticias.com\/index.php\/wp-json\/wp\/v2\/tags?post=20153"}],"curies":[{"name":"wp","href":"https:\/\/api.w.org\/{rel}","templated":true}]}}