{"id":20077,"date":"2024-11-10T21:17:00","date_gmt":"2024-11-11T04:17:00","guid":{"rendered":"https:\/\/www.regioncuatronoticias.com\/?p=20077"},"modified":"2024-11-10T21:17:03","modified_gmt":"2024-11-11T04:17:03","slug":"lupita-taddei-en-la-mira","status":"publish","type":"post","link":"https:\/\/www.regioncuatronoticias.com\/index.php\/2024\/11\/10\/lupita-taddei-en-la-mira\/","title":{"rendered":"Lupita Taddei en la mira"},"content":{"rendered":"\n<p><strong>Columna Corren Rumores<\/strong><\/p>\n\n\n\n<p><strong>Hilario Olea<\/strong><\/p>\n\n\n\n<p><strong>Lupita Taddei en la mira<\/strong><\/p>\n\n\n\n<p><strong>Lunes 11 de noviembre de 2024<\/strong><\/p>\n\n\n\n<p><strong>NADO SINCRONIZADO\u2026 <\/strong>Algo pas\u00f3 que ahora el INE y Lupita Taddei est\u00e1n en la mira de la presidencia. En una llamada de atenci\u00f3n en p\u00fablico, porque fue en la ma\u00f1anera, la presidenta Claudia Sheinbaun denunci\u00f3 que se le hac\u00eda mucho el gasto que se ten\u00eda programado para la elecci\u00f3n de jueces, magistrados y ministros, porque supera los 13 mil millones, cuando&nbsp; originalmente lo estimaban en unos siete mil millones de pesos. Llama la atenci\u00f3n que esto sea una denuncia p\u00fablica y no se haya arreglado con una llamada telef\u00f3nica. Pero, ah\u00ed no para todo, porque luego aparece el nado sincronizado y diferentes sectores y liderazgos de la 4T comienzan a tundirle a la presidenta del \u00f3rgano electoral, como fue el caso de Luisa Mar\u00eda Alcalde, flamante dirigente de Morena, quien se suma al se\u00f1alamiento de que&nbsp; se han vuelto careros. Pero, va m\u00e1s all\u00e1, porque acusan al INE y obvio a su presidencia, de querer bloquear las reformas al poder judicial. O sea, los misiles tienen dedicatoria. Y si suben de tono, m\u00e1s vale que Lupita Taddei comience a hacer maletas.<\/p>\n\n\n\n<p><strong>\u00bfLOS TADDEI EN PROBLEMAS?&#8230; <\/strong>Por obvias razones y demasiadas se\u00f1ales se puede pensar que la familia Taddei por alg\u00fan motivo trae problemas con palacio de gobierno. Hasta ahora no se sabe de manera oficial que pudo hacer que chocar\u00e1 Jorge Taddei con el grupo del poder estatal al grado de que no solo nadie de la familia alcanzara un cargo de elecci\u00f3n popular, sino que lo congelaran. Y para confirmar este congelamiento se movieron fotos donde est\u00e1 Jorge atr\u00e1s de una valla saludando al entonces presidente L\u00f3pez Obrador. El s\u00faper delegado del Bienestar saludando detr\u00e1s de una valla, es algo impensable. Por eso se maneja la versi\u00f3n de que hay confrontaci\u00f3n. Incluso, ni la propia Guadalupe Taddei pudo hacer algo por su primo. Su hija Celeste no pudo seguir su carrera legislativa. Otro hijo est\u00e1 enclaustrado en una mugre oficina del Litio Mex. Pero \u00bfqu\u00e9 fue lo que pas\u00f3? Porque no se puede cuestionar la lealtad de Jorge y su familia a la 4T. Siempre han sido de izquierda y han sido congruentes con esta ideolog\u00eda. Estuvieron en las malas cuando iniciaba Morena.&nbsp; Por lealtad no paran. \u00bfEntonces, cu\u00e1l es el problema? Ya veremos.<\/p>\n\n\n\n<p><strong>SIEMPRE SI LAS DEPORTACIONES\u2026 <\/strong>De acuerdo con el peri\u00f3dico The Wall Street Journal, el equipo republicano de Donald Trump est\u00e1 preparando un operativo de deportaciones de indocumentados y es obvio que los van a tirar, as\u00ed literalmente, a nuestro pa\u00eds.&nbsp; No ser\u00e1 como hasta ahora con operativos aqu\u00ed o all\u00e1,&nbsp; sino que vienen con una expulsi\u00f3n masiva y para ello establecer\u00e1n bases militares a lo largo de la frontera. En una primera etapa van por los que est\u00e1n en suelo americano sin documentos y&nbsp; que ya han sido rechazados. Se calcula que nos estar\u00e1n enviando algo as\u00ed como 1.3 millones de indocumentados para ser atendidos por M\u00e9xico, sean o no sean mexicanos. Y si est\u00e1n tramitando documentos, lo tendr\u00e1n que hacer desde nuestro pa\u00eds. Esperemos ver c\u00f3mo reacciona nuestro gobierno y c\u00f3mo defiende nuestra soberan\u00eda.<\/p>\n\n\n\n<p><strong>RECUERDAN LA DETENCI\u00d3N DE PADR\u00c9S\u2026 <\/strong>Este domingo se cumplieron ocho a\u00f1os de la detenci\u00f3n de Guillermo Padr\u00e9s por la PGR. Fue frente al Reclusorio Oriente despu\u00e9s de haber andado huyendo por 42 d\u00edas y tras salir del noticiero de Ciro G\u00f3mez Leyva. Se comenta que esto tuvo fondo pol\u00edtico porque se trat\u00f3 de una venganza de Enrique Pe\u00f1a Nieto, quien acus\u00f3 al exgobernador de Sonora de sabotear su campa\u00f1a&nbsp; y endilgarle el mote de \u201clobo copet\u00f3n\u201d. Como quiera que haya sido, se le sigui\u00f3 una investigaci\u00f3n&nbsp; por&nbsp; defraudaci\u00f3n fiscal equiparada, de realizar operaciones con recursos de procedencia il\u00edcita y de delincuencia organizada. La PGR detect\u00f3 cuentas bancarias en el extranjero del exmandatario de Sonora por 8.8 millones de d\u00f3lares. Lo malo que en&nbsp; la investigaci\u00f3n&nbsp; tambi\u00e9n se fueron en contra de su hijo, pues se descubri\u00f3 que se realizaron diferentes transferencias bancarias por 178 millones de pesos. Una de las cuentas est\u00e1 a nombre de&nbsp; Guillermo Padr\u00e9s Dagnino. Esto desde luego si afect\u00f3 y en serio al exgobernador, porque lo que menos quer\u00eda era involucrar a su familia y menos a sus hijos. Esto s\u00ed fue una cat\u00e1strofe pol\u00edtica para el grupo del exgobernador. Algunos sobrevivieron pas\u00e1ndose a las filas de la 4T y con ello limpiaron sus pecados. Otros se aferraron al PAN y ah\u00ed encontraron cobijo. Pero a pesar de que todav\u00eda Padr\u00e9s cuenta con liderazgo en su partido, ya no tiene la misma influencia pol\u00edtica. El golpe fue en la l\u00ednea de flotaci\u00f3n.<\/p>\n\n\n\n<p>En fin, as\u00ed es la historia, por eso recuerden lo que dec\u00eda el Rabanito God\u00ednez, con la vara que midas, con esa te van a dar en el lomo. Sale.<\/p>\n\n\n\n<p><strong>S\u00edganos en la cuenta de X o Twitter @hilarioolea.<\/strong><\/p>\n\n\n\n<p><strong>Pueden vernos de lunes a viernes de 8 a 9 de la noche en nuestro canal de YouTube \u201cEntre Todos Digital\u201d.<\/strong><\/p>\n\n\n\n<p><strong>Sigan nuestras redes sociales<\/strong><\/p>\n","protected":false},"excerpt":{"rendered":"<p>Columna Corren Rumores Hilario Olea Lupita Taddei en la mira Lunes 11 de noviembre de 2024 NADO SINCRONIZADO\u2026 Algo pas\u00f3 que ahora el INE y Lupita Taddei est\u00e1n en la mira de la presidencia. En una llamada de atenci\u00f3n en p\u00fablico, porque fue en la ma\u00f1anera, la presidenta Claudia Sheinbaun denunci\u00f3 que se le hac\u00eda [&hellip;]<\/p>\n","protected":false},"author":1,"featured_media":20078,"comment_status":"open","ping_status":"open","sticky":false,"template":"","format":"standard","meta":{"content-type":"","footnotes":""},"categories":[121],"tags":[],"class_list":{"0":"post-20077","1":"post","2":"type-post","3":"status-publish","4":"format-standard","5":"has-post-thumbnail","7":"category-hilarioolea"},"_links":{"self":[{"href":"https:\/\/www.regioncuatronoticias.com\/index.php\/wp-json\/wp\/v2\/posts\/20077","targetHints":{"allow":["GET"]}}],"collection":[{"href":"https:\/\/www.regioncuatronoticias.com\/index.php\/wp-json\/wp\/v2\/posts"}],"about":[{"href":"https:\/\/www.regioncuatronoticias.com\/index.php\/wp-json\/wp\/v2\/types\/post"}],"author":[{"embeddable":true,"href":"https:\/\/www.regioncuatronoticias.com\/index.php\/wp-json\/wp\/v2\/users\/1"}],"replies":[{"embeddable":true,"href":"https:\/\/www.regioncuatronoticias.com\/index.php\/wp-json\/wp\/v2\/comments?post=20077"}],"version-history":[{"count":1,"href":"https:\/\/www.regioncuatronoticias.com\/index.php\/wp-json\/wp\/v2\/posts\/20077\/revisions"}],"predecessor-version":[{"id":20079,"href":"https:\/\/www.regioncuatronoticias.com\/index.php\/wp-json\/wp\/v2\/posts\/20077\/revisions\/20079"}],"wp:featuredmedia":[{"embeddable":true,"href":"https:\/\/www.regioncuatronoticias.com\/index.php\/wp-json\/wp\/v2\/media\/20078"}],"wp:attachment":[{"href":"https:\/\/www.regioncuatronoticias.com\/index.php\/wp-json\/wp\/v2\/media?parent=20077"}],"wp:term":[{"taxonomy":"category","embeddable":true,"href":"https:\/\/www.regioncuatronoticias.com\/index.php\/wp-json\/wp\/v2\/categories?post=20077"},{"taxonomy":"post_tag","embeddable":true,"href":"https:\/\/www.regioncuatronoticias.com\/index.php\/wp-json\/wp\/v2\/tags?post=20077"}],"curies":[{"name":"wp","href":"https:\/\/api.w.org\/{rel}","templated":true}]}}