{"id":20074,"date":"2024-11-10T21:15:27","date_gmt":"2024-11-11T04:15:27","guid":{"rendered":"https:\/\/www.regioncuatronoticias.com\/?p=20074"},"modified":"2024-11-10T21:15:33","modified_gmt":"2024-11-11T04:15:33","slug":"se-busca-un-congreso-donde-al-centro-este-la-ciudadania-vicky-espinoza","status":"publish","type":"post","link":"https:\/\/www.regioncuatronoticias.com\/index.php\/2024\/11\/10\/se-busca-un-congreso-donde-al-centro-este-la-ciudadania-vicky-espinoza\/","title":{"rendered":"\u201cSe busca un congreso donde al centro est\u00e9 la ciudadan\u00eda\u201d: Vicky Espinoza"},"content":{"rendered":"\n<p><strong>Columna Olor a Dinero<\/strong><\/p>\n\n\n\n<p><strong>Feliciano J. Espriella<\/strong><\/p>\n\n\n\n<p><strong>\u201cSe busca un congreso donde al centro est\u00e9 la ciudadan\u00eda\u201d: Vicky Espinoza<\/strong><\/p>\n\n\n\n<p><strong>Lunes 11 de noviembre de 2024<\/strong><\/p>\n\n\n\n<p>El pasado lunes tuvimos la oportunidad de platicar en corto y de nuevo con la diputada por el Distrito Electoral XI del Congreso Local de Sonora, la maestra Victoria Espinoza Galaviz, m\u00e1s conocida como Vicky Espinoza.<\/p>\n\n\n\n<p>Anteriormente, lo hicimos el 8 de abril pasado los periodistas que integramos la mesa de an\u00e1lisis Kiosco Mayor, quienes en esa fecha no la conoc\u00edamos, caus\u00e1ndonos una grata experiencia. Sobre esa ocasi\u00f3n, en este mismo espacio me refer\u00ed a la entonces candidata en una columna que titul\u00e9: \u201cUna morenista de cepa va por el Distrito XI\u201d. En dicha entrega escrib\u00ed lo siguiente:<\/p>\n\n\n\n<p>\u201cVicky, quien sincer\u00e1ndose con nosotros se autodefini\u00f3 como una morenista de cepa, nos mostr\u00f3 el rostro de una figura pol\u00edtica fresca, de las que los periodistas frecuentemente se\u00f1alamos escasean en los mentideros pol\u00edticos y que por lo general coincidimos en que son elementos que buena falta les hace para dignificar la actividad y mejorar la opini\u00f3n de la ciudadan\u00eda\u201d.<\/p>\n\n\n\n<p>Evidentemente gan\u00f3 la elecci\u00f3n y en los casi dos meses y medio de desempe\u00f1o como diputada en la XIV Legislatura, con benepl\u00e1cito he podido constatar que mi apreciaci\u00f3n no era incorrecta. Uno de los primeros temas que le cuestionamos fue el relativo al reciente affaire (por definirlo de alguna manera) que se origin\u00f3 alrededor de la ahora ya famosa y c\u00e9lebre Ley de Protecci\u00f3n y Bienestar Animal en Sonora, promulgada el 12 de septiembre pasado y posteriormente prorrogada por tres a\u00f1os.<\/p>\n\n\n\n<p>Al respecto, la maestra acepta que se equivocaron al no analizar a fondo la propuesta y sus posibles consecuencias. Le reconoce a David Figueroa el haber realizado un extraordinario trabajo en el tema, pero algo fall\u00f3. Destaca que ella va iniciando en su responsabilidad legislativa, y maestra al fin, hace un parang\u00f3n con los estudiantes, para se\u00f1alar que como ellos, se encuentra en el per\u00edodo de aprendizaje mediante el m\u00e9todo del \u201censayo y error\u201d.<\/p>\n\n\n\n<p>A pregunta de uno de los compa\u00f1eros de qu\u00e9 es lo que se buscar\u00eda en la actual legislatura. La maestra respondi\u00f3 que \u201cse busca un Congreso en donde al centro est\u00e9 la ciudadan\u00eda. Ahorita vamos a seguir esa l\u00ednea porque el pueblo nos dio la mayor\u00eda y nos exige que le cumplamos\u201d, enfatiz\u00f3.<\/p>\n\n\n\n<p>\u201cAcu\u00e9rdense, -continu\u00f3- que el proyecto de naci\u00f3n es: no mentir, no robar y no traicionar. Entonces, es una forma diferente de hacer gobierno definitivamente y, muchas veces, pues se mide con la misma vara que toda la vida o toda la historia pol\u00edtica de M\u00e9xico, pero el pa\u00eds ya cambi\u00f3\u201d.<\/p>\n\n\n\n<p>Obviamente no \u00edbamos a dejar pasar el tema m\u00e1s \u00e1lgido y popular del momento: la Reforma Judicial, sobre lo cual la maestra nos dio su opini\u00f3n:<\/p>\n\n\n\n<p>\u201cUstedes y nosotros somos testigos fieles de la corrupci\u00f3n de poder judicial. Lo somos. \u00bfPor qu\u00e9? Porque hemos sentido el dolor de nuestros ni\u00f1os muertos en el caso de la guarder\u00eda ABC, que no se hizo justicia, por poner un ejemplo, as\u00ed como tambi\u00e9n infinidad de casos m\u00e1s.<\/p>\n\n\n\n<p>\u201c\u00bfEntonces? \u00bfC\u00f3mo no voy a apoyar un cambio en el ente jurisdiccional cuando estoy viendo que hay luces de querer resolverlos, de hacer justicia en estos temas que son injustos? La justicia se compra billetes en este pa\u00eds normalmente.<\/p>\n\n\n\n<p>Alguno de los compa\u00f1eros cuestion\u00f3 la universalidad de los programas sociales, declar\u00e1ndose en contra de que en las pensiones se incluya a personas por cuya situaci\u00f3n econ\u00f3mica no la necesitan, o ya est\u00e9n recibiendo una pensi\u00f3n de otra dependencia, lo cual no comparte la diputada Espinoza, qui\u00e9n respondi\u00f3 de la siguiente manera:<\/p>\n\n\n\n<p>\u201cBueno, en primer lugar, el tema de la universalidad tiene su raz\u00f3n de ser en una filosof\u00eda de transformaci\u00f3n. Es reconocer a la persona y el esfuerzo realizado y que ya le ha entregado al pa\u00eds. Entonces, seas pobre, rico, de clase media, t\u00fa ya hiciste lo que te conduc\u00eda para tu pa\u00eds. Cuando llegas a una etapa de vejez, ya pagaste tus impuestos, ya hiciste tu trabajo.<\/p>\n\n\n\n<p>\u201cO sea, en ese sentido va el tema de la universalidad, y aqu\u00ed no me interesa si t\u00fa tienes una pensi\u00f3n de diez mil pesos o tienes una pensi\u00f3n de 20 mil pesos o m\u00e1s. \u00bfPor qu\u00e9? Porque te estoy reconociendo tu ciudadan\u00eda y el esfuerzo que ya le entregaste al pa\u00eds\u201d.<\/p>\n\n\n\n<p>Sin duda un enfoque muy humanista y de justicia.<\/p>\n\n\n\n<p>Por hoy fue todo. Gracias por su tolerancia y hasta la pr\u00f3xima.<\/p>\n\n\n\n<p><strong>Twitter: @fjespriella<\/strong><\/p>\n\n\n\n<p><strong>Correo: felicianoespriella@gmail.com<\/strong><\/p>\n","protected":false},"excerpt":{"rendered":"<p>Columna Olor a Dinero Feliciano J. Espriella \u201cSe busca un congreso donde al centro est\u00e9 la ciudadan\u00eda\u201d: Vicky Espinoza Lunes 11 de noviembre de 2024 El pasado lunes tuvimos la oportunidad de platicar en corto y de nuevo con la diputada por el Distrito Electoral XI del Congreso Local de Sonora, la maestra Victoria Espinoza [&hellip;]<\/p>\n","protected":false},"author":1,"featured_media":20075,"comment_status":"open","ping_status":"open","sticky":false,"template":"","format":"standard","meta":{"content-type":"","footnotes":""},"categories":[127],"tags":[],"class_list":{"0":"post-20074","1":"post","2":"type-post","3":"status-publish","4":"format-standard","5":"has-post-thumbnail","7":"category-olor-a-dinero"},"_links":{"self":[{"href":"https:\/\/www.regioncuatronoticias.com\/index.php\/wp-json\/wp\/v2\/posts\/20074","targetHints":{"allow":["GET"]}}],"collection":[{"href":"https:\/\/www.regioncuatronoticias.com\/index.php\/wp-json\/wp\/v2\/posts"}],"about":[{"href":"https:\/\/www.regioncuatronoticias.com\/index.php\/wp-json\/wp\/v2\/types\/post"}],"author":[{"embeddable":true,"href":"https:\/\/www.regioncuatronoticias.com\/index.php\/wp-json\/wp\/v2\/users\/1"}],"replies":[{"embeddable":true,"href":"https:\/\/www.regioncuatronoticias.com\/index.php\/wp-json\/wp\/v2\/comments?post=20074"}],"version-history":[{"count":1,"href":"https:\/\/www.regioncuatronoticias.com\/index.php\/wp-json\/wp\/v2\/posts\/20074\/revisions"}],"predecessor-version":[{"id":20076,"href":"https:\/\/www.regioncuatronoticias.com\/index.php\/wp-json\/wp\/v2\/posts\/20074\/revisions\/20076"}],"wp:featuredmedia":[{"embeddable":true,"href":"https:\/\/www.regioncuatronoticias.com\/index.php\/wp-json\/wp\/v2\/media\/20075"}],"wp:attachment":[{"href":"https:\/\/www.regioncuatronoticias.com\/index.php\/wp-json\/wp\/v2\/media?parent=20074"}],"wp:term":[{"taxonomy":"category","embeddable":true,"href":"https:\/\/www.regioncuatronoticias.com\/index.php\/wp-json\/wp\/v2\/categories?post=20074"},{"taxonomy":"post_tag","embeddable":true,"href":"https:\/\/www.regioncuatronoticias.com\/index.php\/wp-json\/wp\/v2\/tags?post=20074"}],"curies":[{"name":"wp","href":"https:\/\/api.w.org\/{rel}","templated":true}]}}