{"id":19448,"date":"2024-10-25T23:26:23","date_gmt":"2024-10-26T06:26:23","guid":{"rendered":"https:\/\/www.regioncuatronoticias.com\/?p=19448"},"modified":"2024-10-25T23:26:33","modified_gmt":"2024-10-26T06:26:33","slug":"son-mas-violentos-sedena-explica-abatimiento-de-19-miembros-del-cartel-de-sinaloa-en-la-captura-de-el-oso","status":"publish","type":"post","link":"https:\/\/www.regioncuatronoticias.com\/index.php\/2024\/10\/25\/son-mas-violentos-sedena-explica-abatimiento-de-19-miembros-del-cartel-de-sinaloa-en-la-captura-de-el-oso\/","title":{"rendered":"&#8220;Son m\u00e1s violentos&#8221;: Sedena explica abatimiento de 19 miembros del C\u00e1rtel de Sinaloa en la captura de &#8220;El Oso&#8221;"},"content":{"rendered":"\n<p><strong>El general Ricardo Trevi\u00f1o aseguro que tras la detenci\u00f3n de Ovidio Guzm\u00e1n &#8220;los delincuentes aumentaron mucho sus escoltas, (tienen) sicarios muy violentos dispuestos a dar la vida de sus protegidos, de sus escoltados&#8221;<\/strong><\/p>\n\n\n\n<p>Tomado de Latinus<\/p>\n\n\n\n<p>Arturo Cerda<\/p>\n\n\n\n<p>Viernes 25 de octubre de 2024<\/p>\n\n\n\n<p>Los Cabos.- El general Ricardo Trevilla, secretario de la Defensa Nacional (Sedena), di\u00f3 la explicaci\u00f3n oficial al hecho de que 19 miembros del C\u00e1rtel de Sinaloa, leales a Ismael \u201cEl Mayo\u201d Zambada murieran en un enfrentamiento con soldados sin que hubiera bajas por parte de los militares.<\/p>\n\n\n\n<p>En el operativo del inicio de semana, s\u00f3lo fue capturado con vida Edwin Antonio \u201cN\u201d, alias \u201cEl Max\u201d o \u201cEl Oso\u201d, se\u00f1alado como uno de los cabecillas en la zona de ese grupo delincuencial.<\/p>\n\n\n\n<p>En la conferencia de prensa de la presidenta Claudia Sheinbaum, el titular de la Sedena destac\u00f3 que tras la detenci\u00f3n de los l\u00edderes de ese grupo delincuencial \u2014\u201cEl Mayo\u201d y Ovidio Guzm\u00e1n, hijo de \u201cEl Chapo\u201d\u2014, la delincuencia increment\u00f3 su capacidad de fuego y violencia.<\/p>\n\n\n\n<p>\u201cEso ha hecho que los grupos delincuenciales sean m\u00e1s violentos, est\u00e9n m\u00e1s armados y tambi\u00e9n que cuiden m\u00e1s a sus l\u00edderes. Despu\u00e9s de la captura de Ovidio, sobre todo en Sinaloa, los delincuentes aumentaron mucho sus escoltas, (tienen) sicarios muy violentos dispuestos a dar la vida de sus protegidos, de sus escoltados; m\u00e1s armados, mucho mayor violencia. Y el personal militar que asiste a este tipo de eventos pues es gente adiestrada, capacitada, con mucha disciplina, con equipo de protecci\u00f3n, chalecos antibala, cascos. Y bueno, este es el resultado\u201d, asegur\u00f3.<\/p>\n\n\n\n<p>El general Trevilla Trejo inform\u00f3 que lo ocurrido en el enfrentamiento ya investigado por autoridades civiles y militares para determinar si hubo alguna violaci\u00f3n de derechos humanos.<\/p>\n\n\n\n<p>\u201cRespecto de lo que se menciona, pues ya est\u00e1 investigando la Fiscal\u00eda General de la Rep\u00fablica, tom\u00f3 cartas de inmediato y tambi\u00e9n la Fiscal\u00eda de Justicia Militar en caso de que se haya violado o cometido alg\u00fan delito del orden militar. Y en su momento ellos ser\u00e1n los encargados de informar lo que corresponda\u201d.<\/p>\n\n\n\n<p>Respecto de estos hechos, un d\u00eda antes la presidenta Sheinbaum afirm\u00f3 que en su gobierno no ser\u00e1n toleradas las ejecuciones extrajudiciales y sostuvo que la acci\u00f3n de los soldados fue en respuesta a una agresi\u00f3n.<\/p>\n\n\n\n<p>Su antecesor, Andr\u00e9s Manuel L\u00f3pez Obrador, presum\u00eda que en M\u00e9xico ya se hab\u00edan acabado las masacres en hechos que involucraran a los cuerpos de seguridad.<\/p>\n\n\n\n<p><a href=\"https:\/\/latinus.us\/mexico\/2024\/10\/25\/son-mas-violentos-sedena-explica-abatimiento-de-19-miembros-del-cartel-de-sinaloa-en-la-captura-de-el-oso-126853.html\">https:\/\/latinus.us\/mexico\/2024\/10\/25\/son-mas-violentos-sedena-explica-abatimiento-de-19-miembros-del-cartel-de-sinaloa-en-la-captura-de-el-oso-126853.html<\/a><\/p>\n","protected":false},"excerpt":{"rendered":"<p>El general Ricardo Trevi\u00f1o aseguro que tras la detenci\u00f3n de Ovidio Guzm\u00e1n &#8220;los delincuentes aumentaron mucho sus escoltas, (tienen) sicarios muy violentos dispuestos a dar la vida de sus protegidos, de sus escoltados&#8221; Tomado de Latinus Arturo Cerda Viernes 25 de octubre de 2024 Los Cabos.- El general Ricardo Trevilla, secretario de la Defensa Nacional [&hellip;]<\/p>\n","protected":false},"author":1,"featured_media":19449,"comment_status":"open","ping_status":"open","sticky":false,"template":"","format":"standard","meta":{"content-type":"","footnotes":""},"categories":[3,105,113],"tags":[],"class_list":{"0":"post-19448","1":"post","2":"type-post","3":"status-publish","4":"format-standard","5":"has-post-thumbnail","7":"category-mexico","8":"category-principal","9":"category-seguridad"},"_links":{"self":[{"href":"https:\/\/www.regioncuatronoticias.com\/index.php\/wp-json\/wp\/v2\/posts\/19448","targetHints":{"allow":["GET"]}}],"collection":[{"href":"https:\/\/www.regioncuatronoticias.com\/index.php\/wp-json\/wp\/v2\/posts"}],"about":[{"href":"https:\/\/www.regioncuatronoticias.com\/index.php\/wp-json\/wp\/v2\/types\/post"}],"author":[{"embeddable":true,"href":"https:\/\/www.regioncuatronoticias.com\/index.php\/wp-json\/wp\/v2\/users\/1"}],"replies":[{"embeddable":true,"href":"https:\/\/www.regioncuatronoticias.com\/index.php\/wp-json\/wp\/v2\/comments?post=19448"}],"version-history":[{"count":1,"href":"https:\/\/www.regioncuatronoticias.com\/index.php\/wp-json\/wp\/v2\/posts\/19448\/revisions"}],"predecessor-version":[{"id":19450,"href":"https:\/\/www.regioncuatronoticias.com\/index.php\/wp-json\/wp\/v2\/posts\/19448\/revisions\/19450"}],"wp:featuredmedia":[{"embeddable":true,"href":"https:\/\/www.regioncuatronoticias.com\/index.php\/wp-json\/wp\/v2\/media\/19449"}],"wp:attachment":[{"href":"https:\/\/www.regioncuatronoticias.com\/index.php\/wp-json\/wp\/v2\/media?parent=19448"}],"wp:term":[{"taxonomy":"category","embeddable":true,"href":"https:\/\/www.regioncuatronoticias.com\/index.php\/wp-json\/wp\/v2\/categories?post=19448"},{"taxonomy":"post_tag","embeddable":true,"href":"https:\/\/www.regioncuatronoticias.com\/index.php\/wp-json\/wp\/v2\/tags?post=19448"}],"curies":[{"name":"wp","href":"https:\/\/api.w.org\/{rel}","templated":true}]}}