{"id":19445,"date":"2024-10-25T23:19:04","date_gmt":"2024-10-26T06:19:04","guid":{"rendered":"https:\/\/www.regioncuatronoticias.com\/?p=19445"},"modified":"2024-10-25T23:19:07","modified_gmt":"2024-10-26T06:19:07","slug":"gobernador-en-la-mira","status":"publish","type":"post","link":"https:\/\/www.regioncuatronoticias.com\/index.php\/2024\/10\/25\/gobernador-en-la-mira\/","title":{"rendered":"Gobernador en la mira"},"content":{"rendered":"\n<p><strong>Columna Corren Rumores<\/strong><\/p>\n\n\n\n<p><strong>Hilario Olea<\/strong><\/p>\n\n\n\n<p><strong>Gobernador en la mira<\/strong><\/p>\n\n\n\n<p><strong>S\u00e1bado 26 de octubre de 2024<\/strong><\/p>\n\n\n\n<p><strong>LO QUIEREN DESPEDIR\u2026 <\/strong>El gobernador de Sinaloa, Rub\u00e9n Rocha, anda en un buen l\u00edo por eso del \u201cculiacanazo\u201d&nbsp; que ya dura casi dos meses, en donde se le &nbsp;han amontonado cad\u00e1veres y hechos violentos sin que pueda pararlo.&nbsp; Y no puede&nbsp; por in\u00fatil, por miedo o por complicidad. Lo que sea, el caso es que la poblaci\u00f3n ya muestra se\u00f1ales de hartazgo&nbsp; y por eso organizaciones civiles presentaron una solicitud para la revocaci\u00f3n de su mandato, la cual puede prosperar por el \u00e1nimo que hay ahorita en los diferentes sectores de la sociedad.&nbsp; Adem\u00e1s, no puede rehuirlo, porque el mismo impulso la reforma para que se aprobara la Revocaci\u00f3n de Mandato, que puede aplicarse a la mitad del sexenio, que se cumple por coincidencia el pr\u00f3ximo 1 de noviembre.&nbsp; Por eso dicen que lo traen en la mira.<\/p>\n\n\n\n<p><strong>ES POSIBLE SACARLO\u2026 <\/strong>De acuerdo a las reformas para aplicar la revocaci\u00f3n de mandato&nbsp; se requiere presentar 237 mil firmas de ciudadanos, que son &nbsp;equivalentes al 10% del actual padr\u00f3n electoral, y recabadas en once municipios de la entidad. A como est\u00e1 el ambiente en Sinaloa no lo ven dif\u00edcil el conseguir estos respaldos, sobre todo en Culiac\u00e1n. Adem\u00e1s, ahora trae en contra el poderoso grupo de los Mayitos, que ya anunci\u00f3 en volantas que buscar\u00e1 sacarlo del gobierno. Por eso los diputados oficialistas no quieren que se lleve a cabo la recolecci\u00f3n de firmas, porque esto puede prender y luego que se haga a elecci\u00f3n para&nbsp; la revocaci\u00f3n no encuentren como pararlo.&nbsp; Adem\u00e1s ya pusieron otros paros, como el que no se pueden cruzar con la elecci\u00f3n de jueces, magistrados&nbsp; y ministros del Poder Judicial. Puro pretexto para sacarle la vuelta. Lo cierto es que la gente ya est\u00e1 hasta el gorro y&nbsp; lo m\u00e1s probable es que este incendio si va a prender y luego no van a saber c\u00f3mo apagarlo.<\/p>\n\n\n\n<p><strong>NO EST\u00c1S SOLO\u2026 <\/strong>Como buen pol\u00edtico ladino, Rocha en lugar de resolver el problema lo primero que hizo fue culpar a los medios de comunicaci\u00f3n. Luego sali\u00f3 corriendo a la capital del pa\u00eds para que lo arroparan desde su partido Morena, al reunirse con senadores y diputados quienes euf\u00f3ricos lo rodearon&nbsp; gritando \u00a1no est\u00e1s solo, no est\u00e1s solo!&nbsp; No se han dado cuenta que est\u00e1n cometiendo el mismo error que el PRI y el PAN, cuando se pusieron a cubrir&nbsp; a ratas, in\u00fatiles y delincuentes, lo que provoc\u00f3 el repudio de la gente. Eso de no est\u00e1s solo fue un invento de Pe\u00f1a Nieto para auxiliar a Rosario Robles, acusada de transa.&nbsp; Ahora, los morenistas van por el mismo camino. Est\u00e1n arropando a in\u00fatiles y corruptos como Rocha.&nbsp; O el caso de Ignacio Ovalle&nbsp; protegido a pesar del desv\u00edo de 15 mil millones de pesos en Segalmex. Funcionarios que gozan de una vida de lujos.&nbsp; Y bueno, es el mismo&nbsp; caminito que hizo caer a los priistas, solo que este se ve m\u00e1s corto porque les vale cuidar las formas.<\/p>\n\n\n\n<p><strong>SIGUEN LOS ACCIDENTES\u2026 <\/strong>Algo nos est\u00e1 pasando en Hermosillo, porque han aumentado de manera alarmante los accidentes de tr\u00e1fico en la ciudad.&nbsp; Cada vez son m\u00e1s, pero lo peor, m\u00e1s duros, al grado de que esto parece una carretera y no avenidas urbanas. Tan solo en esta semana se reportaron dos accidentes fatales. Unos j\u00f3venes que chocaron por la Olivares muriendo el conductor. Y otra en el norte, donde una mujer&nbsp; que caminaba tranquilamente por una banqueta muri\u00f3 luego de ser arrollada por un veh\u00edculo al que se le hab\u00eda cerrado otro carro.&nbsp; Esto es pan de cada d\u00eda y no se ve que se implemente un operativo para corregir esta falta de cultura vial. La gente sabe manejar, pero cada vez son m\u00e1s descuidados y andan m\u00e1s apurados. El celular los vuelve locos al grado de ir manejando&nbsp; y chateando al mismo tiempo. Obvio, sin poner atenci\u00f3n al conducir. Algo tiene que hacerse, pero ya.<\/p>\n\n\n\n<p><strong>QUE BUEN ESPALDARZO\u2026<\/strong> Con todo y que no es partidario de las corridas de toros, hay que reconocer que el gobernador de Sonora, Alfonso Durazo, cort\u00f3 orejas y rabo en la sesi\u00f3n de la Comisi\u00f3n Sonora-Arizona (hoy con nuevo nombre),&nbsp; por el reconocimiento que recibi\u00f3 de manos del presidente&nbsp; del Consejo Coordinador Empresarial, Francisco Cervantes, quien destac\u00f3 la cercan\u00eda que ha logrado con el sector empresarial, tanto de M\u00e9xico como la americana.&nbsp; Textualmente&nbsp; resumi\u00f3 el trabajo hecho por el sonorense se\u00f1alando \u201cojal\u00e1 hubiera m\u00e1s gobernadores como Alfonso Durazo en la Rep\u00fablica. La iniciativa privada est\u00e1 con usted.\u201d Y eso lo oyeron los invitados, sobre todo el embajador americano Ken Salazar.<\/p>\n\n\n\n<p><strong>CUMPLEA\u00d1OS DE EL INVERSIONISTA\u2026<\/strong> Donde andan de manteles largos y festejando toda una trayectoria de \u00e9xitos editoriales es en el Semanario para El Inversionista que encabeza el jefe Juan Manuel Mancilla Leal, que llega este s\u00e1bado a un a\u00f1o m\u00e1s de vida. Han sido muchos a\u00f1os de lucha y de logros informativos.&nbsp; Adem\u00e1s, el semanario se ha vuelto un referente noticioso en el estado, por lo que todos nos sentimos orgullosos de estar en este incre\u00edble equipo de trabajo que capitanea muy bien Luz Mercedes Moreno.&nbsp; Muchas felicidades y que siga el viento en popa y a toda vela.<\/p>\n\n\n\n<p><strong>En fin, sabadito, por eso recuerden lo que dec\u00eda la Mona Luna, no todo lo que brilla es oro, tambi\u00e9n brillan las ausencias. Sale.<\/strong><\/p>\n\n\n\n<p><strong>S\u00edganos en la cuenta de X o Twitter @hilarioolea.<\/strong><\/p>\n\n\n\n<p><strong>Pueden vernos de lunes a viernes de 8 a 9 de la noche en nuestro canal de YouTube \u201cEntre Todos Digital\u201d.<\/strong><\/p>\n\n\n\n<p><strong>Sigan nuestras redes sociales<\/strong><\/p>\n\n\n\n<p><\/p>\n","protected":false},"excerpt":{"rendered":"<p>Columna Corren Rumores Hilario Olea Gobernador en la mira S\u00e1bado 26 de octubre de 2024 LO QUIEREN DESPEDIR\u2026 El gobernador de Sinaloa, Rub\u00e9n Rocha, anda en un buen l\u00edo por eso del \u201cculiacanazo\u201d&nbsp; que ya dura casi dos meses, en donde se le &nbsp;han amontonado cad\u00e1veres y hechos violentos sin que pueda pararlo.&nbsp; Y no [&hellip;]<\/p>\n","protected":false},"author":1,"featured_media":19446,"comment_status":"open","ping_status":"open","sticky":false,"template":"","format":"standard","meta":{"content-type":"","footnotes":""},"categories":[121],"tags":[],"class_list":{"0":"post-19445","1":"post","2":"type-post","3":"status-publish","4":"format-standard","5":"has-post-thumbnail","7":"category-hilarioolea"},"_links":{"self":[{"href":"https:\/\/www.regioncuatronoticias.com\/index.php\/wp-json\/wp\/v2\/posts\/19445","targetHints":{"allow":["GET"]}}],"collection":[{"href":"https:\/\/www.regioncuatronoticias.com\/index.php\/wp-json\/wp\/v2\/posts"}],"about":[{"href":"https:\/\/www.regioncuatronoticias.com\/index.php\/wp-json\/wp\/v2\/types\/post"}],"author":[{"embeddable":true,"href":"https:\/\/www.regioncuatronoticias.com\/index.php\/wp-json\/wp\/v2\/users\/1"}],"replies":[{"embeddable":true,"href":"https:\/\/www.regioncuatronoticias.com\/index.php\/wp-json\/wp\/v2\/comments?post=19445"}],"version-history":[{"count":1,"href":"https:\/\/www.regioncuatronoticias.com\/index.php\/wp-json\/wp\/v2\/posts\/19445\/revisions"}],"predecessor-version":[{"id":19447,"href":"https:\/\/www.regioncuatronoticias.com\/index.php\/wp-json\/wp\/v2\/posts\/19445\/revisions\/19447"}],"wp:featuredmedia":[{"embeddable":true,"href":"https:\/\/www.regioncuatronoticias.com\/index.php\/wp-json\/wp\/v2\/media\/19446"}],"wp:attachment":[{"href":"https:\/\/www.regioncuatronoticias.com\/index.php\/wp-json\/wp\/v2\/media?parent=19445"}],"wp:term":[{"taxonomy":"category","embeddable":true,"href":"https:\/\/www.regioncuatronoticias.com\/index.php\/wp-json\/wp\/v2\/categories?post=19445"},{"taxonomy":"post_tag","embeddable":true,"href":"https:\/\/www.regioncuatronoticias.com\/index.php\/wp-json\/wp\/v2\/tags?post=19445"}],"curies":[{"name":"wp","href":"https:\/\/api.w.org\/{rel}","templated":true}]}}