{"id":19441,"date":"2024-10-25T15:22:53","date_gmt":"2024-10-25T22:22:53","guid":{"rendered":"https:\/\/www.regioncuatronoticias.com\/?p=19441"},"modified":"2024-10-25T15:22:57","modified_gmt":"2024-10-25T22:22:57","slug":"sheinbaum-niega-que-atentados-con-coche-bomba-y-que-es-autoritaria","status":"publish","type":"post","link":"https:\/\/www.regioncuatronoticias.com\/index.php\/2024\/10\/25\/sheinbaum-niega-que-atentados-con-coche-bomba-y-que-es-autoritaria\/","title":{"rendered":"Sheinbaum niega que atentados con &#8216;coche bomba&#8217; y que es autoritaria"},"content":{"rendered":"\n<p><strong>-El secretario de Seguridad y Protecci\u00f3n Ciudadana, Omar Garc\u00eda Harfuch, explic\u00f3 que lo que sucede, y la raz\u00f3n por la que no es terrorismo, es que se trata de una &#8216;disputa de dos grupos delincuenciales&#8217;.<\/strong><\/p>\n\n\n\n<p>Tomado de Aristegui Noticias<\/p>\n\n\n\n<p>Redacci\u00f3n AN \/ ARF<\/p>\n\n\n\n<p>Viernes 25 de octubre de 2024<\/p>\n\n\n\n<p>La presidenta Claudia Sheinbaum Pardo asegur\u00f3 que la jornada violenta del jueves en Guanajuato, donde se registraron dos atentados con \u201ccoches bomba\u201d, \u201cno se puede catalogar como terrorismo\u201d.<\/p>\n\n\n\n<p>Al ser cuestionada expl\u00edcitamente sobre si los hechos ocurridos en Ac\u00e1mbaro y Jer\u00e9cuaro podr\u00edan destacarse como \u201cnarcoterrorismo\u201d, la mandataria afirm\u00f3 que no, que no entra en esa definici\u00f3n y anticip\u00f3 que el pr\u00f3ximo martes, durante el informe de seguridad en Palacio Nacional, explicar\u00e1 por qu\u00e9.<\/p>\n\n\n\n<p>Por separado, el secretario de Seguridad y Protecci\u00f3n Ciudadana, Omar Garc\u00eda Harfuch, expuso la raz\u00f3n por la que estos actos no califican como \u201cterrorismo\u201d para el gobierno federal.<\/p>\n\n\n\n<p>Agreg\u00f3 que se trata de una \u201cdisputa de dos grupos delincuenciales para pelearse entre ellos y amedrentar a la autoridad,ya sea porque alguna autoridad local que est\u00e9 involucrada con otro grupo, o las combata\u201d; explic\u00f3.<\/p>\n\n\n\n<p>Garc\u00eda Harfuch tambi\u00e9n afirm\u00f3 que el terrorismo tiene tintes religiosos o ideol\u00f3gicos, situaci\u00f3n que no se acredita en el caso de los hechos ocurridos en Guanajuato.<\/p>\n\n\n\n<p>No est\u00e1n disputando m\u00e1s que la venta de droga, la venta de hidrocarburo.<\/p>\n\n\n\n<p>Para hacer el recuento de hechos de lo sucedido el jueves, Harfuch se remont\u00f3 al 16 de octubre, cuando se registr\u00f3 una acci\u00f3n en Ac\u00e1mbaro en la que se recuper\u00f3 un tractocami\u00f3n y un veh\u00edculo con reportes de robo, adem\u00e1s del aseguramiento de equipo t\u00e1ctico con parches de un grupo delincuencial y la detenci\u00f3n de varias personas.<\/p>\n\n\n\n<p>Posteriormente el 21 de octubre, se hace una detenci\u00f3n de tres sujetos de esta misma c\u00e9lula criminal y el aseguramiento de un veh\u00edculo, esto por parte de las autoridades municipales y estatales; horas despu\u00e9s, el director de seguridad p\u00fablica recibe amenazas.<\/p>\n\n\n\n<p>El tercer evento relatado por Harfuch es la primera explosi\u00f3n a las 5:10 am donde se tuvo conocimiento del incendio de una unidad de polic\u00eda; en estos momentos, la Fiscal\u00eda General de la Rep\u00fablica est\u00e1 determinando qu\u00e9 tipo de explosivos se ocuparon.<\/p>\n\n\n\n<p>El cuarto, y \u00faltimo evento, ocurri\u00f3 a las 6:25 am es cuando un coche fuera de la secretar\u00eda de seguridad p\u00fablica, donde hay tres polic\u00edas heridos.<\/p>\n\n\n\n<p>Aqu\u00ed estamos trabajando y apoyando con la con la Fiscal\u00eda General de la Rep\u00fablica a las autoridades locales.<\/p>\n\n\n\n<p>Sobre a qui\u00e9n atribuyen los hechos, asegur\u00f3 que \u201cprincipalmente\u201d se atribuye a \u201cla disputa que tiene el c\u00e1rtel muy local de Guanajuato, con el C\u00e1rtel Jalisco Nueva Generaci\u00f3n\u201c.<\/p>\n\n\n\n<p><a href=\"https:\/\/aristeguinoticias.com\/2510\/mexico\/atentados-con-coche-bomba-no-son-terrorismo-sheinbaum\">https:\/\/aristeguinoticias.com\/2510\/mexico\/atentados-con-coche-bomba-no-son-terrorismo-sheinbaum<\/a><\/p>\n\n\n\n<p><\/p>\n\n\n\n<p><strong>SHEINBAUM NIEGA SER UNA &#8216;AUTORITARIA&#8217; TRAS POL\u00c9MICA INICIATIVA QUE BLINDA SUS REFORMAS<\/strong><\/p>\n\n\n\n<p><strong>La jefa del Ejecutivo argument\u00f3 que la disposici\u00f3n de la iniciativa para blindar sus reformas constitucionales ya estaba contemplada en el art\u00edculo 61 de la Ley de Amparo.<\/strong><\/p>\n\n\n\n<p>Tomado de Aristegui Noticias<\/p>\n\n\n\n<p>Redacci\u00f3n AN \/ SH<\/p>\n\n\n\n<p>Viernes 25 de octubre de 2024<\/p>\n\n\n\n<p>La presidenta de M\u00e9xico, Claudia Sheinbaum, neg\u00f3 s ser \u201cautoritaria\u201d, como denunci\u00f3 la oposici\u00f3n, tras la aprobaci\u00f3n en el Senado de una pol\u00e9mica iniciativa que impide al Poder Judicial invalidar y otorgar amparos para suspender sus reformas a la Constituci\u00f3n.<\/p>\n\n\n\n<p>La mandataria acus\u00f3 en su conferencia matutina al empresario Claudio X. Gonz\u00e1lez, impulsor de la alianza opositora de los partidos Acci\u00f3n Nacional (PAN) y del Revolucionario Institucional (PRI), de estar detr\u00e1s de esta \u201ccampa\u00f1a\u201d en su contra.<\/p>\n\n\n\n<p>\u201cAhora quiere comandar esta campa\u00f1a de: \u2018la presidenta es una autoritaria\u2019. No. \u00bfQu\u00e9 estamos haciendo y por qu\u00e9 est\u00e1n tan molestos? Aprobando las reformas que plante\u00f3 el pueblo de M\u00e9xico\u201d, expres\u00f3 la gobernante mexicana.<\/p>\n\n\n\n<p>Sus declaraciones se producen despu\u00e9s de que el Senado aval\u00f3 este viernes modificaciones a los art\u00edculos 105 y 107 de la carta magna para que no procedan controversias constitucionales, acciones de inconstitucionalidad ni amparos contra las reformas a la Constituci\u00f3n.<\/p>\n\n\n\n<p>Durante la sesi\u00f3n, los senadores del PRI y el PAN sostuvieron carteles que dec\u00edan \u2018\u00a1No a la dictadura!\u2019 y acusaron a Sheinbaum de buscar implantar un r\u00e9gimen autoritario en M\u00e9xico.<\/p>\n\n\n\n<p>\u201c\u00bfAutoritarismo de d\u00f3nde, si se pueden manifestar libremente? Est\u00e1n en todos los medios de comunicaci\u00f3n hablando, si se hace un balance de los que hablan a favor del Poder Judicial y los que hablan en contra, si se hace un balance de los que dicen \u2018presidenta autoritaria\u2019 y los que dicen \u2018no\u2019\u201d, respondi\u00f3 la mandataria.<\/p>\n\n\n\n<p>Esta iniciativa, que a\u00fan debe avalar la C\u00e1mara de Diputados, surge despu\u00e9s de que la Suprema Corte acept\u00f3 analizar controversias y suspensiones que emitieron jueces contra la reforma al Poder Judicial, promulgada el 15 de septiembre para establecer elecciones populares de todos los juzgadores del pa\u00eds a partir de 2025.<\/p>\n\n\n\n<p>Sheinbaum y su alianza de partidos en el Congreso han desestimado las \u00f3rdenes judiciales contra la reforma, incluyendo la de una jueza que la semana pasada orden\u00f3 eliminarla del Diario Oficial de la Federaci\u00f3n (DOF) o, de lo contrario, que la presidenta afronte una pena de tres a nueve a\u00f1os de prisi\u00f3n y la destituci\u00f3n.<\/p>\n\n\n\n<p>La jefa del Ejecutivo argument\u00f3 que la disposici\u00f3n de la iniciativa para blindar sus reformas constitucionales ya estaba contemplada en el art\u00edculo 61 de la Ley de Amparo.<\/p>\n\n\n\n<p>\u201cEso ya exist\u00eda en la ley y se propone que quede en la Constituci\u00f3n, ahora viene una andanada, nada m\u00e1s vean desde los dirigentes del bloque conservador, medios de comunicaci\u00f3n: \u2018la presidenta es una autoritaria, se acab\u00f3 la democracia en M\u00e9xico\u2019\u201d, expuso la mandataria.EFE<\/p>\n\n\n\n<p><a href=\"https:\/\/aristeguinoticias.com\/2510\/mexico\/sheinbaum-niega-ser-una-autoritaria-tras-polemica-iniciativa-que-blinda-sus-reformas\">https:\/\/aristeguinoticias.com\/2510\/mexico\/sheinbaum-niega-ser-una-autoritaria-tras-polemica-iniciativa-que-blinda-sus-reformas<\/a><\/p>\n","protected":false},"excerpt":{"rendered":"<p>-El secretario de Seguridad y Protecci\u00f3n Ciudadana, Omar Garc\u00eda Harfuch, explic\u00f3 que lo que sucede, y la raz\u00f3n por la que no es terrorismo, es que se trata de una &#8216;disputa de dos grupos delincuenciales&#8217;. Tomado de Aristegui Noticias Redacci\u00f3n AN \/ ARF Viernes 25 de octubre de 2024 La presidenta Claudia Sheinbaum Pardo asegur\u00f3 [&hellip;]<\/p>\n","protected":false},"author":1,"featured_media":19442,"comment_status":"open","ping_status":"open","sticky":false,"template":"","format":"standard","meta":{"content-type":"","footnotes":""},"categories":[3,115,105,113],"tags":[],"class_list":{"0":"post-19441","1":"post","2":"type-post","3":"status-publish","4":"format-standard","5":"has-post-thumbnail","7":"category-mexico","8":"category-politica","9":"category-principal","10":"category-seguridad"},"_links":{"self":[{"href":"https:\/\/www.regioncuatronoticias.com\/index.php\/wp-json\/wp\/v2\/posts\/19441","targetHints":{"allow":["GET"]}}],"collection":[{"href":"https:\/\/www.regioncuatronoticias.com\/index.php\/wp-json\/wp\/v2\/posts"}],"about":[{"href":"https:\/\/www.regioncuatronoticias.com\/index.php\/wp-json\/wp\/v2\/types\/post"}],"author":[{"embeddable":true,"href":"https:\/\/www.regioncuatronoticias.com\/index.php\/wp-json\/wp\/v2\/users\/1"}],"replies":[{"embeddable":true,"href":"https:\/\/www.regioncuatronoticias.com\/index.php\/wp-json\/wp\/v2\/comments?post=19441"}],"version-history":[{"count":2,"href":"https:\/\/www.regioncuatronoticias.com\/index.php\/wp-json\/wp\/v2\/posts\/19441\/revisions"}],"predecessor-version":[{"id":19444,"href":"https:\/\/www.regioncuatronoticias.com\/index.php\/wp-json\/wp\/v2\/posts\/19441\/revisions\/19444"}],"wp:featuredmedia":[{"embeddable":true,"href":"https:\/\/www.regioncuatronoticias.com\/index.php\/wp-json\/wp\/v2\/media\/19442"}],"wp:attachment":[{"href":"https:\/\/www.regioncuatronoticias.com\/index.php\/wp-json\/wp\/v2\/media?parent=19441"}],"wp:term":[{"taxonomy":"category","embeddable":true,"href":"https:\/\/www.regioncuatronoticias.com\/index.php\/wp-json\/wp\/v2\/categories?post=19441"},{"taxonomy":"post_tag","embeddable":true,"href":"https:\/\/www.regioncuatronoticias.com\/index.php\/wp-json\/wp\/v2\/tags?post=19441"}],"curies":[{"name":"wp","href":"https:\/\/api.w.org\/{rel}","templated":true}]}}