{"id":19073,"date":"2024-10-18T18:23:26","date_gmt":"2024-10-19T01:23:26","guid":{"rendered":"https:\/\/www.regioncuatronoticias.com\/?p=19073"},"modified":"2024-10-19T08:23:05","modified_gmt":"2024-10-19T15:23:05","slug":"no-vamos-a-bajar-la-publicacion-sheinbaum-sobre-la-reforma-al-poder-judicial","status":"publish","type":"post","link":"https:\/\/www.regioncuatronoticias.com\/index.php\/2024\/10\/18\/no-vamos-a-bajar-la-publicacion-sheinbaum-sobre-la-reforma-al-poder-judicial\/","title":{"rendered":"\u00a0\u201cNo vamos a bajar la publicaci\u00f3n\u201d: Sheinbaum sobre la reforma al Poder Judicial"},"content":{"rendered":"\n<p><strong>La presidenta afirm\u00f3 que su gobierno presentar\u00e1 una queja ante el Consejo de la Judicatura Federal contra la jueza D\u00e9cimo Noveno de Distrito en el estado de Veracruz, Nancy Ju\u00e1rez<\/strong><\/p>\n\n\n\n<p>Tomado de Proceso<\/p>\n\n\n\n<p>Dalila Escobar<\/p>\n\n\n\n<p>Viernes 18 de octubre de 2024<\/p>\n\n\n\n<p>CIUDAD DE M\u00c9XICO (apro).- \u201cNo vamos a bajar la publicaci\u00f3n\u201d de la reforma al Poder Judicial en el Diario Oficial de la Federaci\u00f3n (DOF), adem\u00e1s de que el gobierno presentar\u00e1 una queja ante el Consejo de la Judicatura Federal contra la jueza D\u00e9cimo Noveno de Distrito en el estado de Veracruz, Nancy Ju\u00e1rez, que concedi\u00f3 24 horas para acatar esta resoluci\u00f3n, afirm\u00f3 la presidenta Claudia Sheinbaum.<\/p>\n\n\n\n<p>Ya sabemos que el Consejo de la Judicatura no necesariamente est\u00e1 haciendo su trabajo, pero de todas maneras no queremos que quede impunidad\u201d.<\/p>\n\n\n\n<p>Tambi\u00e9n opin\u00f3 sobre c\u00f3mo se observan estas protestas: \u201cAhora resulta que hay un problema de un golpe de Estado, no yo no lo veo as\u00ed, ese tiene que construirse con una legitimidad. Sencillamente nosotros no podemos ir contra el pueblo de M\u00e9xico y eso est\u00e1 en el art\u00edculo 39 de la Constituci\u00f3n\u201d.<\/p>\n\n\n\n<p>Arremeti\u00f3 contra la resoluci\u00f3n: \u201cUna jueza que por su invento le pide a la presidenta que quite del Diario Oficial lo que al presidente le orden\u00f3 el Poder Legislativo despu\u00e9s de un proceso electoral en donde el pueblo de M\u00e9xico determin\u00f3 la composici\u00f3n del poder legislativo (&#8230;) Que una jueza tenga una ocurrencia que no tiene ning\u00fan sustento jur\u00eddico\u201d.<\/p>\n\n\n\n<p>De la jueza Ju\u00e1rez record\u00f3 que \u201cest\u00e1 pidiendo que se baje una publicaci\u00f3n que se hizo a partir de un proceso legislativo de cambio constitucional, que est\u00e1 establecido en la propia Constituci\u00f3n y que deriva de la voluntad del pueblo de M\u00e9xico expresado en las urnas el 2 de junio de 2024\u201d.<\/p>\n\n\n\n<p>Ernestina Godoy, consejera Jur\u00eddica del Ejecutivo, dijo que \u201cdesde la presentaci\u00f3n de la iniciativa lo intentaron con suspensiones, jueces de los estados, son jueces de distrito y as\u00ed han ido presentando a lo largo de todo este proceso legislativo que ha llevado de manera muy pulcra el poder legislativo y ellos han estado emitiendo una serie de resoluciones\u201d.<\/p>\n\n\n\n<p>El antecedente es que se le orden\u00f3 al expresidente L\u00f3pez Obrador eliminar esta publicaci\u00f3n del 15 de septiembre en el Diario Oficial de la Federaci\u00f3n \u201cdonde dictaban la suspensi\u00f3n ins\u00f3litamente con efectos restitutorios, a efecto de que se eliminara\u201d<\/p>\n\n\n\n<p>\u201cAhora se ha resuelto, seg\u00fan entendemos, un incidente donde han revisado si se cumpli\u00f3 o no con aquella orden, llegaron a la determinaci\u00f3n esta juez de que no se ha cumplido y por eso le requieren ahora a la presidenta la Doctora Claudia Sheinbaum que realice eso. Hay una serie de argumentos jur\u00eddicos por los cuales es totalmente improcedente lo que est\u00e1n ordenando los jueces\u201d.<\/p>\n\n\n\n<p>Algunos de los que mencion\u00f3 es que existe \u201cuna facultad soberana del Constituyente permanente exenta de revisi\u00f3n judicial. El art\u00edculo 135 de la Constituci\u00f3n establece que esta puede ser adicionada o reformada por el congreso de la uni\u00f3n por la aprobaci\u00f3n de dos terceras partes de sus integrantes, as\u00ed como la mayor\u00eda de los congresos locales\u201d.<\/p>\n\n\n\n<p>Es decir, se trata del \u00f3rgano depositario de la soberan\u00eda popular a trav\u00e9s de los representantes con lo cual el Poder Judicial no tiene ninguna injerencia.<\/p>\n\n\n\n<p>\u201cNo existe en nuestro sistema jur\u00eddico una disposici\u00f3n constitucional o legal que otorgue al Poder Judicial de la Federaci\u00f3n o cualquier otro ente facultad para cuestionar, revisar o anula la labor del \u00f3rgano revisor de la constituci\u00f3n, por el contrario, la normatividad prev\u00e9 expresamente la improcedencia de juicio constitucional, de los amparos y dem\u00e1s en contra de las adiciones o reformas a la Constituci\u00f3n\u201d.<\/p>\n\n\n\n<p>Por tanto, un juzgado, por lo que no se puede auto facultar para someter a revisi\u00f3n jurisdiccional una reforma constitucional<\/p>\n\n\n\n<p>M\u00e1s all\u00e1 de sus atribuciones expresas implicar\u00eda ponerse por encima del \u00f3rgano revisor erigi\u00e9ndose la m\u00e1xima autoridad del Estado Mexicano y desconociendo el postulado del constituyente originario seg\u00fan el cual la soberan\u00eda nacional reside esencial y originalmente en el pueblo y no en un juzgador de distrito.<\/p>\n\n\n\n<p>\u201cPretenden suspender un procedimiento que vulnerar\u00eda el pacto federal, es el pueblo quien ejerce la soberan\u00eda por medio de los poderes de la uni\u00f3n. En ning\u00fan caso las determinaciones de uno o de otro poder pueden contravenir las estipulaciones que les da al pueblo de M\u00e9xico\u201d.<\/p>\n\n\n\n<p>Godoy afirm\u00f3 que \u201cresulta pues inveros\u00edmil que un juez de distrito no solo pretenda intervenir y limitar las facultades constitucionales del Congreso sino adem\u00e1s de los congresos estatales que forman parte del constituyente permanente\u201d.<\/p>\n\n\n\n<p>\u201cEllos saben, son constitucionalistas, son peritos en derecho y saben que la propia Suprema Corte de Justicia en m\u00faltiples criterios, sentencias, hay jurisprudencia han negado la posibilidad de que se revise una reforma constitucional, est\u00e1 clar\u00edsimo, lo dicen: no es susceptible de control jurisdiccional una reforma constitucional ya que se encuentra en s\u00ed misma el tema constitucional\u201d.<\/p>\n\n\n\n<p>La consejera jur\u00eddica concluy\u00f3 que \u201chay un claro conflicto de inter\u00e9s por si no fuera suficiente ya, est\u00e1n desobedeciendo a la propia Constituci\u00f3n, no lo explico es clar\u00edsimo, es obvio el conflicto de inter\u00e9s que tienen. Es un caso sin precedentes\u201d y de la queja ante la Judicatura es porque \u201cest\u00e1n contraviniendo la Constituci\u00f3n, sus propios criterios, su propia jurisprudencia y que determine si est\u00e1n actuando o no bien estos jueces de distrito que pretenden erigirse por encima de la soberan\u00eda del pueblo de M\u00e9xico y del poder reformador que est\u00e1 en el congreso\u201d.<\/p>\n\n\n\n<p>El coordinador de Pol\u00edtica y Gobierno de la presidencia, Arturo Zald\u00edvar, afirm\u00f3 que la Constituci\u00f3n y las leyes tambi\u00e9n obligan al Poder Judicial y no est\u00e1 exento de actuar en el \u00e1mbito de sus competencias.<\/p>\n\n\n\n<p>\u201cTodas estas suspensiones son abiertamente contrarias a derecho, porque hay una disposici\u00f3n en la ley de amparo que con claridad establece que no procede en contra de reformas constitucionales y las y los jueces la han inaplicado de manera autom\u00e1tica\u201d.<\/p>\n\n\n\n<p>Adem\u00e1s de que una suspensi\u00f3n no puede tener un efecto restitutivo que es invalidar o quitar una publicaci\u00f3n en el Diario Oficial. \u201cLo que se est\u00e1 exigiendo a la presidenta algo que jur\u00eddicamente es imposible. El acto ya est\u00e1 consumado\u201d, adem\u00e1s de que se pretende dar a la suspensi\u00f3n efectos generales y en procesos electorales, ambas est\u00e1n prohibidas.<\/p>\n\n\n\n<p>\u201cLos y las juezas est\u00e1n actuando claramente al margen de sus atribuciones con un inter\u00e9s personal y directo en contra de la reforma estando impedido s para resolver. Est\u00e1n trastocando y desafiando el orden constitucional\u201d.<\/p>\n\n\n\n<p>La mandataria federal reiter\u00f3 que \u201cno tiene sustento\u201d y a los trabajadores del Poder Judicial, \u201cellos no tienen de qu\u00e9 preocupase, a menos que est\u00e9n defendiendo alg\u00fan privilegio en particular o alg\u00fan negocio porque sus salarios sus compensaciones todo lo que cubre sus ingresos van a ser respetados, as\u00ed lo dice un art\u00edculo transitorio en la reforma\u201d.<\/p>\n\n\n\n<p>Los cuestion\u00f3: \u201c\u00bfPor qu\u00e9 est\u00e1n protestando? Si es porque se afectan sus derechos laborales o sus derechos no tienen raz\u00f3n de ser porque no se les va a afectar\u201d y si siguen en paro aun cuando el Consejo de la Judicatura los llam\u00f3 a regresar, entonces \u201cque les apliquen los descuentos\u201d.<\/p>\n\n\n\n<p><a href=\"https:\/\/www.proceso.com.mx\/nacional\/2024\/10\/18\/no-vamos-bajar-la-publicacion-sheinbaum-sobre-la-reforma-al-poder-judicial-338758.html\">https:\/\/www.proceso.com.mx\/nacional\/2024\/10\/18\/no-vamos-bajar-la-publicacion-sheinbaum-sobre-la-reforma-al-poder-judicial-338758.html<\/a><\/p>\n","protected":false},"excerpt":{"rendered":"<p>La presidenta afirm\u00f3 que su gobierno presentar\u00e1 una queja ante el Consejo de la Judicatura Federal contra la jueza D\u00e9cimo Noveno de Distrito en el estado de Veracruz, Nancy Ju\u00e1rez Tomado de Proceso Dalila Escobar Viernes 18 de octubre de 2024 CIUDAD DE M\u00c9XICO (apro).- \u201cNo vamos a bajar la publicaci\u00f3n\u201d de la reforma al [&hellip;]<\/p>\n","protected":false},"author":1,"featured_media":19074,"comment_status":"open","ping_status":"open","sticky":false,"template":"","format":"standard","meta":{"content-type":"","footnotes":""},"categories":[3,115,105,126],"tags":[],"class_list":{"0":"post-19073","1":"post","2":"type-post","3":"status-publish","4":"format-standard","5":"has-post-thumbnail","7":"category-mexico","8":"category-politica","9":"category-principal","10":"category-ultima-hora"},"_links":{"self":[{"href":"https:\/\/www.regioncuatronoticias.com\/index.php\/wp-json\/wp\/v2\/posts\/19073","targetHints":{"allow":["GET"]}}],"collection":[{"href":"https:\/\/www.regioncuatronoticias.com\/index.php\/wp-json\/wp\/v2\/posts"}],"about":[{"href":"https:\/\/www.regioncuatronoticias.com\/index.php\/wp-json\/wp\/v2\/types\/post"}],"author":[{"embeddable":true,"href":"https:\/\/www.regioncuatronoticias.com\/index.php\/wp-json\/wp\/v2\/users\/1"}],"replies":[{"embeddable":true,"href":"https:\/\/www.regioncuatronoticias.com\/index.php\/wp-json\/wp\/v2\/comments?post=19073"}],"version-history":[{"count":1,"href":"https:\/\/www.regioncuatronoticias.com\/index.php\/wp-json\/wp\/v2\/posts\/19073\/revisions"}],"predecessor-version":[{"id":19075,"href":"https:\/\/www.regioncuatronoticias.com\/index.php\/wp-json\/wp\/v2\/posts\/19073\/revisions\/19075"}],"wp:featuredmedia":[{"embeddable":true,"href":"https:\/\/www.regioncuatronoticias.com\/index.php\/wp-json\/wp\/v2\/media\/19074"}],"wp:attachment":[{"href":"https:\/\/www.regioncuatronoticias.com\/index.php\/wp-json\/wp\/v2\/media?parent=19073"}],"wp:term":[{"taxonomy":"category","embeddable":true,"href":"https:\/\/www.regioncuatronoticias.com\/index.php\/wp-json\/wp\/v2\/categories?post=19073"},{"taxonomy":"post_tag","embeddable":true,"href":"https:\/\/www.regioncuatronoticias.com\/index.php\/wp-json\/wp\/v2\/tags?post=19073"}],"curies":[{"name":"wp","href":"https:\/\/api.w.org\/{rel}","templated":true}]}}