{"id":18506,"date":"2024-10-07T22:57:10","date_gmt":"2024-10-08T05:57:10","guid":{"rendered":"https:\/\/www.regioncuatronoticias.com\/?p=18506"},"modified":"2024-10-07T22:57:14","modified_gmt":"2024-10-08T05:57:14","slug":"cae-en-sonora-el-cuza-presunto-lider-de-los-salazar","status":"publish","type":"post","link":"https:\/\/www.regioncuatronoticias.com\/index.php\/2024\/10\/07\/cae-en-sonora-el-cuza-presunto-lider-de-los-salazar\/","title":{"rendered":"Cae en Sonora \u201cEl Cuza\u201d, presunto l\u00edder de \u201cLos Salazar\u201d"},"content":{"rendered":"\n<p><strong>-Feliciano Ram\u00edrez L\u00f3pez fue relacionado por el gobierno estadunidense con actividades de trasiego de drogas al menos desde enero de 2015.<\/strong><\/p>\n\n\n\n<p>Tomado de Proceso<\/p>\n\n\n\n<p>Alberto Duarte<\/p>\n\n\n\n<p>Lunes 7 de octubre de 2024<\/p>\n\n\n\n<p>CIUDAD DE M\u00c9XICO (apro).- Uno de los presuntos l\u00edderes de \u201cLos Salazar\u201d, grupo delictivo se\u00f1alado por ser c\u00e9lula del C\u00e1rtel de Sinaloa, fue detenido la tarde del domingo al norte de Sonora, para luego ser trasladado a la capital y ser puesto a disposici\u00f3n de Fiscal\u00eda General de la Rep\u00fablica. Se trata de Feliciano Ram\u00edrez L\u00f3pez, \u201cEl Cuza\u201d.<\/p>\n\n\n\n<p>\u201cSe trabaj\u00f3 toda la noche (del domingo), madrugada y hasta el d\u00eda de hoy (lunes). Es una investigaci\u00f3n como otras tantas de los elementos de la Guardia Nacional y el Ej\u00e9rcito Mexicano, en toda esa \u00e1rea se est\u00e1 trabajando muy fuerte\u201d, dijo Francisco Sergio M\u00e9ndez, delegado de la FGR en Sonora, y detall\u00f3 que se trata de un objetivo prioritario para las corporaciones y que se encuentra en manos de la Fiscal\u00eda Especializada en Materia de Delincuencia Organizada (FEMDO).<\/p>\n\n\n\n<p>El presunto l\u00edder del grupo armado fue detenido en Sonoyta, cabecera del municipio de General Plutarco El\u00edas Calles, zona que fue focalizada por las corporaciones de los tres niveles de gobierno desde el 23 de septiembre, cuando por \u00f3rdenes del gobernador del estado entr\u00f3 en vigor un Mando \u00danico Policial para amortiguar los efectos de la disputa territorial del crimen organizado.<\/p>\n\n\n\n<p>Feliciano Ram\u00edrez L\u00f3pez fue relacionado por el gobierno estadunidense con actividades de trasiego de drogas al menos desde enero de 2015, a\u00f1o en el que se llev\u00f3 a cabo el proceso legal USA v. Ramirez-Lopez et al.<\/p>\n\n\n\n<p>En el caso criminal aparecen diversos nombres implicados, tal como Maricela Aceves Rivera, acusada por el gobierno del vecino del norte por contrabando de mariguana junto a su marido, Javier Rivera Vega.<\/p>\n\n\n\n<p>Entre los nombres implicados en el caso est\u00e1n \u201cEl Flaco\u201d, \u201cCharlie\u201d, \u201cCarlos Grijalba\u201d, Melkizedeth Urquidy Inzunza, Julio Ram\u00edrez Carrillo, Claudia Ramos Ch\u00e1vez y Feliciano Ram\u00edrez L\u00f3pez, entre otros; el \u00faltimo, tambi\u00e9n figura con su alias: \u201cCuza\u201d.<\/p>\n\n\n\n<p>De acuerdo con el delegado, la din\u00e1mica criminal en la frontera norte de Sonora se debe, precisamente, a la disputa del narco: \u201chay grupos (criminales) que quieren entrar y que est\u00e1n tratando de sacar a otros\u201d, por lo que los diversos episodios de violencia y m\u00faltiples operativos de las autoridades sucedidos en la regi\u00f3n no constituyen hechos aislados, afirm\u00f3.<\/p>\n\n\n\n<p>En este contexto, se dio a conocer que durante el pasado viernes 4 de octubre, la Agencia Ministerial de Investigaci\u00f3n Criminal (AMIC), junto a la Secretar\u00eda de la Defensa Nacional (Sedena), capturaron a un hombre de 26 a\u00f1os a bordo de un veh\u00edculo con reporte de robo en Estados Unidos y en posesi\u00f3n de armas de fuego y equipo t\u00e1ctico.<\/p>\n\n\n\n<p>\u201cEl conductor de un Jeep Wrangler gris aceler\u00f3 al percatarse de la presencia del personal de AMIC y la SEDENA, lo que dio inicio a una persecuci\u00f3n. Finalmente, lograron interceptarlo en la zona de las graveras. El sujeto se identific\u00f3 como Jos\u00e9 \u2018N\u2019, originario de Ciudad Obreg\u00f3n, pero residente en Mexicali, Baja California\u201d.<\/p>\n\n\n\n<p><a href=\"https:\/\/www.proceso.com.mx\/nacional\/estados\/2024\/10\/7\/cae-en-sonora-el-cuza-presunto-lider-de-los-salazar-338113.html\">https:\/\/www.proceso.com.mx\/nacional\/estados\/2024\/10\/7\/cae-en-sonora-el-cuza-presunto-lider-de-los-salazar-338113.html<\/a><\/p>\n","protected":false},"excerpt":{"rendered":"<p>-Feliciano Ram\u00edrez L\u00f3pez fue relacionado por el gobierno estadunidense con actividades de trasiego de drogas al menos desde enero de 2015. Tomado de Proceso Alberto Duarte Lunes 7 de octubre de 2024 CIUDAD DE M\u00c9XICO (apro).- Uno de los presuntos l\u00edderes de \u201cLos Salazar\u201d, grupo delictivo se\u00f1alado por ser c\u00e9lula del C\u00e1rtel de Sinaloa, fue [&hellip;]<\/p>\n","protected":false},"author":1,"featured_media":18507,"comment_status":"open","ping_status":"open","sticky":false,"template":"","format":"standard","meta":{"content-type":"","footnotes":""},"categories":[117,3,105],"tags":[],"class_list":{"0":"post-18506","1":"post","2":"type-post","3":"status-publish","4":"format-standard","5":"has-post-thumbnail","7":"category-general","8":"category-mexico","9":"category-principal"},"_links":{"self":[{"href":"https:\/\/www.regioncuatronoticias.com\/index.php\/wp-json\/wp\/v2\/posts\/18506","targetHints":{"allow":["GET"]}}],"collection":[{"href":"https:\/\/www.regioncuatronoticias.com\/index.php\/wp-json\/wp\/v2\/posts"}],"about":[{"href":"https:\/\/www.regioncuatronoticias.com\/index.php\/wp-json\/wp\/v2\/types\/post"}],"author":[{"embeddable":true,"href":"https:\/\/www.regioncuatronoticias.com\/index.php\/wp-json\/wp\/v2\/users\/1"}],"replies":[{"embeddable":true,"href":"https:\/\/www.regioncuatronoticias.com\/index.php\/wp-json\/wp\/v2\/comments?post=18506"}],"version-history":[{"count":1,"href":"https:\/\/www.regioncuatronoticias.com\/index.php\/wp-json\/wp\/v2\/posts\/18506\/revisions"}],"predecessor-version":[{"id":18508,"href":"https:\/\/www.regioncuatronoticias.com\/index.php\/wp-json\/wp\/v2\/posts\/18506\/revisions\/18508"}],"wp:featuredmedia":[{"embeddable":true,"href":"https:\/\/www.regioncuatronoticias.com\/index.php\/wp-json\/wp\/v2\/media\/18507"}],"wp:attachment":[{"href":"https:\/\/www.regioncuatronoticias.com\/index.php\/wp-json\/wp\/v2\/media?parent=18506"}],"wp:term":[{"taxonomy":"category","embeddable":true,"href":"https:\/\/www.regioncuatronoticias.com\/index.php\/wp-json\/wp\/v2\/categories?post=18506"},{"taxonomy":"post_tag","embeddable":true,"href":"https:\/\/www.regioncuatronoticias.com\/index.php\/wp-json\/wp\/v2\/tags?post=18506"}],"curies":[{"name":"wp","href":"https:\/\/api.w.org\/{rel}","templated":true}]}}