{"id":18357,"date":"2024-10-05T19:33:48","date_gmt":"2024-10-06T02:33:48","guid":{"rendered":"https:\/\/www.regioncuatronoticias.com\/?p=18357"},"modified":"2024-10-06T01:31:21","modified_gmt":"2024-10-06T08:31:21","slug":"empleo-de-menores-en-organizaciones-criminales-no-es-un-problema-fuera-de-control-en-sonora-victor-hugo-enriquez","status":"publish","type":"post","link":"https:\/\/www.regioncuatronoticias.com\/index.php\/2024\/10\/05\/empleo-de-menores-en-organizaciones-criminales-no-es-un-problema-fuera-de-control-en-sonora-victor-hugo-enriquez\/","title":{"rendered":"Empleo de menores en organizaciones criminales no es un problema \u201cfuera de control\u201d en Sonora: V\u00edctor Hugo Enr\u00edquez"},"content":{"rendered":"\n<p><\/p>\n\n\n\n<p>Tomado de Dossier Pol\u00edtico<\/p>\n\n\n\n<p>Viernes 4 de octubre de 2024<\/p>\n\n\n\n<p>Hermosillo, Sonora.- El Secretario de Seguridad P\u00fablica, se\u00f1al\u00f3 que el tema de los ni\u00f1os sicarios que han incursionado en organizaciones delictivas, que ya se registra en Sonora con casos recientes de aprehensi\u00f3n de menores en estas actividades, no es un problema que est\u00e9 \u201cfuera de control\u201d.<\/p>\n\n\n\n<p>\u201cEse tema ya se abord\u00f3, y aunque no podemos decir que est\u00e1 fuera de control, s\u00ed ha habido casos aislados\u201d, se\u00f1al\u00f3 V\u00edctor Hugo Enr\u00edquez Garc\u00eda.<\/p>\n\n\n\n<p>El funcionario se\u00f1al\u00f3 que para detener esta actividad il\u00edcita que realizan las organizaciones criminales, de usar menores, es necesario que se hagan reformas legales para sancionar con penas m\u00e1s altas a quienes se dedican al reclutamientos de ni\u00f1os en la delincuencia.<\/p>\n\n\n\n<p>Expres\u00f3 que no es lo mismo poner a trabajar a un ni\u00f1o en cualquier otra actividad, que tampoco es correcto, pero mucho menos en delincuencia organizada, expres\u00f3 el Secretario de Seguridad P\u00fablica en Sonora.<\/p>\n\n\n\n<p>Cabe se\u00f1alar que recientemente en el Congreso de Sonora el diputado Ra\u00fal Gonz\u00e1lez de la Vega present\u00f3 una iniciativa de reforma al C\u00f3digo Penal del Estado de Sonora para castigar de 12 a 30 a\u00f1os de prisi\u00f3n y multas econ\u00f3micas a quien emplee, obligue, procure, facilite, induzca, fomente, propicie, promueva, favorezca o coaccione a personas menores de edad, o quien no tiene la capacidad para comprender el significado del hecho, a formar parte de grupos de delincuencia organizada, involucrarse en una asociaci\u00f3n delictuosa o pandilla, o a cometer cualquier delito.<\/p>\n\n\n\n<p><a href=\"https:\/\/dossierpolitico.com\/2024\/10\/04\/empleo-de-menores-en-organizaciones-criminales-no-es-un-problema-fuera-de-control-en-sonora-victor-hugo-enriquez\/\">https:\/\/dossierpolitico.com\/2024\/10\/04\/empleo-de-menores-en-organizaciones-criminales-no-es-un-problema-fuera-de-control-en-sonora-victor-hugo-enriquez\/<\/a><\/p>\n","protected":false},"excerpt":{"rendered":"<p>Tomado de Dossier Pol\u00edtico Viernes 4 de octubre de 2024 Hermosillo, Sonora.- El Secretario de Seguridad P\u00fablica, se\u00f1al\u00f3 que el tema de los ni\u00f1os sicarios que han incursionado en organizaciones delictivas, que ya se registra en Sonora con casos recientes de aprehensi\u00f3n de menores en estas actividades, no es un problema que est\u00e9 \u201cfuera de [&hellip;]<\/p>\n","protected":false},"author":1,"featured_media":18358,"comment_status":"open","ping_status":"open","sticky":false,"template":"","format":"standard","meta":{"content-type":"","footnotes":""},"categories":[105,113,9],"tags":[],"class_list":{"0":"post-18357","1":"post","2":"type-post","3":"status-publish","4":"format-standard","5":"has-post-thumbnail","7":"category-principal","8":"category-seguridad","9":"category-sonora"},"_links":{"self":[{"href":"https:\/\/www.regioncuatronoticias.com\/index.php\/wp-json\/wp\/v2\/posts\/18357","targetHints":{"allow":["GET"]}}],"collection":[{"href":"https:\/\/www.regioncuatronoticias.com\/index.php\/wp-json\/wp\/v2\/posts"}],"about":[{"href":"https:\/\/www.regioncuatronoticias.com\/index.php\/wp-json\/wp\/v2\/types\/post"}],"author":[{"embeddable":true,"href":"https:\/\/www.regioncuatronoticias.com\/index.php\/wp-json\/wp\/v2\/users\/1"}],"replies":[{"embeddable":true,"href":"https:\/\/www.regioncuatronoticias.com\/index.php\/wp-json\/wp\/v2\/comments?post=18357"}],"version-history":[{"count":2,"href":"https:\/\/www.regioncuatronoticias.com\/index.php\/wp-json\/wp\/v2\/posts\/18357\/revisions"}],"predecessor-version":[{"id":18406,"href":"https:\/\/www.regioncuatronoticias.com\/index.php\/wp-json\/wp\/v2\/posts\/18357\/revisions\/18406"}],"wp:featuredmedia":[{"embeddable":true,"href":"https:\/\/www.regioncuatronoticias.com\/index.php\/wp-json\/wp\/v2\/media\/18358"}],"wp:attachment":[{"href":"https:\/\/www.regioncuatronoticias.com\/index.php\/wp-json\/wp\/v2\/media?parent=18357"}],"wp:term":[{"taxonomy":"category","embeddable":true,"href":"https:\/\/www.regioncuatronoticias.com\/index.php\/wp-json\/wp\/v2\/categories?post=18357"},{"taxonomy":"post_tag","embeddable":true,"href":"https:\/\/www.regioncuatronoticias.com\/index.php\/wp-json\/wp\/v2\/tags?post=18357"}],"curies":[{"name":"wp","href":"https:\/\/api.w.org\/{rel}","templated":true}]}}