{"id":18136,"date":"2024-09-27T21:37:31","date_gmt":"2024-09-28T04:37:31","guid":{"rendered":"https:\/\/www.regioncuatronoticias.com\/?p=18136"},"modified":"2024-09-27T21:37:32","modified_gmt":"2024-09-28T04:37:32","slug":"18136","status":"publish","type":"post","link":"https:\/\/www.regioncuatronoticias.com\/index.php\/2024\/09\/27\/18136\/","title":{"rendered":""},"content":{"rendered":"\n<p>La \u00faltima y nos vamos<\/p>\n\n\n\n<p><strong>Columna Corren Rumores<\/strong><\/p>\n\n\n\n<p><strong>Hilario Olea<\/strong><\/p>\n\n\n\n<p><strong>La \u00faltima y nos vamos<\/strong><\/p>\n\n\n\n<p><strong>S\u00e1bado 28 de septiembre de 2024<\/strong><\/p>\n\n\n\n<p><strong>LA ULTIMA GIRA EN SONORA\u2026 <\/strong>El presidente Andr\u00e9s Manuel L\u00f3pez Obrador cumpli\u00f3 su promesa de hacer una \u00faltima gira por Sonora antes de entregar la presidencia y lo cumpli\u00f3. Lleg\u00f3, como ya lo hizo costumbre, acompa\u00f1ado de la presidenta electa Claudia Sheinbaum para visitar las comunidades yaquis.&nbsp; Hacer entrega de obras terminadas y a medio terminar.&nbsp; Pero sobre todo a refrendar lealtades y veremos si le rinden el mismo tributo que le hicieron a L\u00e1zaro C\u00e1rdenas, al \u00fanico presidente que reconocen.&nbsp; Por suerte, hay que reconocerlo, los yaquis ya quedaron domados en el momento en que entregaron el bast\u00f3n de mando a L\u00f3pez Obrador, algo que nunca hab\u00edan hecho en toda su historia. Con este gesto se rindieron al yori y fueron el \u00faltimo pueblo original que se daba el lujo de mantener una autonom\u00eda plena, cuando menos en apariencia.&nbsp; Con esto, el presidente hereda a su sucesora un pueblo yaqui que ya no andar\u00e1n dando guerra al gobierno federal. Bueno, pero eso fue en este sexenio, quien sabe en el que viene.<\/p>\n\n\n\n<p><strong>SIN CANTORAS NO HAY\u2026 <\/strong>Qui\u00e9n sabe c\u00f3mo hicieron para que los yaquis entregaran el bast\u00f3n de mando. Porque en alguna ocasi\u00f3n fuimos testigos cuando un general del Estado Mayor Presidencial le pregunt\u00f3 al gobernador de B\u00e1cum en Lomas de Guam\u00fachil&nbsp; que si quien entregar\u00eda el bast\u00f3n de mando al presidente Salinas, y muy serio el gobernador yoreme le dijo: \u201cLos yoremes no entregamos bast\u00f3n de mando\u201d. Despu\u00e9s me enter\u00e9 que no hac\u00edan eso por el orgullo de mostrar su libertad frente a los yoris. Muchas veces han hecho cosas o firmado acuerdos; pero lo hacen con chapuza.&nbsp; Porque, para que los yaquis reconozcan un acuerdo tiene que ser, primero, bajo una ramada sagrada debidamente bendecida. Segundo, deben estar todas, pero todas las autoridades. Esto incluye a las cantoras. Si las cantoras no est\u00e1n, para los yaquis no es acuerdo formal ni legal.&nbsp; Me pregunto, cuando entregaron el bast\u00f3n de mando, \u00bfEstaban las cantoras? Porque son capaces de haberlo hecho con chapuza. As\u00ed se las gastan los hermanos yoremes.<\/p>\n\n\n\n<p><strong>LARGA GIRA DEL EMBAJADOR\u2026<\/strong> Tambi\u00e9n tuvimos de gira por estas tierras al&nbsp; ahora malquerido de palacio nacional, el embajador de USA, Ken Salazar, quien estuvo varios d\u00edas porque primero inaugur\u00f3 las nuevas instalaciones del consulado de USA en Hermosillo. Luego se fue para Nogales para estrenar el nuevo edificio del consulado americano. Y remat\u00f3 en San Luis R\u00edo Colorado en donde supervis\u00f3 c\u00f3mo van los trabajos del cruce fronterizo. Esto lo hizo siempre acompa\u00f1ado del gobernador de Sonora, Alfonso Durazo, quien tuvo la habilidad de dirigir la agenda medi\u00e1tica hacia el tema de las estructuras consulares y no meterse en broncas con temas que traen distanciados a la presidencia con el Departamento de Estado de USA. As\u00ed, todos terminaron ganando. Bien.<\/p>\n\n\n\n<p><strong>\u00a1DICTADOR, DICTADOR!\u2026<\/strong> Algo que nunca quiso el presidente L\u00f3pez Obrador es cerrar su sexenio y que sectores de la poblaci\u00f3n lo rechacen p\u00fablicamente. Y contra eso no habr\u00e1 defensa, y de esto ya lo est\u00e1 viviendo en su gira de despedida, en donde es recibido con gritos de repudio y algo que le duele, es que le griten \u00a1dictador, dictador!. Esto lo vivi\u00f3 en Vicam, pero lo m\u00e1s duro es que lo tendr\u00e1 que soportar en donde quiera que se pare en&nbsp; el pa\u00eds.&nbsp; No hay que olvidar lo que vivi\u00f3 Jos\u00e9 L\u00f3pez Portillo que dej\u00f3 de aparecer en p\u00fablico porque donde se paraban la gente le comenzaba a ladrar&nbsp; en burla por&nbsp; haber dicho que defender\u00eda el peso como un perro.&nbsp; Ahora, el presidente L\u00f3pez Obrador no tendr\u00e1 ni el poder ni las ma\u00f1aneras para defenderse de los repudios que le manifiesten sectores agraviados. M\u00e1s vale que se vaya acostumbrando. Por algo dijo que buscar\u00eda quedarse encerrado en su rancho de Palenque.<\/p>\n\n\n\n<p><strong>ADI\u00d3S A MORENA\u2026 <\/strong>Lo que de plano no se entendi\u00f3 fue eso de que el presidente anunciara que renunciaba y se separaba de su partido Morena. Y decimos su partido, porque es el aut\u00e9ntico due\u00f1o y amo absoluto. Es obvio que al imponer a su hijo en la secretar\u00eda de Organizaci\u00f3n deja en claro que seguir\u00e1 mandando y operando este partido, por lo que nadie se crey\u00f3 eso de que romp\u00eda lanzas o hac\u00eda sexenio sab\u00e1tico. Seguramente lo dijo para que algunos chayochairos ingenuos se lo crean y lo anden comentando.&nbsp; Lo cierto es que con esto confirma que seguir\u00e1 manejando el partido a su total antojo.<\/p>\n\n\n\n<p>En fin, sabadito lindo y querido. Por eso mejor recuerden lo que dec\u00eda el Gaspar de la Chona, el que se va para la villa es que no tiene rancho en Palenque. Sale.<\/p>\n\n\n\n<p><strong>S\u00edganos en la cuenta de X o Twitter @hilarioolea.<\/strong><\/p>\n\n\n\n<p><strong>Pueden vernos de lunes a viernes de 8 a 9 de la noche en nuestro canal de YouTube \u201cEntre Todos Digital\u201d.<\/strong><\/p>\n\n\n\n<p><strong>Sigan nuestras redes sociales<\/strong><\/p>\n","protected":false},"excerpt":{"rendered":"<p>La \u00faltima y nos vamos Columna Corren Rumores Hilario Olea La \u00faltima y nos vamos S\u00e1bado 28 de septiembre de 2024 LA ULTIMA GIRA EN SONORA\u2026 El presidente Andr\u00e9s Manuel L\u00f3pez Obrador cumpli\u00f3 su promesa de hacer una \u00faltima gira por Sonora antes de entregar la presidencia y lo cumpli\u00f3. Lleg\u00f3, como ya lo hizo [&hellip;]<\/p>\n","protected":false},"author":1,"featured_media":18137,"comment_status":"open","ping_status":"open","sticky":false,"template":"","format":"standard","meta":{"content-type":"","footnotes":""},"categories":[121],"tags":[],"class_list":{"0":"post-18136","1":"post","2":"type-post","3":"status-publish","4":"format-standard","5":"has-post-thumbnail","7":"category-hilarioolea"},"_links":{"self":[{"href":"https:\/\/www.regioncuatronoticias.com\/index.php\/wp-json\/wp\/v2\/posts\/18136","targetHints":{"allow":["GET"]}}],"collection":[{"href":"https:\/\/www.regioncuatronoticias.com\/index.php\/wp-json\/wp\/v2\/posts"}],"about":[{"href":"https:\/\/www.regioncuatronoticias.com\/index.php\/wp-json\/wp\/v2\/types\/post"}],"author":[{"embeddable":true,"href":"https:\/\/www.regioncuatronoticias.com\/index.php\/wp-json\/wp\/v2\/users\/1"}],"replies":[{"embeddable":true,"href":"https:\/\/www.regioncuatronoticias.com\/index.php\/wp-json\/wp\/v2\/comments?post=18136"}],"version-history":[{"count":1,"href":"https:\/\/www.regioncuatronoticias.com\/index.php\/wp-json\/wp\/v2\/posts\/18136\/revisions"}],"predecessor-version":[{"id":18138,"href":"https:\/\/www.regioncuatronoticias.com\/index.php\/wp-json\/wp\/v2\/posts\/18136\/revisions\/18138"}],"wp:featuredmedia":[{"embeddable":true,"href":"https:\/\/www.regioncuatronoticias.com\/index.php\/wp-json\/wp\/v2\/media\/18137"}],"wp:attachment":[{"href":"https:\/\/www.regioncuatronoticias.com\/index.php\/wp-json\/wp\/v2\/media?parent=18136"}],"wp:term":[{"taxonomy":"category","embeddable":true,"href":"https:\/\/www.regioncuatronoticias.com\/index.php\/wp-json\/wp\/v2\/categories?post=18136"},{"taxonomy":"post_tag","embeddable":true,"href":"https:\/\/www.regioncuatronoticias.com\/index.php\/wp-json\/wp\/v2\/tags?post=18136"}],"curies":[{"name":"wp","href":"https:\/\/api.w.org\/{rel}","templated":true}]}}