{"id":18050,"date":"2024-09-26T01:07:41","date_gmt":"2024-09-26T08:07:41","guid":{"rendered":"https:\/\/www.regioncuatronoticias.com\/?p=18050"},"modified":"2024-09-26T01:07:42","modified_gmt":"2024-09-26T08:07:42","slug":"que-bonita-familia","status":"publish","type":"post","link":"https:\/\/www.regioncuatronoticias.com\/index.php\/2024\/09\/26\/que-bonita-familia\/","title":{"rendered":"\u00a1Qu\u00e9 bonita familia!"},"content":{"rendered":"\n<p><strong>Columna Olor a Dinero<\/strong><\/p>\n\n\n\n<p><strong>Feliciano J. Espriella<\/strong><\/p>\n\n\n\n<p><strong>\u00a1Qu\u00e9 bonita familia!<\/strong><\/p>\n\n\n\n<p><strong>Jueves 26 de septiembre de 2024<\/strong><\/p>\n\n\n\n<p>El affaire pol\u00edtico entre M\u00e9xico y Espa\u00f1a que estall\u00f3 antier a consecuencia del comunicado que el gobierno espa\u00f1ol envi\u00f3 por las v\u00edas diplom\u00e1ticas al gobierno mexicano para anunciar que no asistir\u00e1 ning\u00fan representante suyo a la toma de posesi\u00f3n de Claudia Sheinbaum, me record\u00f3 la frase del t\u00edtulo de esta entrega, la cual populariz\u00f3 por ah\u00ed de la d\u00e9cada de los setenta el comediante Alfonso Iglesias, m\u00e1s conocido como \u201cPomp\u00edn\u201d.<\/p>\n\n\n\n<p>La Canciller\u00eda de Espa\u00f1a expres\u00f3 su descontento por la exclusi\u00f3n del rey Felipe VI de la invitaci\u00f3n a la toma de posesi\u00f3n de Claudia Sheinbaum como presidenta de M\u00e9xico. En un comunicado, calificaron esta exclusi\u00f3n como \u201cinaceptable\u201d y anunciaron que, por este motivo, el gobierno de Espa\u00f1a decidi\u00f3 no participar en la ceremonia a ning\u00fan nivel. El mensaje fue el siguiente:<\/p>\n\n\n\n<p>\u201cEl Gobierno de Espa\u00f1a rechaza la exclusi\u00f3n de S.M. el Rey de la toma de posesi\u00f3n de la presidenta electa de M\u00e9xico y comunica que no enviar\u00e1 a ning\u00fan representante\u201d.<\/p>\n\n\n\n<p>El origen de esta aparente descortes\u00eda a la corona espa\u00f1ola se remonta a marzo de 2019, cuando el presidente L\u00f3pez Obrador envi\u00f3 una carta personal al rey de Espa\u00f1a para pedirle que, con motivo de la celebraci\u00f3n de 200 a\u00f1os de Independencia de M\u00e9xico, el reino de Espa\u00f1a expresara una disculpa por los &#8220;agravios causados&#8221; durante la conquista de M\u00e9xico.<\/p>\n\n\n\n<p>La carta al rey Felipe VI, fechada el 1 de marzo de 2019, fue difundida unos d\u00edas despu\u00e9s por medios de comunicaci\u00f3n espa\u00f1oles, lo cual molest\u00f3 al presidente mexicano, quien entonces decidi\u00f3 leerla durante una conferencia de prensa matutina y en esa misma ocasi\u00f3n puso en pausa las relaciones con la monarqu\u00eda espa\u00f1ola. Fue por esto que la presidenta electa no corri\u00f3 invitaci\u00f3n personal al monarca. Ella lo explic\u00f3 con las siguientes palabras.<\/p>\n\n\n\n<p>\u201cLamentablemente, dicha misiva -dijo en referencia a la carta de L\u00f3pez Obrador- no mereci\u00f3 respuesta alguna de forma directa, como hubiera correspondido a la mejor pr\u00e1ctica diplom\u00e1tica de las relaciones bilaterales\u201d.<\/p>\n\n\n\n<p>Pues vaya que son fijados y, \u00a1qu\u00e9 delicados los miembros de la dinast\u00eda Borb\u00f3n!, aun cuando la familia real espa\u00f1ola no ha sido precisamente un dechado de virtudes y han protagonizado cualquier cantidad de acciones p\u00fablicas que no son bien vistas en las familias de alcurnia y rallan en los linderos del oprobio.<\/p>\n\n\n\n<p>La monarqu\u00eda espa\u00f1ola pr\u00e1cticamente no ha dejado tropel\u00eda por cometer. Si uno revisa la historia personal de Juan Carlos I, padre del actual monarca Felipe VI, encontramos multitud de fechor\u00edas (por decirlo suavemente) y acciones inmorales que lo tienen actualmente en el exilio para evitar la prisi\u00f3n.<\/p>\n\n\n\n<p>Se le ha acusado de cometer abusos sexuales entre el personal femenino que lo asist\u00eda. Uno de los casos m\u00e1s notorios relacionados con su vida privada es su relaci\u00f3n con la actriz y vedette B\u00e1rbara Rey. Se ha especulado que esta relaci\u00f3n fue encubierta por el Estado espa\u00f1ol para evitar un esc\u00e1ndalo mayor. Adem\u00e1s, se ha mencionado que Juan Carlos I tuvo numerosas amantes durante su reinado.<\/p>\n\n\n\n<p>En abril de 2012 se revel\u00f3 que hab\u00eda participado en una cacer\u00eda de elefantes en Botsuana. Este incidente ocurri\u00f3 en medio de una grave crisis econ\u00f3mica en Espa\u00f1a, lo que gener\u00f3 una fuerte indignaci\u00f3n p\u00fablica que finalmente lo llev\u00f3 a abdicar.<\/p>\n\n\n\n<p>Se le ha acusado de estar involucrado con \u201coperaciones irregulares\u201d en para\u00edsos fiscales, diversos actos de corrupci\u00f3n, se le reconoce como un operador de Arabia Saudita en donde vive actualmente en calidad de refugiado a la vez que se protege ante la opini\u00f3n p\u00fablica espa\u00f1ola, pues existe todav\u00eda una gran cantidad de gente con raigambre mon\u00e1rquico que no lo perdonan.<\/p>\n\n\n\n<p>Ahora bien, Felipe VI tampoco se salva de un historial oscuro, aunque menos escandaloso que el padre. Tal vez le falten a\u00f1os y en el futuro logre superar ese legado patriarcal.<\/p>\n\n\n\n<p>Por ahora s\u00f3lo se le conoce lo relacionado con I\u00f1aki Urdangarin, marido de la infanta Cristina quien se encuentra tras las rejas condenado a casi seis a\u00f1os por un sonado caso de corrupci\u00f3n, de lo cual de momento se ha salvado el Rey en medio de muchas sospechas.<\/p>\n\n\n\n<p>Pero su soberbia la ha exhibido no s\u00f3lo con L\u00f3pez Obrador y M\u00e9xico. El 7 de agosto de 2022, durante la toma de posesi\u00f3n de Gustavo Petro como presidente de Colombia, fue presentada en la ceremonia la espada de Sim\u00f3n Bol\u00edvar, un s\u00edmbolo de la independencia latinoamericana y, mientras los asistentes se levantaron en se\u00f1al de respeto, el rey Felipe VI de Espa\u00f1a permaneci\u00f3 sentado<\/p>\n\n\n\n<p>As\u00ed que este Borb\u00f3n que se dice ofendido, tiene en lo personal y en su entorno cercano mucho por qu\u00e9 se le bajen los humos. Seguramente si viviera Pomp\u00edn Iglesias, les enviar\u00eda su saludo habitual: \u00a1Qu\u00e9 bonita familia! \u00a1Qu\u00e9 bonita familia!<\/p>\n\n\n\n<p>Por hoy fue todo. Gracias por su tolerancia y hasta la pr\u00f3xima.<\/p>\n\n\n\n<p><strong>Twitter: @fjespriella<\/strong><\/p>\n\n\n\n<p><strong>Correo: felicianoespriella@gmail.com<\/strong><\/p>\n","protected":false},"excerpt":{"rendered":"<p>Columna Olor a Dinero Feliciano J. Espriella \u00a1Qu\u00e9 bonita familia! Jueves 26 de septiembre de 2024 El affaire pol\u00edtico entre M\u00e9xico y Espa\u00f1a que estall\u00f3 antier a consecuencia del comunicado que el gobierno espa\u00f1ol envi\u00f3 por las v\u00edas diplom\u00e1ticas al gobierno mexicano para anunciar que no asistir\u00e1 ning\u00fan representante suyo a la toma de posesi\u00f3n [&hellip;]<\/p>\n","protected":false},"author":1,"featured_media":18051,"comment_status":"open","ping_status":"open","sticky":false,"template":"","format":"standard","meta":{"content-type":"","footnotes":""},"categories":[127],"tags":[],"class_list":{"0":"post-18050","1":"post","2":"type-post","3":"status-publish","4":"format-standard","5":"has-post-thumbnail","7":"category-olor-a-dinero"},"_links":{"self":[{"href":"https:\/\/www.regioncuatronoticias.com\/index.php\/wp-json\/wp\/v2\/posts\/18050","targetHints":{"allow":["GET"]}}],"collection":[{"href":"https:\/\/www.regioncuatronoticias.com\/index.php\/wp-json\/wp\/v2\/posts"}],"about":[{"href":"https:\/\/www.regioncuatronoticias.com\/index.php\/wp-json\/wp\/v2\/types\/post"}],"author":[{"embeddable":true,"href":"https:\/\/www.regioncuatronoticias.com\/index.php\/wp-json\/wp\/v2\/users\/1"}],"replies":[{"embeddable":true,"href":"https:\/\/www.regioncuatronoticias.com\/index.php\/wp-json\/wp\/v2\/comments?post=18050"}],"version-history":[{"count":1,"href":"https:\/\/www.regioncuatronoticias.com\/index.php\/wp-json\/wp\/v2\/posts\/18050\/revisions"}],"predecessor-version":[{"id":18052,"href":"https:\/\/www.regioncuatronoticias.com\/index.php\/wp-json\/wp\/v2\/posts\/18050\/revisions\/18052"}],"wp:featuredmedia":[{"embeddable":true,"href":"https:\/\/www.regioncuatronoticias.com\/index.php\/wp-json\/wp\/v2\/media\/18051"}],"wp:attachment":[{"href":"https:\/\/www.regioncuatronoticias.com\/index.php\/wp-json\/wp\/v2\/media?parent=18050"}],"wp:term":[{"taxonomy":"category","embeddable":true,"href":"https:\/\/www.regioncuatronoticias.com\/index.php\/wp-json\/wp\/v2\/categories?post=18050"},{"taxonomy":"post_tag","embeddable":true,"href":"https:\/\/www.regioncuatronoticias.com\/index.php\/wp-json\/wp\/v2\/tags?post=18050"}],"curies":[{"name":"wp","href":"https:\/\/api.w.org\/{rel}","templated":true}]}}