{"id":18004,"date":"2024-09-25T00:47:25","date_gmt":"2024-09-25T07:47:25","guid":{"rendered":"https:\/\/www.regioncuatronoticias.com\/?p=18004"},"modified":"2024-09-25T00:47:26","modified_gmt":"2024-09-25T07:47:26","slug":"seis-dias-y-acaba-el-jueguito-de-pegale-al-negro","status":"publish","type":"post","link":"https:\/\/www.regioncuatronoticias.com\/index.php\/2024\/09\/25\/seis-dias-y-acaba-el-jueguito-de-pegale-al-negro\/","title":{"rendered":"Seis d\u00edas y acaba el jueguito de \u201cp\u00e9gale al negro\u201d"},"content":{"rendered":"\n<p><strong>Columna Olor a Dinero<\/strong><\/p>\n\n\n\n<p><strong>Feliciano J. Espriella<\/strong><\/p>\n\n\n\n<p><strong>Seis d\u00edas y acaba el jueguito de \u201cp\u00e9gale al negro\u201d<\/strong><\/p>\n\n\n\n<p><strong>Mi\u00e9rcoles 25 de septiembre de 2024<\/strong><\/p>\n\n\n\n<p>Dentro de seis d\u00edas, el pr\u00f3ximo martes 1 de octubre para ser exacto, Andr\u00e9s Manuel L\u00f3pez Obrador, el personaje m\u00e1s atacado, denostado y calumniado en M\u00e9xico cuando menos en el \u00faltimo siglo, dejar\u00e1 la investidura por la cual lo han &nbsp;convertido, como a algunos payasos en las ferias itinerantes, en el \u201cnegro\u201d al que hay que pegarle.<\/p>\n\n\n\n<p>Aclaraci\u00f3n para los m\u00e1s j\u00f3venes, como dice ya saben qui\u00e9n: La expresi\u00f3n \u201cp\u00e9gale al negro\u201d tiene sus ra\u00edces en un juego de feria que se practicaba en algunos lugares hace muchos a\u00f1os. En este juego, una persona con la cara pintada de negro se colocaba detr\u00e1s de un agujero y los participantes intentaban golpearlo con una bola pesada. Como este tipo de juegos reflejaban actitudes racistas y homof\u00f3bicas que eran comunes en el pasado, en la actualidad est\u00e1 prohibido.<\/p>\n\n\n\n<p>Pues s\u00ed, efectivamente, para conspicuos miembros de la comentocracia nacional, en su mayor\u00eda pertenecientes a la cofrad\u00eda del \u201cchayote\u201d, su puerquito ya no estar\u00e1 lo suficientemente visible para que valga la pena seguir utiliz\u00e1ndolo como fuente de inspiraci\u00f3n. M\u00e1xime, si como me parece suceder\u00e1, ya no se dar\u00e1 por aludido, aunque no dudo que muchos intenten mantenerlo en el pandero, pese a que ya no lo iluminen los reflectores.<\/p>\n\n\n\n<p>Yo me pregunto, si para miles y miles de columnistas de todo el pa\u00eds, m\u00e1s de la mitad de los temas de sus escritos eran algo que el a\u00fan presidente hizo, dijo o simplemente le inventaron, \u00bfde d\u00f3nde carambas van a sacar ahora inspiraci\u00f3n para llenar sus espacios?<\/p>\n\n\n\n<p>El sexenio llega a su fin. Se les va AMLO, el personaje alrededor del cu\u00e1l han dependido desde hace seis a\u00f1os sus acciones, emociones, rabietas, pataleos y muchas alegr\u00edas cuando cre\u00edan que iba a caer o daba un traspi\u00e9 \u00bfA qui\u00e9n o a d\u00f3nde ir\u00e1n a enfocar todo el odio que fueron acumulando durante seis a\u00f1os?<\/p>\n\n\n\n<p>Deben empezar por reconocer que su villano favorito o bellaco (para utilizar el l\u00e9xico de una erudita coterr\u00e1nea) a quien por su investidura pensaron que ten\u00eda un cierto grado de vulnerabilidad no pudieron hacerle mella a base de insultos de lo m\u00e1s ruin y canallesco. Resisti\u00f3 todos sus embates, y no s\u00f3lo eso, encima no ganaron nada. Al contrario, muchos perdieron en el camino no s\u00f3lo la pizca de dignidad que les quedaba, sino buena parte de sus audiencias y lectores.<\/p>\n\n\n\n<p>\u00a1Pobres! Amanec\u00edan con L\u00f3pez, desayunaban con AMLO, com\u00edan con Obrador y se acostaban con el Peje. Viv\u00edan de \u00e9l, era la fuente de sus preocupaciones m\u00e1s profundas y sus fantas\u00edas, pero tambi\u00e9n de sus pesadillas. Era el tirano, el dictador, el nefasto ser que alimentaba todos sus m\u00e1s bajos instintos.<\/p>\n\n\n\n<p>\u00bfQu\u00e9 van a hacer ahora todos y todas esas comunicadoras cuyas columnas y noticieros que viv\u00edan de denostar a AMLO? \u00bfQui\u00e9n ser\u00e1 en adelante su inspiraci\u00f3n para la producci\u00f3n de sus fake news?<\/p>\n\n\n\n<p>Me parece que se enfrentar\u00e1n al mayor reto de su vida los y las m\u00e1s c\u00e9lebres y conocidas figuras de la comunicaci\u00f3n \u00bfSobre qui\u00e9n derramar\u00e1n ahora el producto de sus frustraciones? Qui\u00e9nes daban cauce a su clasismo identificando al presidente s\u00f3lo con su nombre de pila y el primer apellido, topar\u00e1n con pared si quieren trasladar sus complejos a la ya muy pr\u00f3xima presidenta de la Rep\u00fablica, pues si lo intentaran omitiendo Pardo, su apellido materno, de cualquier manera le quedar\u00e1 Sheinbaum, el cual podr\u00e1 compararse hasta con ventaja con los de la m\u00e1s rancia alcurnia.<\/p>\n\n\n\n<p>Por lo pronto, se est\u00e1n despidiendo dando golpes diarios a quien todav\u00eda consideran su \u201cnegro\u201d al que hay que pegarle, aunque estoy seguro que muchos ya ni saben por qu\u00e9 o para qu\u00e9.<\/p>\n\n\n\n<p>Por cierto, el por qu\u00e9 o para qu\u00e9 una gran cantidad de coment\u00f3cratas hicieron de pegarle a L\u00f3pez Obrador su modus vivendi durante seis a\u00f1os y pr\u00e1cticamente su raz\u00f3n de existir, es todo un tema.<\/p>\n\n\n\n<p>A prop\u00f3sito, recuerdo que har\u00e1 un par de a\u00f1os, un colega y buen amigo durante una pl\u00e1tica de caf\u00e9 en la que coment\u00e1bamos sobre este asunto, en una de esas me dijo: \u201c\u00bfCu\u00e1nto le estar\u00e1n pagando a Equis (un mutuo amigo y tambi\u00e9n colega) por atacar todos los d\u00edas en su columna al presidente?\u201d.<\/p>\n\n\n\n<p>Como en lo personal yo ten\u00eda un trato m\u00e1s frecuente con el aludido y estaba convencido que sus ataques eran de motu proprio y no por cuenta de terceros, y que adem\u00e1s algunos de sus textos ni siquiera \u00e9l los cre\u00eda, le respond\u00ed lo que pienso es el origen de las opiniones publicadas por una gran cantidad de comunicadores que se han ostentado como amlof\u00f3bicos, a sabiendas de que publican falsedades y calumnias. Le dije:<\/p>\n\n\n\n<p>\u201cNo creo que le paguen nada. La gran mayor\u00eda de sus lectores son anti lopezobradoristas y \u00e9l lo sabe. Como muchos otros periodistas, escribe lo que a sus lectores les gusta leer\u201d.<\/p>\n\n\n\n<p>Por hoy fue todo. Gracias por su tolerancia y hasta la pr\u00f3xima.<\/p>\n\n\n\n<p><strong>Twitter: @fjespriella<\/strong><\/p>\n\n\n\n<p><strong>Correo: felicianoespriella@gmail.com<\/strong><\/p>\n","protected":false},"excerpt":{"rendered":"<p>Columna Olor a Dinero Feliciano J. Espriella Seis d\u00edas y acaba el jueguito de \u201cp\u00e9gale al negro\u201d Mi\u00e9rcoles 25 de septiembre de 2024 Dentro de seis d\u00edas, el pr\u00f3ximo martes 1 de octubre para ser exacto, Andr\u00e9s Manuel L\u00f3pez Obrador, el personaje m\u00e1s atacado, denostado y calumniado en M\u00e9xico cuando menos en el \u00faltimo siglo, [&hellip;]<\/p>\n","protected":false},"author":1,"featured_media":18005,"comment_status":"open","ping_status":"open","sticky":false,"template":"","format":"standard","meta":{"content-type":"","footnotes":""},"categories":[127],"tags":[],"class_list":{"0":"post-18004","1":"post","2":"type-post","3":"status-publish","4":"format-standard","5":"has-post-thumbnail","7":"category-olor-a-dinero"},"_links":{"self":[{"href":"https:\/\/www.regioncuatronoticias.com\/index.php\/wp-json\/wp\/v2\/posts\/18004","targetHints":{"allow":["GET"]}}],"collection":[{"href":"https:\/\/www.regioncuatronoticias.com\/index.php\/wp-json\/wp\/v2\/posts"}],"about":[{"href":"https:\/\/www.regioncuatronoticias.com\/index.php\/wp-json\/wp\/v2\/types\/post"}],"author":[{"embeddable":true,"href":"https:\/\/www.regioncuatronoticias.com\/index.php\/wp-json\/wp\/v2\/users\/1"}],"replies":[{"embeddable":true,"href":"https:\/\/www.regioncuatronoticias.com\/index.php\/wp-json\/wp\/v2\/comments?post=18004"}],"version-history":[{"count":1,"href":"https:\/\/www.regioncuatronoticias.com\/index.php\/wp-json\/wp\/v2\/posts\/18004\/revisions"}],"predecessor-version":[{"id":18006,"href":"https:\/\/www.regioncuatronoticias.com\/index.php\/wp-json\/wp\/v2\/posts\/18004\/revisions\/18006"}],"wp:featuredmedia":[{"embeddable":true,"href":"https:\/\/www.regioncuatronoticias.com\/index.php\/wp-json\/wp\/v2\/media\/18005"}],"wp:attachment":[{"href":"https:\/\/www.regioncuatronoticias.com\/index.php\/wp-json\/wp\/v2\/media?parent=18004"}],"wp:term":[{"taxonomy":"category","embeddable":true,"href":"https:\/\/www.regioncuatronoticias.com\/index.php\/wp-json\/wp\/v2\/categories?post=18004"},{"taxonomy":"post_tag","embeddable":true,"href":"https:\/\/www.regioncuatronoticias.com\/index.php\/wp-json\/wp\/v2\/tags?post=18004"}],"curies":[{"name":"wp","href":"https:\/\/api.w.org\/{rel}","templated":true}]}}