{"id":17763,"date":"2024-09-17T22:38:16","date_gmt":"2024-09-18T05:38:16","guid":{"rendered":"https:\/\/www.regioncuatronoticias.com\/?p=17763"},"modified":"2024-09-17T22:38:18","modified_gmt":"2024-09-18T05:38:18","slug":"scjn-no-instalara-mesa-de-transicion-para-reforma-judicial","status":"publish","type":"post","link":"https:\/\/www.regioncuatronoticias.com\/index.php\/2024\/09\/17\/scjn-no-instalara-mesa-de-transicion-para-reforma-judicial\/","title":{"rendered":"SCJN no instalar\u00e1 mesa de transici\u00f3n para reforma judicial"},"content":{"rendered":"\n<p>Tomado de La Jornada<\/p>\n\n\n\n<p>Gustavo Castillo Garc\u00eda<\/p>\n\n\n\n<p>Martes 17 de septiembre de 2024<\/p>\n\n\n\n<p>Ciudad de M\u00e9xico. Por decisi\u00f3n un\u00e1nime, durante la sesi\u00f3n privada, los integrantes de la Suprema Corte de Justicia de la Naci\u00f3n (SCJN) determinaron no instalar una mesa de transici\u00f3n para la aplicaci\u00f3n de la reforma del Poder Judicial, pero que cada una de las decisiones que se tomen a este respecto se aprueben en el Pleno y tambi\u00e9n que contin\u00faen operando las dos salas que conforman al m\u00e1ximo tribunal del pa\u00eds, revelaron ministros.<\/p>\n\n\n\n<p>Durante una sesi\u00f3n privada que dur\u00f3 m\u00e1s de dos horas y en la que los ministros discutieron de inicio la propuesta de la ministra Lenia Batres Guadarrama, en el sentido de instalar una mesa de transici\u00f3n para avanzar de manera ordenada en la aplicaci\u00f3n de la reci\u00e9n aprobada reforma constitucional, los ministros determinaron que el Pleno debe conocer de cada una de las situaciones y aprobar la decisi\u00f3n que se asuma.<\/p>\n\n\n\n<p>A trav\u00e9s de su cuenta de X (antes Twitter), la ministra Lenia Batres public\u00f3: \u201ccon relaci\u00f3n a la creaci\u00f3n de una comisi\u00f3n de transici\u00f3n dirigida a coadyuvar en la implementaci\u00f3n de la reforma constitucional, que present\u00e9 al Pleno de la SCJN la semana pasada, hoy me sum\u00e9 a la opini\u00f3n un\u00e1nime de que todas las acciones dirigidas a la implementaci\u00f3n de la reforma competencia del Pleno sean asumidas por el propio Pleno\u201d.<\/p>\n\n\n\n<p>Ante la opini\u00f3n de sus pares, Batres Guadarrama acept\u00f3 retirar su propuesta de mesa de transici\u00f3n.<\/p>\n\n\n\n<p>Otro punto que se discuti\u00f3 en la sesi\u00f3n privada fue lo referente al trabajo que realizan las dos Salas que integran la SCJN y en las que se desahoga la mayor parte de asuntos de la Corte y as\u00ed \u00fanicamente los expedientes m\u00e1s complicados que requieren de un mayor an\u00e1lisis se atiendan en el Pleno, se mantengan funcionando.<\/p>\n\n\n\n<p>Al iniciar la sesi\u00f3n p\u00fablica, que solo dur\u00f3 cuatro minutos se revisaron algunos proyectos de acci\u00f3n de inconstitucionalidad pero no se analiz\u00f3 ninguno debido a que se requiere el complemento de los proyectos presentados por la ministra Loretta Ort\u00edz Ahlf, con respecto a los que debe resolver otro de los togados.<\/p>\n\n\n\n<p><a href=\"https:\/\/www.jornada.com.mx\/noticia\/2024\/09\/17\/politica\/scjn-no-instalara-mesa-de-transicion-para-reforma-judicial-2357\">https:\/\/www.jornada.com.mx\/noticia\/2024\/09\/17\/politica\/scjn-no-instalara-mesa-de-transicion-para-reforma-judicial-2357<\/a><\/p>\n","protected":false},"excerpt":{"rendered":"<p>Tomado de La Jornada Gustavo Castillo Garc\u00eda Martes 17 de septiembre de 2024 Ciudad de M\u00e9xico. Por decisi\u00f3n un\u00e1nime, durante la sesi\u00f3n privada, los integrantes de la Suprema Corte de Justicia de la Naci\u00f3n (SCJN) determinaron no instalar una mesa de transici\u00f3n para la aplicaci\u00f3n de la reforma del Poder Judicial, pero que cada una [&hellip;]<\/p>\n","protected":false},"author":1,"featured_media":17764,"comment_status":"open","ping_status":"open","sticky":false,"template":"","format":"standard","meta":{"content-type":"","footnotes":""},"categories":[3,115,105],"tags":[],"class_list":{"0":"post-17763","1":"post","2":"type-post","3":"status-publish","4":"format-standard","5":"has-post-thumbnail","7":"category-mexico","8":"category-politica","9":"category-principal"},"_links":{"self":[{"href":"https:\/\/www.regioncuatronoticias.com\/index.php\/wp-json\/wp\/v2\/posts\/17763","targetHints":{"allow":["GET"]}}],"collection":[{"href":"https:\/\/www.regioncuatronoticias.com\/index.php\/wp-json\/wp\/v2\/posts"}],"about":[{"href":"https:\/\/www.regioncuatronoticias.com\/index.php\/wp-json\/wp\/v2\/types\/post"}],"author":[{"embeddable":true,"href":"https:\/\/www.regioncuatronoticias.com\/index.php\/wp-json\/wp\/v2\/users\/1"}],"replies":[{"embeddable":true,"href":"https:\/\/www.regioncuatronoticias.com\/index.php\/wp-json\/wp\/v2\/comments?post=17763"}],"version-history":[{"count":1,"href":"https:\/\/www.regioncuatronoticias.com\/index.php\/wp-json\/wp\/v2\/posts\/17763\/revisions"}],"predecessor-version":[{"id":17765,"href":"https:\/\/www.regioncuatronoticias.com\/index.php\/wp-json\/wp\/v2\/posts\/17763\/revisions\/17765"}],"wp:featuredmedia":[{"embeddable":true,"href":"https:\/\/www.regioncuatronoticias.com\/index.php\/wp-json\/wp\/v2\/media\/17764"}],"wp:attachment":[{"href":"https:\/\/www.regioncuatronoticias.com\/index.php\/wp-json\/wp\/v2\/media?parent=17763"}],"wp:term":[{"taxonomy":"category","embeddable":true,"href":"https:\/\/www.regioncuatronoticias.com\/index.php\/wp-json\/wp\/v2\/categories?post=17763"},{"taxonomy":"post_tag","embeddable":true,"href":"https:\/\/www.regioncuatronoticias.com\/index.php\/wp-json\/wp\/v2\/tags?post=17763"}],"curies":[{"name":"wp","href":"https:\/\/api.w.org\/{rel}","templated":true}]}}