{"id":17755,"date":"2024-09-17T22:18:03","date_gmt":"2024-09-18T05:18:03","guid":{"rendered":"https:\/\/www.regioncuatronoticias.com\/?p=17755"},"modified":"2024-09-17T22:23:03","modified_gmt":"2024-09-18T05:23:03","slug":"claudia-sheinbaum-rechazo-la-declaracion-de-garcia-luna-sobre-supuestos-nexos-de-amlo-con-el-narco","status":"publish","type":"post","link":"https:\/\/www.regioncuatronoticias.com\/index.php\/2024\/09\/17\/claudia-sheinbaum-rechazo-la-declaracion-de-garcia-luna-sobre-supuestos-nexos-de-amlo-con-el-narco\/","title":{"rendered":"Sheinbaum rechaza declaraciones de Garc\u00eda Luna sobre AMLO y el narco: \u2018Quieren manchar su gobierno\u2019"},"content":{"rendered":"\n<p><strong>La presidenta electa asegur\u00f3 que es falso que el presidente L\u00f3pez Obrador tenga nexos con el C\u00e1rtel de Sinaloa.<\/strong><\/p>\n\n\n\n<p>Tomado de El Financiero<\/p>\n\n\n\n<p>Por Redacci\u00f3n<\/p>\n\n\n\n<p>Martes 17 de septiembre de 2024<\/p>\n\n\n\n<p>Una carta del ex secretario de Seguridad P\u00fablica, Genaro Garc\u00eda Luna, se convirti\u00f3 en el centro de atenci\u00f3n, luego de que se\u00f1alara al presidente Andr\u00e9s Manuel L\u00f3pez Obrador de tener v\u00ednculos con el narco.<\/p>\n\n\n\n<p>Al respecto, la presidenta electa, Claudia Sheinbaum rechaz\u00f3 los argumentos de Garc\u00eda Luna, quien espera su sentencia en EU el pr\u00f3ximo 9 de octubre.<\/p>\n\n\n\n<p>\u2018Es absolutamente falso. Conozco al presidente Andr\u00e9s Manuel L\u00f3pez Obrador, lo conoce el pueblo de M\u00e9xico. Si \u00e9l no tuviera autoridad moral, no podr\u00eda haber hecho la transformaci\u00f3n [&#8230;] Es un tema pol\u00edtico, ya se va el presidente y quieren marchar su administraci\u00f3n\u2019, expres\u00f3 Sheinbaum al salir de la reuni\u00f3n con los futuros titulares de la Secretar\u00eda de la Defensa Nacional y Marina.<\/p>\n\n\n\n<p><strong>\u00bfQu\u00e9 dice la carta de Genaro Garc\u00eda Luna?<\/strong><\/p>\n\n\n\n<p>Genaro Garc\u00eda Luna dedic\u00f3 cuatro p\u00e1ginas escritas con su pu\u00f1o y letra para hablar del acuerdo con Estados Unidos que rechaz\u00f3 para ser testigo colaborador. Adem\u00e1s se\u00f1al\u00f3 que L\u00f3pez Obrador tiene v\u00ednculos con el crimen organizado.<\/p>\n\n\n\n<p>\u2018Es del conocimiento p\u00fablico y est\u00e1 en los registros oficiales de M\u00e9xico y Estados Unidos, los contactos, videos, audios, fotograf\u00edas, registros de comunicaci\u00f3n y gesti\u00f3n entre el actual presidente de M\u00e9xico, Andr\u00e9s L\u00f3pez Obrador y sus operadores con los l\u00edderes del narcotr\u00e1fico y sus familias, en particular los testigos que fueron utilizados en mi contra durante el juicio\u2019, se lee en la carta.<\/p>\n\n\n\n<p>El ex jefe polic\u00edaco tambi\u00e9n arremeti\u00f3 con la reci\u00e9n aprobada reforma judicial y dijo que se trata de un plan para beneficiar a los criminales.<\/p>\n\n\n\n<p>Garc\u00eda Luna tiene una audiencia programada el pr\u00f3ximo 9 de octubre, en la que se le dictar\u00e1 sentencia por su culpabilidad de nexos con el C\u00e1rtel de Sinaloa.<\/p>\n\n\n\n<p><a href=\"https:\/\/www.elfinanciero.com.mx\/nacional\/2024\/09\/17\/sheinbaum-rechaza-declaraciones-de-garcia-luna-sobre-amlo-y-el-narco-quieren-manchar-su-gobierno\">https:\/\/www.elfinanciero.com.mx\/nacional\/2024\/09\/17\/sheinbaum-rechaza-declaraciones-de-garcia-luna-sobre-amlo-y-el-narco-quieren-manchar-su-gobierno<\/a><\/p>\n\n\n\n<p><\/p>\n","protected":false},"excerpt":{"rendered":"<p>La presidenta electa asegur\u00f3 que es falso que el presidente L\u00f3pez Obrador tenga nexos con el C\u00e1rtel de Sinaloa. Tomado de El Financiero Por Redacci\u00f3n Martes 17 de septiembre de 2024 Una carta del ex secretario de Seguridad P\u00fablica, Genaro Garc\u00eda Luna, se convirti\u00f3 en el centro de atenci\u00f3n, luego de que se\u00f1alara al presidente [&hellip;]<\/p>\n","protected":false},"author":1,"featured_media":17756,"comment_status":"open","ping_status":"open","sticky":false,"template":"","format":"standard","meta":{"content-type":"","footnotes":""},"categories":[3,115,105],"tags":[],"class_list":{"0":"post-17755","1":"post","2":"type-post","3":"status-publish","4":"format-standard","5":"has-post-thumbnail","7":"category-mexico","8":"category-politica","9":"category-principal"},"_links":{"self":[{"href":"https:\/\/www.regioncuatronoticias.com\/index.php\/wp-json\/wp\/v2\/posts\/17755","targetHints":{"allow":["GET"]}}],"collection":[{"href":"https:\/\/www.regioncuatronoticias.com\/index.php\/wp-json\/wp\/v2\/posts"}],"about":[{"href":"https:\/\/www.regioncuatronoticias.com\/index.php\/wp-json\/wp\/v2\/types\/post"}],"author":[{"embeddable":true,"href":"https:\/\/www.regioncuatronoticias.com\/index.php\/wp-json\/wp\/v2\/users\/1"}],"replies":[{"embeddable":true,"href":"https:\/\/www.regioncuatronoticias.com\/index.php\/wp-json\/wp\/v2\/comments?post=17755"}],"version-history":[{"count":2,"href":"https:\/\/www.regioncuatronoticias.com\/index.php\/wp-json\/wp\/v2\/posts\/17755\/revisions"}],"predecessor-version":[{"id":17759,"href":"https:\/\/www.regioncuatronoticias.com\/index.php\/wp-json\/wp\/v2\/posts\/17755\/revisions\/17759"}],"wp:featuredmedia":[{"embeddable":true,"href":"https:\/\/www.regioncuatronoticias.com\/index.php\/wp-json\/wp\/v2\/media\/17756"}],"wp:attachment":[{"href":"https:\/\/www.regioncuatronoticias.com\/index.php\/wp-json\/wp\/v2\/media?parent=17755"}],"wp:term":[{"taxonomy":"category","embeddable":true,"href":"https:\/\/www.regioncuatronoticias.com\/index.php\/wp-json\/wp\/v2\/categories?post=17755"},{"taxonomy":"post_tag","embeddable":true,"href":"https:\/\/www.regioncuatronoticias.com\/index.php\/wp-json\/wp\/v2\/tags?post=17755"}],"curies":[{"name":"wp","href":"https:\/\/api.w.org\/{rel}","templated":true}]}}