{"id":17682,"date":"2024-09-15T15:16:26","date_gmt":"2024-09-15T22:16:26","guid":{"rendered":"https:\/\/www.regioncuatronoticias.com\/?p=17682"},"modified":"2024-09-15T15:20:01","modified_gmt":"2024-09-15T22:20:01","slug":"mexico-pasa-por-momento-de-mayor-independencia-afirma-sheinbaum","status":"publish","type":"post","link":"https:\/\/www.regioncuatronoticias.com\/index.php\/2024\/09\/15\/mexico-pasa-por-momento-de-mayor-independencia-afirma-sheinbaum\/","title":{"rendered":"M\u00e9xico pasa por momento de mayor independencia, afirma Sheinbaum"},"content":{"rendered":"\n<p><strong>Esta tarde podr\u00eda publicarse en el Diario Oficial de la Federaci\u00f3n la reforma al Poder Judicial.<\/strong><\/p>\n\n\n\n<p>Tomado de Forbes<\/p>\n\n\n\n<p>Redacci\u00f3n<\/p>\n\n\n\n<p>Domingo 15 de septiembre de 2024<\/p>\n\n\n\n<p>La presidenta electa de M\u00e9xico, Claudia Sheinbaum, consider\u00f3 este domingo que tras la aprobaci\u00f3n de la reforma al Poder Judicial para elegir a juzgadores por voto popular, y ocurrida a mediados de semana, M\u00e9xico transita por uno de sus momentos de mayor independencia.<\/p>\n\n\n\n<p>Sheinbaum asisti\u00f3 junto con el presidente saliente, Andr\u00e9s Manuel L\u00f3pez Obrador, a la zona arqueol\u00f3gica de Calakmul, en Campeche (sureste), para inaugurar el museo de sitio, donde dijo: \u201ccon L\u00f3pez Obrador hay muchos s\u00edmbolos hist\u00f3ricos y no es casualidad que un 15 de septiembre -D\u00eda de la Independencia de M\u00e9xico- estemos aqu\u00ed, en la grandeza de M\u00e9xico, a unas horas de recordar a h\u00e9roes y hero\u00ednas que nos dieron patria\u201d.<\/p>\n\n\n\n<p>\u201cEl d\u00eda de hoy tambi\u00e9n sabemos que es un hecho la reforma del Poder Judicial. Es quiz\u00e1 uno de los momentos de mayor independencia, libertad, soberan\u00eda y democracia en nuestro pa\u00eds\u201d, se\u00f1al\u00f3 Sheinbaum.<\/p>\n\n\n\n<p>\u201cEl 15 de septiembre de 2024 se queda grabado en nuestro coraz\u00f3n porque el presidente L\u00f3pez Obrador en estos seis a\u00f1os y todos los a\u00f1os que hemos venido luchando nos ha mostrado no solamente que es posible un M\u00e9xico distinto, con soberan\u00eda, con democracia, sino tambi\u00e9n ha construido con este movimiento una nueva forma de pensamiento\u201d, agreg\u00f3 la futura presidenta.<\/p>\n\n\n\n<p>Sheinbaum, quien asumir\u00e1 el poder el 1 de octubre, dijo a los mexicanos que \u201ctengan la certeza que vamos a dar continuidad a la cuarta transformaci\u00f3n de la vida p\u00fablica, que no va a haber regresiones, que no va haber vueltas al pasado, que este es el sendero, trazado por nuestro pueblo, y que hacia delante\u201d.<\/p>\n\n\n\n<p>El pasado viernes, la reforma al Poder Judicial en M\u00e9xico se declar\u00f3 constitucional en el Congreso mexicano y solo resta su publicaci\u00f3n en el Diario Oficial de la Federaci\u00f3n (DOF) para su entrada en vigor.&nbsp;<\/p>\n\n\n\n<p>La declaratoria de constitucionalidad se anunci\u00f3 primero en el Senado mexicano y luego en la C\u00e1mara de Diputados, en ambos casos en pocos minutos, con la aprobaci\u00f3n de las \u2018supermayor\u00edas\u2019 oficialistas en ambas c\u00e1maras y el respaldo de 23 legislaturas de 32 estados.&nbsp;<\/p>\n\n\n\n<p>Ambos actos no contaron con la presencia de la oposici\u00f3n, tras la negativa a la reforma, que han calificado como un retroceso para la democracia y la independencia judicial, as\u00ed como para el equilibrio de Poderes y la posible intromisi\u00f3n de \u201cgrupos de inter\u00e9s\u201d.<\/p>\n\n\n\n<p>La acci\u00f3n se da a la par de los intentos por trabajadores del Poder Judicial de la Federaci\u00f3n (PJF) y por lo menos 1.200 personas juzgadoras en el pa\u00eds por frenar esta reforma recurriendo a instancias nacionales e internacionales.&nbsp;<\/p>\n\n\n\n<p>Organismos multilaterales como las Naciones Unidas y la Corte Interamericana de Derechos Humanos (CIDH); empresariales como la International Chamber of Commerce (ICC); calificadoras como Fitch y Moody\u2019s, as\u00ed como el Gobierno estadounidense han advertido repercusiones para M\u00e9xico por esta reforma, incluidos paneles y arbitrajes en el marco de tratados comerciales como el T-MEC.<\/p>\n\n\n\n<p>Tambi\u00e9n el viernes, un juez del estado de Colima, oeste de M\u00e9xico, orden\u00f3 una suspensi\u00f3n para frenar la promulgaci\u00f3n de la reforma en el DOF, pese a que L\u00f3pez Obrador, principal impulsor de la reforma, anunci\u00f3 que ser\u00eda oficializada este domingo 15 de septiembre, cuando se conmemora en el pa\u00eds el D\u00eda de la Independencia.<\/p>\n\n\n\n<p>Ese d\u00eda la senadora Ernestina Godoy, futura consejera jur\u00eddica en el Gobierno de Sheinbaum, se\u00f1al\u00f3 que dicho amparo es improcedente para impedir que la reforma publique en el DOF. \u201cSe les olvida que contra reforma constitucionales no proceden impugnaciones\u201d, dijo Godoy.<\/p>\n\n\n\n<p>(Con informaci\u00f3n de EFE)<\/p>\n\n\n\n<p><a href=\"https:\/\/www.forbes.com.mx\/mexico-pasa-por-momento-de-mayor-independencia-afirma-sheinbaum\/\">https:\/\/www.forbes.com.mx\/mexico-pasa-por-momento-de-mayor-independencia-afirma-sheinbaum\/<\/a><\/p>\n","protected":false},"excerpt":{"rendered":"<p>Esta tarde podr\u00eda publicarse en el Diario Oficial de la Federaci\u00f3n la reforma al Poder Judicial. Tomado de Forbes Redacci\u00f3n Domingo 15 de septiembre de 2024 La presidenta electa de M\u00e9xico, Claudia Sheinbaum, consider\u00f3 este domingo que tras la aprobaci\u00f3n de la reforma al Poder Judicial para elegir a juzgadores por voto popular, y ocurrida [&hellip;]<\/p>\n","protected":false},"author":1,"featured_media":17683,"comment_status":"open","ping_status":"open","sticky":false,"template":"","format":"standard","meta":{"content-type":"","footnotes":""},"categories":[3,115,105],"tags":[],"class_list":{"0":"post-17682","1":"post","2":"type-post","3":"status-publish","4":"format-standard","5":"has-post-thumbnail","7":"category-mexico","8":"category-politica","9":"category-principal"},"_links":{"self":[{"href":"https:\/\/www.regioncuatronoticias.com\/index.php\/wp-json\/wp\/v2\/posts\/17682","targetHints":{"allow":["GET"]}}],"collection":[{"href":"https:\/\/www.regioncuatronoticias.com\/index.php\/wp-json\/wp\/v2\/posts"}],"about":[{"href":"https:\/\/www.regioncuatronoticias.com\/index.php\/wp-json\/wp\/v2\/types\/post"}],"author":[{"embeddable":true,"href":"https:\/\/www.regioncuatronoticias.com\/index.php\/wp-json\/wp\/v2\/users\/1"}],"replies":[{"embeddable":true,"href":"https:\/\/www.regioncuatronoticias.com\/index.php\/wp-json\/wp\/v2\/comments?post=17682"}],"version-history":[{"count":2,"href":"https:\/\/www.regioncuatronoticias.com\/index.php\/wp-json\/wp\/v2\/posts\/17682\/revisions"}],"predecessor-version":[{"id":17685,"href":"https:\/\/www.regioncuatronoticias.com\/index.php\/wp-json\/wp\/v2\/posts\/17682\/revisions\/17685"}],"wp:featuredmedia":[{"embeddable":true,"href":"https:\/\/www.regioncuatronoticias.com\/index.php\/wp-json\/wp\/v2\/media\/17683"}],"wp:attachment":[{"href":"https:\/\/www.regioncuatronoticias.com\/index.php\/wp-json\/wp\/v2\/media?parent=17682"}],"wp:term":[{"taxonomy":"category","embeddable":true,"href":"https:\/\/www.regioncuatronoticias.com\/index.php\/wp-json\/wp\/v2\/categories?post=17682"},{"taxonomy":"post_tag","embeddable":true,"href":"https:\/\/www.regioncuatronoticias.com\/index.php\/wp-json\/wp\/v2\/tags?post=17682"}],"curies":[{"name":"wp","href":"https:\/\/api.w.org\/{rel}","templated":true}]}}