{"id":17502,"date":"2024-09-11T20:17:05","date_gmt":"2024-09-12T03:17:05","guid":{"rendered":"https:\/\/www.regioncuatronoticias.com\/?p=17502"},"modified":"2024-09-11T20:17:36","modified_gmt":"2024-09-12T03:17:36","slug":"la-carpeta-azul-de-yunes-y-otras-acusaciones-de-corrupcion-que-hizo-amlo-en-2017","status":"publish","type":"post","link":"https:\/\/www.regioncuatronoticias.com\/index.php\/2024\/09\/11\/la-carpeta-azul-de-yunes-y-otras-acusaciones-de-corrupcion-que-hizo-amlo-en-2017\/","title":{"rendered":"\u2018La carpeta azul de Yunes\u2019 y otras acusaciones de corrupci\u00f3n que hizo AMLO en 2017"},"content":{"rendered":"\n<p><strong>La reforma judicial propuesta por el presidente Andr\u00e9s Manuel L\u00f3pez Obrador fue aprobada el martes en el Senado con el voto decisivo de Miguel \u00c1ngel Yunes M\u00e1rquez.<\/strong><\/p>\n\n\n\n<p>Tomado de Aristegui Noticias<\/p>\n\n\n\n<p>Redacci\u00f3n AN \/ LP<\/p>\n\n\n\n<p>Mi\u00e9rcoles 11 de septiembre de 2\u201924<\/p>\n\n\n\n<p>En 2017, Andr\u00e9s Manuel L\u00f3pez Obrador, entonces presidente nacional del Movimiento de Regeneraci\u00f3n Nacional (Morena) y aspirante a la presidencia, se\u00f1al\u00f3 con vehemencia al que era en ese momento gobernador de Veracruz, Miguel \u00c1ngel Yunes Linares, y a su familia por presuntos casos de corrupci\u00f3n.<\/p>\n\n\n\n<p>Durante varios actos p\u00fablicos, L\u00f3pez Obrador denunci\u00f3 la existencia de una \u201cCarpeta Azul\u201c, en la que aseguraba tener pruebas sobre un presunto enriquecimiento il\u00edcito de Yunes Linares, as\u00ed como diversas propiedades a su nombre, tanto en M\u00e9xico como en el extranjero.<\/p>\n\n\n\n<p>El 11 de mayo de 2017, en un evento en Tuxpan, Veracruz, L\u00f3pez Obrador afirm\u00f3 que Yunes era comparable con el exgobernador Javier Duarte, ya que consideraba que no hab\u00eda diferencias entre ambos en cuanto a sus pr\u00e1cticas pol\u00edticas.<\/p>\n\n\n\n<p>En ese acto, mencion\u00f3 que la \u201cCarpeta Azul\u201d conten\u00eda informaci\u00f3n relevante sobre las propiedades de Yunes y de sus hijos, incluyendo inmuebles en M\u00e9xico y el extranjero.<\/p>\n\n\n\n<p>Seg\u00fan el pol\u00edtico tabasque\u00f1o, Yunes ten\u00eda abiertas dos investigaciones en la entonces Procuradur\u00eda General de la Rep\u00fablica (PGR) por enriquecimiento il\u00edcito, aunque asegur\u00f3 que gran parte de esta informaci\u00f3n no llegaba al p\u00fablico debido al control que la \u201cmafia del poder\u201d ejerc\u00eda sobre los medios de comunicaci\u00f3n.<\/p>\n\n\n\n<p><strong>Por a\u00f1os, AMLO denunci\u00f3 corrupci\u00f3n de los Yunes en Veracruz<\/strong><\/p>\n\n\n\n<p>Entre las propiedades mencionadas en esa carpeta, destacaban un condominio de lujo ubicado en Alvarado, Veracruz, una casa en la colonia el Pedregal de la Ciudad de M\u00e9xico, y otra propiedad multimillonaria en Coatepec, Morelos.<\/p>\n\n\n\n<p>L\u00f3pez Obrador tambi\u00e9n mencion\u00f3 un departamento en Miami, Florida, propiedad de Miguel \u00c1ngel Yunes M\u00e1rquez, entonces alcalde de Boca del R\u00edo.<\/p>\n\n\n\n<p>Los contenidos de la \u201cCarpeta Azul\u201d, de acuerdo con las denuncias de L\u00f3pez Obrador, difundidas tambi\u00e9n en el portal informativo Regeneraci\u00f3n, el expediente conten\u00eda informaci\u00f3n sobre gasolineras en varias localidades de Veracruz, que presuntamente pertenec\u00edan a la familia Yunes, as\u00ed como propiedades en el extranjero.<\/p>\n\n\n\n<p><strong>AMLO denunci\u00f3 que Yunes fue \u201cfontanero del r\u00e9gimen\u201d de Pe\u00f1a Nieto<\/strong><\/p>\n\n\n\n<p>L\u00f3pez Obrador, en sus intervenciones p\u00fablicas, tambi\u00e9n se\u00f1al\u00f3 que Miguel \u00c1ngel Yunes Linares no operaba solo, sino que estaba respaldado por poderosos &nbsp;actores pol\u00edticos, incluyendo al expresidente Carlos Salinas de Gortari, a quien acusaba de estar detr\u00e1s de su candidatura al gobierno de Veracruz.<\/p>\n\n\n\n<p>El entonces l\u00edder de Morena denunci\u00f3 que la alianza entre el PRI y el PAN era responsable de mantener un sistema corrupto en el pa\u00eds y que Yunes era parte de ese entramado pol\u00edtico.<\/p>\n\n\n\n<p>Adem\u00e1s, en un video difundido el 25 de abril de 2017, L\u00f3pez Obrador acus\u00f3 tanto a Yunes Linares como al entonces secretario de Gobernaci\u00f3n, Miguel \u00c1ngel Osorio Chong, de ser los \u201cfontaneros del r\u00e9gimen\u201d, cuyo objetivo era desviar la &nbsp;atenci\u00f3n medi\u00e1tica de los esc\u00e1ndalos de corrupci\u00f3n que involucraban al presidente Enrique Pe\u00f1a Nieto, especialmente en relaci\u00f3n con el caso Odebrecht.<\/p>\n\n\n\n<p>Seg\u00fan L\u00f3pez Obrador, tanto Yunes como Osorio Chong desempe\u00f1aban un papel crucial en la estrategia del gobierno federal para limpiar la imagen del mandatario en medio de los se\u00f1alamientos de corrupci\u00f3n que surg\u00edan desde Brasil.<\/p>\n\n\n\n<p><strong>Yunes, el voto decisivo para la reforma judicial de AMLO<\/strong><\/p>\n\n\n\n<p>Estas acusaciones cobraron nueva relevancia tras la aprobaci\u00f3n en el Senado de la Rep\u00fablica, de la reforma judicial propuesta por el presidente Andr\u00e9s Manuel L\u00f3pez Obrador, con el voto decisivo de Miguel \u00c1ngel Yunes M\u00e1rquez, hijo de Miguel \u00c1ngel Yunes Linares.<\/p>\n\n\n\n<p>El martes, durante la sesi\u00f3n en la que se discut\u00eda la reforma, Yunes M\u00e1rquez, senador del Partido Acci\u00f3n Nacional (PAN), solicit\u00f3 licencia alegando problemas de salud, lo que permiti\u00f3 que su padre, Miguel \u00c1ngel Yunes Linares, tomara protesta en su lugar.<\/p>\n\n\n\n<p>Horas m\u00e1s tarde, Yunes M\u00e1rquez regres\u00f3 al Senado para emitir su voto a favor de la reforma judicial, lo que gener\u00f3 una ola de cr\u00edticas dentro de su propio partido, cuyos legisladores lo acusaron de traidor.<\/p>\n\n\n\n<p>Durante su intervenci\u00f3n en el Senado, Yunes M\u00e1rquez defendi\u00f3 su decisi\u00f3n de votar a favor de la reforma judicial, argumentando que lo hac\u00eda en congruencia con sus principios y rechazando las acusaciones de traici\u00f3n que le lanzaron sus correligionarios panistas.<\/p>\n\n\n\n<p>Sostuvo que la decisi\u00f3n del PAN de oponerse a la reforma no deb\u00eda ser impuesta de manera unilateral y que, en su opini\u00f3n, la reforma permitir\u00eda al pa\u00eds avanzar en la modernizaci\u00f3n de su sistema judicial.<\/p>\n\n\n\n<p>A pesar de las cr\u00edticas, Yunes M\u00e1rquez afirm\u00f3 que su voto no estaba motivado por ning\u00fan tipo de acuerdo econ\u00f3mico o pol\u00edtico, y que su padre, Miguel \u00c1ngel Yunes Linares, tampoco hab\u00eda influido en su decisi\u00f3n.<\/p>\n\n\n\n<p><a href=\"https:\/\/aristeguinoticias.com\/1109\/mexico\/la-carpeta-azul-de-yunes-y-otras-acusaciones-de-corrupcion-que-hizo-amlo-en-2017\">https:\/\/aristeguinoticias.com\/1109\/mexico\/la-carpeta-azul-de-yunes-y-otras-acusaciones-de-corrupcion-que-hizo-amlo-en-2017<\/a><\/p>\n","protected":false},"excerpt":{"rendered":"<p>La reforma judicial propuesta por el presidente Andr\u00e9s Manuel L\u00f3pez Obrador fue aprobada el martes en el Senado con el voto decisivo de Miguel \u00c1ngel Yunes M\u00e1rquez. Tomado de Aristegui Noticias Redacci\u00f3n AN \/ LP Mi\u00e9rcoles 11 de septiembre de 2\u201924 En 2017, Andr\u00e9s Manuel L\u00f3pez Obrador, entonces presidente nacional del Movimiento de Regeneraci\u00f3n Nacional [&hellip;]<\/p>\n","protected":false},"author":1,"featured_media":17503,"comment_status":"open","ping_status":"open","sticky":false,"template":"","format":"standard","meta":{"content-type":"","footnotes":""},"categories":[3,115,105],"tags":[],"class_list":{"0":"post-17502","1":"post","2":"type-post","3":"status-publish","4":"format-standard","5":"has-post-thumbnail","7":"category-mexico","8":"category-politica","9":"category-principal"},"_links":{"self":[{"href":"https:\/\/www.regioncuatronoticias.com\/index.php\/wp-json\/wp\/v2\/posts\/17502","targetHints":{"allow":["GET"]}}],"collection":[{"href":"https:\/\/www.regioncuatronoticias.com\/index.php\/wp-json\/wp\/v2\/posts"}],"about":[{"href":"https:\/\/www.regioncuatronoticias.com\/index.php\/wp-json\/wp\/v2\/types\/post"}],"author":[{"embeddable":true,"href":"https:\/\/www.regioncuatronoticias.com\/index.php\/wp-json\/wp\/v2\/users\/1"}],"replies":[{"embeddable":true,"href":"https:\/\/www.regioncuatronoticias.com\/index.php\/wp-json\/wp\/v2\/comments?post=17502"}],"version-history":[{"count":2,"href":"https:\/\/www.regioncuatronoticias.com\/index.php\/wp-json\/wp\/v2\/posts\/17502\/revisions"}],"predecessor-version":[{"id":17505,"href":"https:\/\/www.regioncuatronoticias.com\/index.php\/wp-json\/wp\/v2\/posts\/17502\/revisions\/17505"}],"wp:featuredmedia":[{"embeddable":true,"href":"https:\/\/www.regioncuatronoticias.com\/index.php\/wp-json\/wp\/v2\/media\/17503"}],"wp:attachment":[{"href":"https:\/\/www.regioncuatronoticias.com\/index.php\/wp-json\/wp\/v2\/media?parent=17502"}],"wp:term":[{"taxonomy":"category","embeddable":true,"href":"https:\/\/www.regioncuatronoticias.com\/index.php\/wp-json\/wp\/v2\/categories?post=17502"},{"taxonomy":"post_tag","embeddable":true,"href":"https:\/\/www.regioncuatronoticias.com\/index.php\/wp-json\/wp\/v2\/tags?post=17502"}],"curies":[{"name":"wp","href":"https:\/\/api.w.org\/{rel}","templated":true}]}}