{"id":17495,"date":"2024-09-11T19:58:12","date_gmt":"2024-09-12T02:58:12","guid":{"rendered":"https:\/\/www.regioncuatronoticias.com\/?p=17495"},"modified":"2024-09-11T19:58:16","modified_gmt":"2024-09-12T02:58:16","slug":"sinaloa-reconoce-rocha-moya-enfrentamientos-armados-y-admite-que-podria-haber-mas","status":"publish","type":"post","link":"https:\/\/www.regioncuatronoticias.com\/index.php\/2024\/09\/11\/sinaloa-reconoce-rocha-moya-enfrentamientos-armados-y-admite-que-podria-haber-mas\/","title":{"rendered":"Sinaloa: Reconoce Rocha Moya enfrentamientos armados y admite que podr\u00eda haber m\u00e1s"},"content":{"rendered":"\n<p><strong>Por tercer d\u00eda consecutivo se reportan enfrentamientos entre grupos criminales en Culiac\u00e1n y otros municipios, aunque el gobierno estatal hab\u00eda se\u00f1alado antes que la situaci\u00f3n estaba en calma.<\/strong><\/p>\n\n\n\n<p>Tomado de Aristegui Noticias<\/p>\n\n\n\n<p>Redacci\u00f3n AN \/ KC<\/p>\n\n\n\n<p>Mi\u00e9rcoles 11 de septiembre de 2024<\/p>\n\n\n\n<p>El gobernador de Sinaloa, Rub\u00e9n Rocha Moya, admiti\u00f3 este mi\u00e9rcoles, recientes hechos violentos, principalmente en los municipios de Culiac\u00e1n, Elota y Cosal\u00e1.<\/p>\n\n\n\n<p>En un videomensaje, el gobernador dijo que en particular se dirig\u00eda a la poblaci\u00f3n de estos sitios, \u201cque son los municipios que en este momento se han visto impactados por algunos eventos de violencia\u201d.<\/p>\n\n\n\n<p>Reconoci\u00f3 que el lunes en Culiac\u00e1n se \u201csofoc\u00f3\u201d un suceso, aunque reconoci\u00f3 que \u201cayer tuvimos otro, antes tuvimos en Costa Rica, es probable que ahora tengamos algunos eventos similares de presencia de grupos armados\u201d.<\/p>\n\n\n\n<p>Afirm\u00f3 que se ha montado un operativo integrado por corporaciones de seguridad de los tres \u00f3rdenes de gobierno, el cual asegur\u00f3 que \u201cha estado funcionando muy bien\u201d.<\/p>\n\n\n\n<p>Rocha Moya dijo que se han localizado \u201cestos focos\u201d de violencia, se atiende y ha permitido \u201cdecomisos importantes\u201d de veh\u00edculos y armas; adem\u00e1s, precis\u00f3 que hay impuesto \u201cun protocolo de seguridad debidamente armado\u201d donde participan los elementos de refuerzo enviados por la presidencia de la Rep\u00fablica.<\/p>\n\n\n\n<p>El mandatario inform\u00f3 sobre la llegada de cuatro aviones tipo Texas, artillados y helic\u00f3pteros, as\u00ed como 100 elementos de fuerzas especiales que act\u00faan dijo, en el aire y en la tierra.<\/p>\n\n\n\n<p>Dijo que este operativo ha dado \u201cun operativo eficiente\u201d para atender los sucesos de violencia; sin embargo, afirm\u00f3 que \u201csiendo responsables hay que admitir que pueden seguirse presentado estos eventos de violencia\u201d.<\/p>\n\n\n\n<p>Aunque afirm\u00f3, est\u00e1n focalizados y \u201ccomo son confrontaciones entre dos grupos delincuenciales ya hay una orientaci\u00f3n de c\u00f3mo atacarlos, atenderlos por parte de las fuerzas del orden, lo que apunt\u00f3, lleva al control de la situaci\u00f3n.<\/p>\n\n\n\n<p>Rocha Moya apunt\u00f3 que ante esta previsi\u00f3n, el estado est\u00e1 en capacidad de sofocarlos \u201ccomo hasta ahora ha ocurrido\u201d.<\/p>\n\n\n\n<p>Finalmente, reiter\u00f3 que continuar\u00e1 el operativo y que los refuerzos especiales y las fuerzas de Sinaloa \u201cvan a seguir cuidando a la poblaci\u00f3n\u201d y pidi\u00f3 que se atiendan \u00fanicamente a trav\u00e9s de los medios oficiales y finaliz\u00f3 diciendo: \u201ctengan cuidado, cu\u00eddense que nosotros los vamos a cuidar\u201d<\/p>\n","protected":false},"excerpt":{"rendered":"<p>Por tercer d\u00eda consecutivo se reportan enfrentamientos entre grupos criminales en Culiac\u00e1n y otros municipios, aunque el gobierno estatal hab\u00eda se\u00f1alado antes que la situaci\u00f3n estaba en calma. Tomado de Aristegui Noticias Redacci\u00f3n AN \/ KC Mi\u00e9rcoles 11 de septiembre de 2024 El gobernador de Sinaloa, Rub\u00e9n Rocha Moya, admiti\u00f3 este mi\u00e9rcoles, recientes hechos violentos, [&hellip;]<\/p>\n","protected":false},"author":1,"featured_media":17496,"comment_status":"open","ping_status":"open","sticky":false,"template":"","format":"standard","meta":{"content-type":"","footnotes":""},"categories":[3,105,113],"tags":[],"class_list":{"0":"post-17495","1":"post","2":"type-post","3":"status-publish","4":"format-standard","5":"has-post-thumbnail","7":"category-mexico","8":"category-principal","9":"category-seguridad"},"_links":{"self":[{"href":"https:\/\/www.regioncuatronoticias.com\/index.php\/wp-json\/wp\/v2\/posts\/17495","targetHints":{"allow":["GET"]}}],"collection":[{"href":"https:\/\/www.regioncuatronoticias.com\/index.php\/wp-json\/wp\/v2\/posts"}],"about":[{"href":"https:\/\/www.regioncuatronoticias.com\/index.php\/wp-json\/wp\/v2\/types\/post"}],"author":[{"embeddable":true,"href":"https:\/\/www.regioncuatronoticias.com\/index.php\/wp-json\/wp\/v2\/users\/1"}],"replies":[{"embeddable":true,"href":"https:\/\/www.regioncuatronoticias.com\/index.php\/wp-json\/wp\/v2\/comments?post=17495"}],"version-history":[{"count":1,"href":"https:\/\/www.regioncuatronoticias.com\/index.php\/wp-json\/wp\/v2\/posts\/17495\/revisions"}],"predecessor-version":[{"id":17497,"href":"https:\/\/www.regioncuatronoticias.com\/index.php\/wp-json\/wp\/v2\/posts\/17495\/revisions\/17497"}],"wp:featuredmedia":[{"embeddable":true,"href":"https:\/\/www.regioncuatronoticias.com\/index.php\/wp-json\/wp\/v2\/media\/17496"}],"wp:attachment":[{"href":"https:\/\/www.regioncuatronoticias.com\/index.php\/wp-json\/wp\/v2\/media?parent=17495"}],"wp:term":[{"taxonomy":"category","embeddable":true,"href":"https:\/\/www.regioncuatronoticias.com\/index.php\/wp-json\/wp\/v2\/categories?post=17495"},{"taxonomy":"post_tag","embeddable":true,"href":"https:\/\/www.regioncuatronoticias.com\/index.php\/wp-json\/wp\/v2\/tags?post=17495"}],"curies":[{"name":"wp","href":"https:\/\/api.w.org\/{rel}","templated":true}]}}