{"id":17485,"date":"2024-09-11T09:59:35","date_gmt":"2024-09-11T16:59:35","guid":{"rendered":"https:\/\/www.regioncuatronoticias.com\/?p=17485"},"modified":"2024-09-11T10:02:13","modified_gmt":"2024-09-11T17:02:13","slug":"sheinbaum-pide-calma-a-opositores-la-reforma-va-dice","status":"publish","type":"post","link":"https:\/\/www.regioncuatronoticias.com\/index.php\/2024\/09\/11\/sheinbaum-pide-calma-a-opositores-la-reforma-va-dice\/","title":{"rendered":"Sheinbaum pide calma a opositores; \u201cla reforma va\u201d, dice"},"content":{"rendered":"\n<p>Tomado de La Jornada<\/p>\n\n\n\n<p>Alma E. Mu\u00f1oz<\/p>\n\n\n\n<p>Martes 10 de septiembre de 2024<\/p>\n\n\n\n<p>Ciudad de M\u00e9xico. La presidenta electa, Claudia Sheinbaum Pardo, pidi\u00f3 a los opositores a la reforma judicial que se tranquilicen. \u201cSe va a aprobar la reforma y no es algo nuevo, se plante\u00f3 desde antes de la campa\u00f1a (y) se inform\u00f3\u201d, resalt\u00f3.<\/p>\n\n\n\n<p>Ante el intento de la oposici\u00f3n por frenar la discusi\u00f3n y las ri\u00f1as que se registraron afuera de la sede alterna, Sheinbaum pidi\u00f3 \u201cque se tranquilicen\u201d y se\u00f1al\u00f3 que hoy una encuesta ratific\u00f3 lo que dicen otras, \u201cque casi 70 por ciento de la ciudadan\u00eda est\u00e1 de acuerdo con elegir por voto popular a jueces, magistrados y ministros\u201d.<\/p>\n\n\n\n<p>A su salida de la Casa de Transici\u00f3n, dijo que no ha estado muy atenta a lo que ocurre en el Senado, porque sostuvo varias reuniones, pero consider\u00f3 positivo que Miguel \u00c1ngel Yunes Marquez se pronunciara a favor de la reforma, con lo cual Morena tiene 86 senadores para mayor\u00eda calificada.<\/p>\n\n\n\n<p>\u201cAh, pues qu\u00e9 bueno. Est\u00e1 muy bien\u201d, sostuvo. Y qu\u00e9 bueno que se va a aprobar la reforma, \u201ces bueno para M\u00e9xico&#8221;, subray\u00f3.<\/p>\n\n\n\n<p>En breve entrevista, tambi\u00e9n rechaz\u00f3 que se hubiera detenido en Campeche al padre del senador de Movimiento Ciudadano, Daniel Barreda. \u201cNo, eso es absolutamente falso\u201d.<\/p>\n\n\n\n<p>Sheinbaum tambi\u00e9n confirm\u00f3 que este mi\u00e9rcoles a las 11 de la ma\u00f1ana estar\u00e1 en la reuni\u00f3n del presidente Andr\u00e9s Manuel L\u00f3pez Obrador con la Comisi\u00f3n \u00danica de Negociaci\u00f3n de la Coordinadora Nacional de Trabajadores de la Educaci\u00f3n, en Palacio Nacional.<\/p>\n\n\n\n<p>\u201cAh\u00ed vamos a estar. El presidente quiere que asista para que le demos seguimiento, una vez que entremos y hay una serie de acuerdos que se van tomar, que los tendr\u00eda que ejecutar en mi gobierno. Por eso fui invitada\u201d.<\/p>\n\n\n\n<p>Indic\u00f3 que \u201cse ha avanzado much\u00edsimo. Ya declar\u00e9 que vamos a desaparecer la famosa USICAM y que vamos a construir algo distinto con ellos, que es una de las demandas m\u00e1s importantes que tienen\u201d, precis\u00f3.<\/p>\n\n\n\n<figure class=\"wp-block-embed\"><div class=\"wp-block-embed__wrapper\">\nhttps:\/\/www.jornada.com.mx\/noticia\/2024\/09\/10\/politica\/sheinbaum-pide-calma-a-opositores-la-reforma-va-dice-6358\n<\/div><\/figure>\n","protected":false},"excerpt":{"rendered":"<p>Tomado de La Jornada Alma E. Mu\u00f1oz Martes 10 de septiembre de 2024 Ciudad de M\u00e9xico. La presidenta electa, Claudia Sheinbaum Pardo, pidi\u00f3 a los opositores a la reforma judicial que se tranquilicen. \u201cSe va a aprobar la reforma y no es algo nuevo, se plante\u00f3 desde antes de la campa\u00f1a (y) se inform\u00f3\u201d, resalt\u00f3. [&hellip;]<\/p>\n","protected":false},"author":1,"featured_media":17486,"comment_status":"open","ping_status":"open","sticky":false,"template":"","format":"standard","meta":{"content-type":"","footnotes":""},"categories":[3,115,105],"tags":[],"class_list":{"0":"post-17485","1":"post","2":"type-post","3":"status-publish","4":"format-standard","5":"has-post-thumbnail","7":"category-mexico","8":"category-politica","9":"category-principal"},"_links":{"self":[{"href":"https:\/\/www.regioncuatronoticias.com\/index.php\/wp-json\/wp\/v2\/posts\/17485","targetHints":{"allow":["GET"]}}],"collection":[{"href":"https:\/\/www.regioncuatronoticias.com\/index.php\/wp-json\/wp\/v2\/posts"}],"about":[{"href":"https:\/\/www.regioncuatronoticias.com\/index.php\/wp-json\/wp\/v2\/types\/post"}],"author":[{"embeddable":true,"href":"https:\/\/www.regioncuatronoticias.com\/index.php\/wp-json\/wp\/v2\/users\/1"}],"replies":[{"embeddable":true,"href":"https:\/\/www.regioncuatronoticias.com\/index.php\/wp-json\/wp\/v2\/comments?post=17485"}],"version-history":[{"count":2,"href":"https:\/\/www.regioncuatronoticias.com\/index.php\/wp-json\/wp\/v2\/posts\/17485\/revisions"}],"predecessor-version":[{"id":17488,"href":"https:\/\/www.regioncuatronoticias.com\/index.php\/wp-json\/wp\/v2\/posts\/17485\/revisions\/17488"}],"wp:featuredmedia":[{"embeddable":true,"href":"https:\/\/www.regioncuatronoticias.com\/index.php\/wp-json\/wp\/v2\/media\/17486"}],"wp:attachment":[{"href":"https:\/\/www.regioncuatronoticias.com\/index.php\/wp-json\/wp\/v2\/media?parent=17485"}],"wp:term":[{"taxonomy":"category","embeddable":true,"href":"https:\/\/www.regioncuatronoticias.com\/index.php\/wp-json\/wp\/v2\/categories?post=17485"},{"taxonomy":"post_tag","embeddable":true,"href":"https:\/\/www.regioncuatronoticias.com\/index.php\/wp-json\/wp\/v2\/tags?post=17485"}],"curies":[{"name":"wp","href":"https:\/\/api.w.org\/{rel}","templated":true}]}}