{"id":17481,"date":"2024-09-11T09:51:05","date_gmt":"2024-09-11T16:51:05","guid":{"rendered":"https:\/\/www.regioncuatronoticias.com\/?p=17481"},"modified":"2024-09-11T09:58:09","modified_gmt":"2024-09-11T16:58:09","slug":"sin-cambiarle-una-coma-la-4t-en-el-senado-aprueba-en-lo-particular-la-reforma-judicial-video","status":"publish","type":"post","link":"https:\/\/www.regioncuatronoticias.com\/index.php\/2024\/09\/11\/sin-cambiarle-una-coma-la-4t-en-el-senado-aprueba-en-lo-particular-la-reforma-judicial-video\/","title":{"rendered":"Sin cambiarle una coma, la 4T en el Senado aprueba en lo particular la reforma judicial"},"content":{"rendered":"\n<p><strong>\u201c\u00a1Te hemos cumplido, pueblo de M\u00e9xico!\u201d, dijo Gerardo Fern\u00e1ndez Noro\u00f1a tras anunciar el env\u00edo del dictamen a las legislaturas locales.<\/strong><\/p>\n\n\n\n<p>Tomado de Proceso<\/p>\n\n\n\n<p>Juan Carlos Cort\u00e9s<\/p>\n\n\n\n<p>Foto: Montserrat L\u00f3pez<\/p>\n\n\n\n<p>Mi\u00e9rcoles 11 de septiembre de 2024 \u2022 04:54<\/p>\n\n\n\n<p>CIUDAD DE M\u00c9XICO (apro).- Sin cambiar ni una coma y tras once horas de sesi\u00f3n, los senadores morenistas y aliados aprobaron en lo particular la reforma al Poder Judicial.<\/p>\n\n\n\n<p>Con 86 votos a favor y 41 votos en contra, los senadores de los partidos de la Cuarta Transformaci\u00f3n aprobaron alrededor de las 4 de la ma\u00f1ana de este mi\u00e9rcoles en lo particular la propuesta de reforma al Poder Judicial realizada por el presidente Andr\u00e9s Manuel Obrador.<\/p>\n\n\n\n<p>Las reservas presentadas fueron de 74 senadores. Sin embargo, ninguna fue aprobada en el Pleno durante la sesi\u00f3n en la casona de Xicot\u00e9ncatl.<\/p>\n\n\n\n<p>De esta forma fueron avalados los art\u00edculos 17, 20, 76, 89, 94, 95, 96, 97, 98, 99, 100, 101, 105, 107, 110, 111, 113, 116, 122, 123, y los transitorios Primero, Segundo, Tercero, Cuarto, Quinto, Sexto, S\u00e9ptimo, Octavo, Noveno, D\u00e9cimo, Decimo Primero y D\u00e9cimo Segundo en los t\u00e9rminos del dictamen.<\/p>\n\n\n\n<p>Tras la aprobaci\u00f3n de la reforma en lo general y en lo particular, los senadores morenistas y aliados corearon al un\u00edsono: \u00a1s\u00ed se pudo! \u00a1s\u00ed se pudo!<\/p>\n\n\n\n<p>Para alcanzar la mayor\u00eda calificada en lo general fue decisivo el voto a favor del panista Miguel \u00c1ngel Yunes M\u00e1rquez, quien lo ratific\u00f3 en lo particular.<\/p>\n\n\n\n<p>El presidente de la Mesa Directiva del Senado, Gerardo Fern\u00e1ndez Noro\u00f1a, al mencionar que est\u00e1 aprobado el dictamen en lo general y en lo particular, celebr\u00f3 con la frase: \u201c\u00a1Te hemos cumplido, pueblo de M\u00e9xico!\u201d<\/p>\n\n\n\n<p>\u201cEst\u00e1 aprobado en lo general y en lo particular el proyecto de decreto por el que se reforman y adicionar diversas disposiciones de la Constituci\u00f3n Pol\u00edtica de los Estados Unidos Mexicanos en materia de reforma al Poder Judicial.<\/p>\n\n\n\n<p>\u201cSe instruye que la remisi\u00f3n a las legislaturas se realice por todos los medios posibles, incluidos los medios electr\u00f3nicos. Te hemos cumplido, pueblo de M\u00e9xico\u201d, enfatiz\u00f3.<\/p>\n\n\n\n<p>Luego de la aprobaci\u00f3n en lo general y lo particular de la iniciativa de reforma al Poder Judicial se remitir\u00e1 a las legislaturas locales y tiene que ser aprobada por al menos 17 congresos locales para que el titular del Ejecutivo promulgue la reforma.<\/p>\n\n\n\n<p><a href=\"https:\/\/www.proceso.com.mx\/nacional\/politica\/2024\/9\/11\/sin-cambiarle-una-coma-la-4t-en-el-senado-aprueba-en-lo-particular-la-reforma-judicial-video-336533.html\">https:\/\/www.proceso.com.mx\/nacional\/politica\/2024\/9\/11\/sin-cambiarle-una-coma-la-4t-en-el-senado-aprueba-en-lo-particular-la-reforma-judicial-video-336533.html<\/a><\/p>\n","protected":false},"excerpt":{"rendered":"<p>\u201c\u00a1Te hemos cumplido, pueblo de M\u00e9xico!\u201d, dijo Gerardo Fern\u00e1ndez Noro\u00f1a tras anunciar el env\u00edo del dictamen a las legislaturas locales. Tomado de Proceso Juan Carlos Cort\u00e9s Foto: Montserrat L\u00f3pez Mi\u00e9rcoles 11 de septiembre de 2024 \u2022 04:54 CIUDAD DE M\u00c9XICO (apro).- Sin cambiar ni una coma y tras once horas de sesi\u00f3n, los senadores morenistas [&hellip;]<\/p>\n","protected":false},"author":1,"featured_media":17482,"comment_status":"open","ping_status":"open","sticky":false,"template":"","format":"standard","meta":{"content-type":"","footnotes":""},"categories":[3,115,105],"tags":[],"class_list":{"0":"post-17481","1":"post","2":"type-post","3":"status-publish","4":"format-standard","5":"has-post-thumbnail","7":"category-mexico","8":"category-politica","9":"category-principal"},"_links":{"self":[{"href":"https:\/\/www.regioncuatronoticias.com\/index.php\/wp-json\/wp\/v2\/posts\/17481","targetHints":{"allow":["GET"]}}],"collection":[{"href":"https:\/\/www.regioncuatronoticias.com\/index.php\/wp-json\/wp\/v2\/posts"}],"about":[{"href":"https:\/\/www.regioncuatronoticias.com\/index.php\/wp-json\/wp\/v2\/types\/post"}],"author":[{"embeddable":true,"href":"https:\/\/www.regioncuatronoticias.com\/index.php\/wp-json\/wp\/v2\/users\/1"}],"replies":[{"embeddable":true,"href":"https:\/\/www.regioncuatronoticias.com\/index.php\/wp-json\/wp\/v2\/comments?post=17481"}],"version-history":[{"count":2,"href":"https:\/\/www.regioncuatronoticias.com\/index.php\/wp-json\/wp\/v2\/posts\/17481\/revisions"}],"predecessor-version":[{"id":17484,"href":"https:\/\/www.regioncuatronoticias.com\/index.php\/wp-json\/wp\/v2\/posts\/17481\/revisions\/17484"}],"wp:featuredmedia":[{"embeddable":true,"href":"https:\/\/www.regioncuatronoticias.com\/index.php\/wp-json\/wp\/v2\/media\/17482"}],"wp:attachment":[{"href":"https:\/\/www.regioncuatronoticias.com\/index.php\/wp-json\/wp\/v2\/media?parent=17481"}],"wp:term":[{"taxonomy":"category","embeddable":true,"href":"https:\/\/www.regioncuatronoticias.com\/index.php\/wp-json\/wp\/v2\/categories?post=17481"},{"taxonomy":"post_tag","embeddable":true,"href":"https:\/\/www.regioncuatronoticias.com\/index.php\/wp-json\/wp\/v2\/tags?post=17481"}],"curies":[{"name":"wp","href":"https:\/\/api.w.org\/{rel}","templated":true}]}}