{"id":17478,"date":"2024-09-11T09:42:49","date_gmt":"2024-09-11T16:42:49","guid":{"rendered":"https:\/\/www.regioncuatronoticias.com\/?p=17478"},"modified":"2024-09-11T09:42:51","modified_gmt":"2024-09-11T16:42:51","slug":"miguel-angel-yunes-marquez-se-reincorpora-al-senado-tras-solicitar-licencia-por-problemas-de-salud","status":"publish","type":"post","link":"https:\/\/www.regioncuatronoticias.com\/index.php\/2024\/09\/11\/miguel-angel-yunes-marquez-se-reincorpora-al-senado-tras-solicitar-licencia-por-problemas-de-salud\/","title":{"rendered":"Miguel \u00c1ngel Yunes M\u00e1rquez se reincorpora al Senado tras solicitar licencia por problemas de salud"},"content":{"rendered":"\n<p>Tomado de Infobae<\/p>\n\n\n\n<p>Israel Aguilar Esquivel<\/p>\n\n\n\n<p>Martes 10 de septiembre de 2024<\/p>\n\n\n\n<p>Horas despu\u00e9s de haber solicitado licencia ante la mesa directiva del Senado, el legislador del Partido Acci\u00f3n Nacional (PAN) por el estado de Veracruz, Miguel \u00c1ngel Yunes M\u00e1rquez, se reincorpor\u00f3 a su labor legislativa. As\u00ed lo dio a conocer Gerardo Fern\u00e1ndez Noro\u00f1a durante la reanudaci\u00f3n de la sesi\u00f3n en la Casona de Xicot\u00e9ncatl, donde se discute la iniciativa de reforma en materia judicial.<\/p>\n\n\n\n<p>Luego de la instalaci\u00f3n del pleno en la sede del Senado de la Rep\u00fablica en la Casona Xicot\u00e9ncatl, el presidente de la mesa directiva, Gerardo Fern\u00e1ndez Noro\u00f1a, notific\u00f3 a los integrantes de la asamblea que Miguel \u00c1ngel Yunes M\u00e1rquez confirm\u00f3 su reincorporaci\u00f3n pocas horas antes de realizar la votaci\u00f3n.<\/p>\n\n\n\n<p>\u201cInformo a la asamblea que hemos recibido la comunicaci\u00f3n del senador Miguel \u00c1ngel Yunes M\u00e1rquez por la que informa de su reincorporaci\u00f3n a sus actividades legislativas a partir de este d\u00eda con fundamento en lo que se\u00f1ala el numeral 2 del art\u00edculo 14 del reglamento del Senado esta presidencia toma nota. Notif\u00edquese a su suplente, el senador Miguel \u00c1ngel Yunes Linares\u201d, declar\u00f3 el legislador del Movimiento de Regeneraci\u00f3n Nacional (Morena).<\/p>\n\n\n\n<p>Horas antes, luego del receso indefinido decretado por Gerardo Fern\u00e1ndez Noro\u00f1a tras la irrupci\u00f3n de manifestantes en la sede del Senado de la Rep\u00fablica, Miguel \u00c1ngel Yunes M\u00e1rquez fue visto en las inmediaciones de la antigua sede del Senado Mexicano, conocida como la Casona de Xicot\u00e9ncatl, mientras los legisladores arribaban al recinto.<\/p>\n\n\n\n<p>En un material documentado y difundido en las redes sociales, se pudo observar a Yunes M\u00e1rquez en compa\u00f1\u00eda de su padre y legislador suplente, Miguel \u00c1ngel Yunes Linares, as\u00ed como el senador del Partido del Trabajo (PT), Alejandro Y\u00e1\u00f1ez Gonz\u00e1lez, quien abraz\u00f3 a los dos personajes del Partido Acci\u00f3n Nacional (PAN).<\/p>\n\n\n\n<p>Con su reaparici\u00f3n quedaron saldadas las dudas en la bancada del Partido Acci\u00f3n Nacional (PAN) sobre su posible asistencia. Pese a ello, no aclar\u00f3 cual ser\u00e1 el sentido de su voto ante la iniciativa de reforma al Poder Judicial propuesta por Andr\u00e9s Manuel L\u00f3pez Obrador (AMLO).<\/p>\n\n\n\n<p>Cabe mencionar que, en las \u00faltimas horas, se han dado a conocer especulaciones de una posible negociaci\u00f3n entre el exalcalde de Boca del Rio, en el estado de Veracruz, y la bancada del Movimiento de Regeneraci\u00f3n Nacional (Morena) para emitir el voto favorable al proyecto que se discute en la antigua sede del Senado de la Rep\u00fablica.<\/p>\n\n\n\n<p><a href=\"https:\/\/www.infobae.com\/mexico\/2024\/09\/11\/miguel-angel-yunes-marquez-se-reincorpora-al-senado-tras-solicitar-licencia-por-problemas-de-salud\">https:\/\/www.infobae.com\/mexico\/2024\/09\/11\/miguel-angel-yunes-marquez-se-reincorpora-al-senado-tras-solicitar-licencia-por-problemas-de-salud<\/a><\/p>\n\n\n\n<p><strong>\u201cNO SOY TRAIDOR POR NO ESTAR CON USTEDES\u201d: YUNES LINARES<\/strong><\/p>\n\n\n\n<p><strong>En la tribuna del Senado, el exgobernador de Veracruz, Miguel \u00c1ngel Yunes Linares, neg\u00f3 que \u00e9l y su hijo Miguel \u00c1ngel Yunes M\u00e1rquez, senador panista que hoy pidi\u00f3 licencia, sean traidores como calific\u00f3 el l\u00edder del PAN, Marko Cort\u00e9s, previo a la discusi\u00f3n de la reforma judicial.<\/strong><\/p>\n\n\n\n<p>Tomado de Proceso<\/p>\n\n\n\n<p>Juan Carlos Cort\u00e9s \/ Proceso<\/p>\n\n\n\n<p>Martes 10 de septiembre de 2024<\/p>\n\n\n\n<p>CIUDAD DE M\u00c9XICO (apro).-\u201cNo soy traidor por no estar con ustedes\u201d, asegur\u00f3 el exgobernador Miguel \u00c1ngel Yunes Linares, tras asumir el cargo como senador suplente de su hijo, Miguel \u00c1ngel Yunes M\u00e1rquez, en medio de la discusi\u00f3n de la reforma judicial.<\/p>\n\n\n\n<p>Luego de que esta tarde se revel\u00f3 que Yunes M\u00e1rquez pidi\u00f3 liciencia por \u201cproblemas de salud\u201d, la sesi\u00f3n se volc\u00f3 en una serie de dimes y dirites por el reproche de la oposici\u00f3n de que habr\u00eda cedido a las presiones de Morena para unirse a ellos, y emitir su voto a favor de la medida impulsada por el presidente Andr\u00e9s Manuel L\u00f3pez Obrador.<\/p>\n\n\n\n<p>En su primer mensaje tras jugar el cargo, Yunes Linares reproch\u00f3 al l\u00edder del PAN, Marko Cort\u00e9s quien habr\u00eda criticado la decisi\u00f3n de pedir licencia y eventualmente que esto dar\u00eda pie a que su voto sea a favor de Morena y sus aliados en el Senado.<\/p>\n\n\n\n<p>\u201cNo soy traidor por no estar con ustedes\u201d, le espet\u00f3 el exmandatario al dirigente panista.<\/p>\n\n\n\n<p><strong>DIMES Y DIRETES<\/strong><\/p>\n\n\n\n<p>Alrededor de la 13: 00 Hrs., el senador suplente del PAN, Miguel \u00c1ngel Linares acudi\u00f3 al recinto legislativo entre gritos los legisladores del Pleno, despu\u00e9s pidi\u00f3 la palabra para arremeter contra Marko Cort\u00e9s.<\/p>\n\n\n\n<p>\u201cRepresento en esta tribuna y en esta c\u00e1mara a Miguel \u00c1ngel Yunes M\u00e1rquez, senador propietario por el estado de Veracruz, Miguel \u00c1ngel ha solicitado esta ma\u00f1ana licencia a la c\u00e1mara por razones de salud, muy probablemente esta misma tarde se reincorpore, quiso cumplir con su obligaci\u00f3n, quiso que estuviera representado Veracruz en esta tribuna.<\/p>\n\n\n\n<p>\u201cHe escuchado la intervenci\u00f3n de Marko Cort\u00e9s y no Marko, ni cobarde ni traidor, cobarde y traidor eres t\u00fa, no Miguel \u00c1ngel Yunes M\u00e1rquez, cobarde y traidor eres t\u00fa.<\/p>\n\n\n\n<p>\u201cNo Marko, te equivocas radicalmente, rotundamente, nunca nos hemos doblado ante nadie, ni ante el gobierno ni ante nadie, he sido un luchador desde la oposici\u00f3n durante muchos a\u00f1os, llev\u00e9 al PAN al gobierno del estado de Veracruz gan\u00e1ndole al gobierno m\u00e1s corrupto de la historia de Veracruz, ganamos por primera ocasi\u00f3n para el PAN el gobierno del estado de Veracruz\u201d, resalt\u00f3.<\/p>\n\n\n\n<p>A lo que el dirigente nacional del PAN pidi\u00f3 la palabra y le recrimin\u00f3 actos de su hijo y del \u00e9l en los que el partido Acci\u00f3n Nacional los ha apoyado, por lo que le dijo espera que vote en contra de la reforma y que no haya realizado un pacto para que los dejen de investigar por los presuntos delitos que han cometido.<\/p>\n\n\n\n<p>\u201cLlega la hora de la votaci\u00f3n y te lo vuelvo a repetir a ti o a tu hijo a quien venga a votar. Puedes ser h\u00e9roe de la patria o traidor de la patria. Te pido Miguel que te pongas del lado correcto de la historia y que honres los votos que lo hicieron por Acci\u00f3n Nacional\u201d, resalt\u00f3.<\/p>\n\n\n\n<p><a href=\"https:\/\/www.proceso.com.mx\/nacional\/2024\/9\/10\/no-soy-traidor-por-no-estar-con-ustedes-yunes-linares-336475.html\">https:\/\/www.proceso.com.mx\/nacional\/2024\/9\/10\/no-soy-traidor-por-no-estar-con-ustedes-yunes-linares-336475.html<\/a><\/p>\n","protected":false},"excerpt":{"rendered":"<p>Tomado de Infobae Israel Aguilar Esquivel Martes 10 de septiembre de 2024 Horas despu\u00e9s de haber solicitado licencia ante la mesa directiva del Senado, el legislador del Partido Acci\u00f3n Nacional (PAN) por el estado de Veracruz, Miguel \u00c1ngel Yunes M\u00e1rquez, se reincorpor\u00f3 a su labor legislativa. As\u00ed lo dio a conocer Gerardo Fern\u00e1ndez Noro\u00f1a durante [&hellip;]<\/p>\n","protected":false},"author":1,"featured_media":17479,"comment_status":"open","ping_status":"open","sticky":false,"template":"","format":"standard","meta":{"content-type":"","footnotes":""},"categories":[3,115,105],"tags":[],"class_list":{"0":"post-17478","1":"post","2":"type-post","3":"status-publish","4":"format-standard","5":"has-post-thumbnail","7":"category-mexico","8":"category-politica","9":"category-principal"},"_links":{"self":[{"href":"https:\/\/www.regioncuatronoticias.com\/index.php\/wp-json\/wp\/v2\/posts\/17478","targetHints":{"allow":["GET"]}}],"collection":[{"href":"https:\/\/www.regioncuatronoticias.com\/index.php\/wp-json\/wp\/v2\/posts"}],"about":[{"href":"https:\/\/www.regioncuatronoticias.com\/index.php\/wp-json\/wp\/v2\/types\/post"}],"author":[{"embeddable":true,"href":"https:\/\/www.regioncuatronoticias.com\/index.php\/wp-json\/wp\/v2\/users\/1"}],"replies":[{"embeddable":true,"href":"https:\/\/www.regioncuatronoticias.com\/index.php\/wp-json\/wp\/v2\/comments?post=17478"}],"version-history":[{"count":1,"href":"https:\/\/www.regioncuatronoticias.com\/index.php\/wp-json\/wp\/v2\/posts\/17478\/revisions"}],"predecessor-version":[{"id":17480,"href":"https:\/\/www.regioncuatronoticias.com\/index.php\/wp-json\/wp\/v2\/posts\/17478\/revisions\/17480"}],"wp:featuredmedia":[{"embeddable":true,"href":"https:\/\/www.regioncuatronoticias.com\/index.php\/wp-json\/wp\/v2\/media\/17479"}],"wp:attachment":[{"href":"https:\/\/www.regioncuatronoticias.com\/index.php\/wp-json\/wp\/v2\/media?parent=17478"}],"wp:term":[{"taxonomy":"category","embeddable":true,"href":"https:\/\/www.regioncuatronoticias.com\/index.php\/wp-json\/wp\/v2\/categories?post=17478"},{"taxonomy":"post_tag","embeddable":true,"href":"https:\/\/www.regioncuatronoticias.com\/index.php\/wp-json\/wp\/v2\/tags?post=17478"}],"curies":[{"name":"wp","href":"https:\/\/api.w.org\/{rel}","templated":true}]}}