{"id":17085,"date":"2024-09-01T19:02:56","date_gmt":"2024-09-02T02:02:56","guid":{"rendered":"https:\/\/www.regioncuatronoticias.com\/?p=17085"},"modified":"2024-09-01T19:02:58","modified_gmt":"2024-09-02T02:02:58","slug":"amlo-pregunta-a-la-gente-en-el-zocalo-si-los-jueces-deben-elegirse-por-voto-popular-gritan-fuera-pina","status":"publish","type":"post","link":"https:\/\/www.regioncuatronoticias.com\/index.php\/2024\/09\/01\/amlo-pregunta-a-la-gente-en-el-zocalo-si-los-jueces-deben-elegirse-por-voto-popular-gritan-fuera-pina\/","title":{"rendered":"AMLO pregunta a la gente en el Z\u00f3calo si los jueces deben elegirse por voto popular; gritan \u201c\u00a1Fuera Pi\u00f1a\u2019\u201d"},"content":{"rendered":"\n<p><strong>&#8216;Que levanten la mano los que consideren que es mejor que los elija el pueblo, a jueces y magistrados&#8217;, pidi\u00f3 AMLO en el Z\u00f3calo.<\/strong><\/p>\n\n\n\n<p>Tomado de Forbes M\u00e9xico<\/p>\n\n\n\n<p>Forbes Staff<\/p>\n\n\n\n<p>Domingo 1 de septiembre de 2024<\/p>\n\n\n\n<p>El presidente Andr\u00e9s Manuel L\u00f3pez Obrador durante su sexto informe de gobierno en el Z\u00f3calo hizo una consulta a mano alzada sobre su reforma al Poder Judicial, es decir, sobre la elecci\u00f3n de jueces, magistrados y ministros por voto popular.<\/p>\n\n\n\n<p>\u201cHemos denunciado con hechos los actos de corrupci\u00f3n e influyentismo que predominan en el Poder Judicial, debido a ello es que enviamos al Congreso una iniciativa para que el pueblo elija a jueces magistrados y ministros, con el prop\u00f3sito de que impartan justicia en beneficio de todos y no est\u00e9n al servicio exclusivo de la delincuencia organizada y de la delincuencia de cuello blanco, que est\u00e9n al servicio del pueblo\u201d, dijo.<\/p>\n\n\n\n<p>Acto seguido, L\u00f3pez Obrador anunci\u00f3 que har\u00eda una consulta aunque ma\u00f1ana lo critiquen, pero es muy divertido porque se enojan mucho.<\/p>\n\n\n\n<p>\u201cA ver, \u00bfustedes qu\u00e9 prefieren, que a los ministros los elija el presidente y los senadores o que los elija el pueblo?\u201d, pregunt\u00f3.<\/p>\n\n\n\n<p>Despu\u00e9s hizo referencia ir\u00f3nica a las encuestas de Massive Caller que le daban el triunfo a X\u00f3chitl G\u00e1lvez como candidata a la presidencia de M\u00e9xico.<\/p>\n\n\n\n<p>\u201cPero vamos a hacerlo lo m\u00e1s formal posible porque si no van a creer que es una encuesta esas que hac\u00eda Massive Caller para autoenga\u00f1arse; a ver, que levanten la mano los que piensan que es mejor que a los ministros los elijan, y a los jueces, el presidente y los senadores que levanten la mano, pues no veo a nadie.<\/p>\n\n\n\n<p>\u201cQue levanten la mano los que consideren que es mejor que los elija el pueblo, a jueces y magistrados, b\u00e1jenla; abstenciones, que levanten la mano\u201d, pidi\u00f3.<\/p>\n\n\n\n<p>La gente ovacion\u00f3 y comenz\u00f3 a gritar \u00a1fuera Pi\u00f1a!, en alusi\u00f3n a la Presidenta de la Suprema Corte de Justicia de la Naci\u00f3n, poder que est\u00e1 en paro en protesta de la reforma de AMLO.<\/p>\n\n\n\n<p>\u201cBueno, esto ayuda a entender cu\u00e1l es el sentimiento del pueblo y tambi\u00e9n para que lo internalicen nuestros vecinos amigos, y vecinos de Estados Unidos, lo digo con todo respeto\u201d, dijo, sobre las opiniones de funcionarios estadounidenses sobre la reforma al Poder Judicial mexicano.<\/p>\n\n\n\n<figure class=\"wp-block-embed is-type-wp-embed is-provider-forbes-m-xico wp-block-embed-forbes-m-xico\"><div class=\"wp-block-embed__wrapper\">\n<blockquote class=\"wp-embedded-content\" data-secret=\"F9AptvwReH\"><a href=\"https:\/\/www.forbes.com.mx\/amlo-pregunta-a-la-gente-en-el-zocalo-si-los-jueces-deben-elegirse-por-voto-popular-gritan-fuera-pina\/\">AMLO pregunta a la gente en el Z\u00f3calo si los jueces deben elegirse por voto popular; gritan \u00a1fuera Pi\u00f1a&#8217;<\/a><\/blockquote><iframe loading=\"lazy\" class=\"wp-embedded-content\" sandbox=\"allow-scripts\" security=\"restricted\" style=\"position: absolute; visibility: hidden;\" title=\"&#8220;AMLO pregunta a la gente en el Z\u00f3calo si los jueces deben elegirse por voto popular; gritan \u00a1fuera Pi\u00f1a&#8217;&#8221; &#8212; Forbes M\u00e9xico\" src=\"https:\/\/www.forbes.com.mx\/amlo-pregunta-a-la-gente-en-el-zocalo-si-los-jueces-deben-elegirse-por-voto-popular-gritan-fuera-pina\/embed\/#?secret=r8NZ5gfC9W#?secret=F9AptvwReH\" data-secret=\"F9AptvwReH\" width=\"600\" height=\"338\" frameborder=\"0\" marginwidth=\"0\" marginheight=\"0\" scrolling=\"no\"><\/iframe>\n<\/div><\/figure>\n","protected":false},"excerpt":{"rendered":"<p>&#8216;Que levanten la mano los que consideren que es mejor que los elija el pueblo, a jueces y magistrados&#8217;, pidi\u00f3 AMLO en el Z\u00f3calo. Tomado de Forbes M\u00e9xico Forbes Staff Domingo 1 de septiembre de 2024 El presidente Andr\u00e9s Manuel L\u00f3pez Obrador durante su sexto informe de gobierno en el Z\u00f3calo hizo una consulta a [&hellip;]<\/p>\n","protected":false},"author":1,"featured_media":17086,"comment_status":"open","ping_status":"open","sticky":false,"template":"","format":"standard","meta":{"content-type":"","footnotes":""},"categories":[3,115,105],"tags":[],"class_list":{"0":"post-17085","1":"post","2":"type-post","3":"status-publish","4":"format-standard","5":"has-post-thumbnail","7":"category-mexico","8":"category-politica","9":"category-principal"},"_links":{"self":[{"href":"https:\/\/www.regioncuatronoticias.com\/index.php\/wp-json\/wp\/v2\/posts\/17085","targetHints":{"allow":["GET"]}}],"collection":[{"href":"https:\/\/www.regioncuatronoticias.com\/index.php\/wp-json\/wp\/v2\/posts"}],"about":[{"href":"https:\/\/www.regioncuatronoticias.com\/index.php\/wp-json\/wp\/v2\/types\/post"}],"author":[{"embeddable":true,"href":"https:\/\/www.regioncuatronoticias.com\/index.php\/wp-json\/wp\/v2\/users\/1"}],"replies":[{"embeddable":true,"href":"https:\/\/www.regioncuatronoticias.com\/index.php\/wp-json\/wp\/v2\/comments?post=17085"}],"version-history":[{"count":1,"href":"https:\/\/www.regioncuatronoticias.com\/index.php\/wp-json\/wp\/v2\/posts\/17085\/revisions"}],"predecessor-version":[{"id":17087,"href":"https:\/\/www.regioncuatronoticias.com\/index.php\/wp-json\/wp\/v2\/posts\/17085\/revisions\/17087"}],"wp:featuredmedia":[{"embeddable":true,"href":"https:\/\/www.regioncuatronoticias.com\/index.php\/wp-json\/wp\/v2\/media\/17086"}],"wp:attachment":[{"href":"https:\/\/www.regioncuatronoticias.com\/index.php\/wp-json\/wp\/v2\/media?parent=17085"}],"wp:term":[{"taxonomy":"category","embeddable":true,"href":"https:\/\/www.regioncuatronoticias.com\/index.php\/wp-json\/wp\/v2\/categories?post=17085"},{"taxonomy":"post_tag","embeddable":true,"href":"https:\/\/www.regioncuatronoticias.com\/index.php\/wp-json\/wp\/v2\/tags?post=17085"}],"curies":[{"name":"wp","href":"https:\/\/api.w.org\/{rel}","templated":true}]}}