{"id":17077,"date":"2024-09-01T18:52:08","date_gmt":"2024-09-02T01:52:08","guid":{"rendered":"https:\/\/www.regioncuatronoticias.com\/?p=17077"},"modified":"2024-09-01T18:52:35","modified_gmt":"2024-09-02T01:52:35","slug":"me-voy-a-jubilar-con-la-conciencia-tranquila-dice-amlo-en-el-mensaje-final-de-su-sexto-informe","status":"publish","type":"post","link":"https:\/\/www.regioncuatronoticias.com\/index.php\/2024\/09\/01\/me-voy-a-jubilar-con-la-conciencia-tranquila-dice-amlo-en-el-mensaje-final-de-su-sexto-informe\/","title":{"rendered":"\u00a0\u201cMe voy a jubilar con la conciencia tranquila\u201d, dice AMLO en el mensaje final de su Sexto Informe"},"content":{"rendered":"\n<p><strong>\u201cAun con lo mucho que se ha logrado todav\u00eda es notorio el atraso que padecemos por el largo y tormentoso periodo en que el gobierno estuvo en manos de oligarcas insensibles\u201d, afirm\u00f3 el mandatario<\/strong><\/p>\n\n\n\n<p>Tomado de Proceso<\/p>\n\n\n\n<p>Dalila Escobar<\/p>\n\n\n\n<p>Foto: Jos\u00e9 Manuel Jim\u00e9nez<\/p>\n\n\n\n<p>Domingo 1 de septiembre de 2024<\/p>\n\n\n\n<p>CIUDAD DE M\u00c9XICO (apro).- El presidente Andr\u00e9s Manuel L\u00f3pez Obrador afirm\u00f3 que se va de la esfera p\u00fablica con la conciencia tranquila y muy contento por servir al pueblo de M\u00e9xico.<\/p>\n\n\n\n<p>En el \u00faltimo discurso en un evento masivo, con motivo de su 6o Informe de Gobierno, el presidente se despidi\u00f3 con una serie de conclusiones sobre lo que para \u00e9l fue gobernar.<\/p>\n\n\n\n<p>&nbsp;\u201cC\u00f3mo es sabido estoy por terminar mi mandato y quiero confesar aqu\u00ed en la plaza principal del pa\u00eds, en la principal plaza p\u00fablica de M\u00e9xico, en este Z\u00f3calo, donde tantas veces nos concentramos durante nuestra lucha por la justicia y democracia: Me voy a jubilar con la conciencia tranquila y muy contento\u201d.<\/p>\n\n\n\n<p>Dio dos razones para asegurar que se va de manera positiva: \u201cEn primer t\u00e9rmino nada me hace m\u00e1s feliz que haber logrado con el apoyo de muchos de ustedes, de millones de mexicanos, reducir la pobreza y la desigualdad en el pa\u00eds\u201d.<\/p>\n\n\n\n<p>La segunda raz\u00f3n es que quien llega a gobernar es Claudia Sheinbaum, a quien calific\u00f3 como \u201cuna mujer excepcional, experimentada, honesta, y sobre todo, de buenos sentimientos, de buen coraz\u00f3n, af\u00edn a los principios fundacionales de nuestro movimiento de transformaci\u00f3n\u201d.<\/p>\n\n\n\n<p>Se retira, indic\u00f3, \u201ccon el orgullo y el honor de haber servido a un pueblo bueno, trabajador, inteligente, fraterno, heredero de grandes virtudes y valores de los antiguos mexicanos, heredero de la dignidad, de patriotismo de nuestros abnegados h\u00e9roes y hero\u00ednas tanto conocidos como an\u00f3nimas\u201d.<\/p>\n\n\n\n<p>El mandatario federal expuso que es indudable que avanzaron en la revoluci\u00f3n de las conciencias y se sentaron las bases para consolidar la nueva pol\u00edtica que denomina humanismo mexicano que es reconocer y atender a las personas en condici\u00f3n de pobreza, a quienes dice, fueron olvidados y humillados.<\/p>\n\n\n\n<p>\u201cAun con lo mucho que se ha logrado todav\u00eda es notorio el atraso que padecemos por el largo y tormentoso periodo en que el gobierno estuvo en manos de oligarcas insensibles que nunca se preocuparon por el bienestar del pueblo y solo se dedicaron a saquear e impedir el progreso con justicia, de quienes nacimos y vivimos en este para\u00edso llamado M\u00e9xico\u201d.<\/p>\n\n\n\n<p>Llam\u00f3 a seguir luchando para fortalecer y continuar construyendo \u201cuna patria nueva, generosa, eterna\u201d, lo cual es indispensable.<\/p>\n\n\n\n<p>\u201cTenemos presente que la vida es demasiado corta para desperdiciarla en cosas que no valen la pena. Y no olvidemos nunca jam\u00e1s que la felicidad no reside en el dinero, en las posesiones materiales, en los t\u00edtulos ni en la fama ni en la b\u00fasqueda del poder por el poder. La felicidad es estar bien con uno mismo, con nuestra conciencia y con el pr\u00f3jimo; por \u00faltimo, gracias, gracias de coraz\u00f3n. Que viva el pueblo de M\u00e9xico, viva M\u00e9xico, viva M\u00e9xico\u201d.<\/p>\n\n\n\n<p>Lo primero que hizo su gobierno, agreg\u00f3, fue reformar la Constituci\u00f3n para revertir la orientaci\u00f3n antipopular, y record\u00f3 que el 5 de febrero pasado present\u00f3 las \u00faltimas 20 iniciativas para devolver el sentido popular que tuvo la Carta Magna en su redacci\u00f3n inicial de 1917.<\/p>\n\n\n\n<p>\u201cEstas iniciativas son, a todas luces, distintas y contrapuestas a las reformas que se aprobaron durante los 36 a\u00f1os del nefasto periodo neoliberal\u201d, remarc\u00f3.<\/p>\n\n\n\n<p><strong>LAS CIFRAS<\/strong><\/p>\n\n\n\n<p><strong>L\u00f3pez Obrador dxpuso las cifras en torno, principalmente, a programas sociales y destac\u00f3 que<\/strong> <strong>9.5 millones de mexicanos salieron de la pobreza en su sexenio.<\/strong><\/p>\n\n\n\n<p><strong>Dijo que cada a\u00f1o se apoya a 262 mil madres solteras; dieron 85 mil millones de pesos de forma directa a madres y padres para mantenimiento de 164 mil escuelas; la impresi\u00f3n de 160 millones de libros de texto, con una visi\u00f3n \u201ccient\u00edfica y humanista; la deserci\u00f3n escolar se redujo de 4.6 a 2.4 en la secundaria; de 14.5 a 8.5 por ciento en educaci\u00f3n media superior; de 8.4 a 5.3% en la superior.<\/strong><\/p>\n\n\n\n<p><strong>Se dio presupuesto 132 mil millones de pesos para el programa de J\u00f3venes Construyendo el Futuro para 2 millones 973 mil 455 estudiantes, con lo que se supera todo lo destinado a j\u00f3venes durante cinco sexenios anteriores.<\/strong><\/p>\n\n\n\n<p><strong>Desde el Banco de Bienestar destac\u00f3 que se dispersan 750 mil millones de pesos anuales para 27 millones de mexicanos.<\/strong><\/p>\n\n\n\n<p>El presidente concluy\u00f3 con la afirmaci\u00f3n de que \u201chemos sostenido y comprobado que funciona el principio de que por el bien de todos primero los pobres\u201d.<\/p>\n\n\n\n<p>Una vez m\u00e1s denunci\u00f3 que en todo el sexenio aunque fueron atacados y calumniados por sus adversarios como pocas veces se ha visto en nuestra historia, pero \u201cjam\u00e1s, jam\u00e1s perseguimos, censuramos o reprimimos a nadie\u201d.<\/p>\n\n\n\n<p>\u201cEs un timbre de orgullo el haber podido demostrar que se puede transformar con el apoyo del pueblo aunque se tenga en contra a poderes olig\u00e1rquicos y medios de informaci\u00f3n o manipulaci\u00f3n que en otros tiempos impon\u00eda modos de pensar o actuar en beneficio de sus intereses\u201d.<\/p>\n\n\n\n<p><a href=\"https:\/\/www.proceso.com.mx\/nacional\/politica\/2024\/9\/1\/me-voy-jubilar-con-la-conciencia-tranquila-dice-amlo-en-el-mensaje-final-de-su-sexto-informe-335909.html\">https:\/\/www.proceso.com.mx\/nacional\/politica\/2024\/9\/1\/me-voy-jubilar-con-la-conciencia-tranquila-dice-amlo-en-el-mensaje-final-de-su-sexto-informe-335909.html<\/a><\/p>\n","protected":false},"excerpt":{"rendered":"<p>\u201cAun con lo mucho que se ha logrado todav\u00eda es notorio el atraso que padecemos por el largo y tormentoso periodo en que el gobierno estuvo en manos de oligarcas insensibles\u201d, afirm\u00f3 el mandatario Tomado de Proceso Dalila Escobar Foto: Jos\u00e9 Manuel Jim\u00e9nez Domingo 1 de septiembre de 2024 CIUDAD DE M\u00c9XICO (apro).- El presidente [&hellip;]<\/p>\n","protected":false},"author":1,"featured_media":17078,"comment_status":"open","ping_status":"open","sticky":false,"template":"","format":"standard","meta":{"content-type":"","footnotes":""},"categories":[3,115,105],"tags":[],"class_list":{"0":"post-17077","1":"post","2":"type-post","3":"status-publish","4":"format-standard","5":"has-post-thumbnail","7":"category-mexico","8":"category-politica","9":"category-principal"},"_links":{"self":[{"href":"https:\/\/www.regioncuatronoticias.com\/index.php\/wp-json\/wp\/v2\/posts\/17077","targetHints":{"allow":["GET"]}}],"collection":[{"href":"https:\/\/www.regioncuatronoticias.com\/index.php\/wp-json\/wp\/v2\/posts"}],"about":[{"href":"https:\/\/www.regioncuatronoticias.com\/index.php\/wp-json\/wp\/v2\/types\/post"}],"author":[{"embeddable":true,"href":"https:\/\/www.regioncuatronoticias.com\/index.php\/wp-json\/wp\/v2\/users\/1"}],"replies":[{"embeddable":true,"href":"https:\/\/www.regioncuatronoticias.com\/index.php\/wp-json\/wp\/v2\/comments?post=17077"}],"version-history":[{"count":2,"href":"https:\/\/www.regioncuatronoticias.com\/index.php\/wp-json\/wp\/v2\/posts\/17077\/revisions"}],"predecessor-version":[{"id":17080,"href":"https:\/\/www.regioncuatronoticias.com\/index.php\/wp-json\/wp\/v2\/posts\/17077\/revisions\/17080"}],"wp:featuredmedia":[{"embeddable":true,"href":"https:\/\/www.regioncuatronoticias.com\/index.php\/wp-json\/wp\/v2\/media\/17078"}],"wp:attachment":[{"href":"https:\/\/www.regioncuatronoticias.com\/index.php\/wp-json\/wp\/v2\/media?parent=17077"}],"wp:term":[{"taxonomy":"category","embeddable":true,"href":"https:\/\/www.regioncuatronoticias.com\/index.php\/wp-json\/wp\/v2\/categories?post=17077"},{"taxonomy":"post_tag","embeddable":true,"href":"https:\/\/www.regioncuatronoticias.com\/index.php\/wp-json\/wp\/v2\/tags?post=17077"}],"curies":[{"name":"wp","href":"https:\/\/api.w.org\/{rel}","templated":true}]}}