{"id":17031,"date":"2024-09-01T01:37:49","date_gmt":"2024-09-01T08:37:49","guid":{"rendered":"https:\/\/www.regioncuatronoticias.com\/?p=17031"},"modified":"2024-09-01T01:55:39","modified_gmt":"2024-09-01T08:55:39","slug":"estudiantes-de-la-unam-responden-a-amlo-y-sheinbuam-defienden-su-derecho-a-la-protesta","status":"publish","type":"post","link":"https:\/\/www.regioncuatronoticias.com\/index.php\/2024\/09\/01\/estudiantes-de-la-unam-responden-a-amlo-y-sheinbuam-defienden-su-derecho-a-la-protesta\/","title":{"rendered":"Estudiantes de la UNAM responden a AMLO y Sheinbuam; defienden su derecho a la protesta"},"content":{"rendered":"\n<p><strong>F\u00e1tima Ballesteros, alumna de la Facultad de Derecho de la UNAM, neg\u00f3 rotundamente que los estudiantes est\u00e9n siendo influenciados por sus profesores, tal como lo sugiri\u00f3 el presidente.<\/strong><\/p>\n\n\n\n<p>Tomado de Aristegui Noticias<\/p>\n\n\n\n<p>Redacci\u00f3n AN \/ RDG<\/p>\n\n\n\n<p>S\u00e1bado 31 de agosto de 2024<\/p>\n\n\n\n<p>Estudiantes de la Facultad de Derecho de la Universidad Nacional Aut\u00f3noma de M\u00e9xico (UNAM) respondieron en Aristegui En Vivo, a las declaraciones del presidente Andr\u00e9s Manuel L\u00f3pez Obrador y la presidenta electa Claudia Sheinbaum, quienes cuestionaron la movilizaci\u00f3n de las y los universitarios en contra de la reforma judicial propuesta por el Ejecutivo.<\/p>\n\n\n\n<p>Isabel Moreno Cruz, alumna de la Facultad de Derecho, consider\u00f3 incongruente que se critique a los estudiantes por ejercer su derecho a la manifestaci\u00f3n.<\/p>\n\n\n\n<p>\u201cSer\u00eda totalmente incongruente que como estudiantes de Derecho no pudi\u00e9semos expresar nuestras ideas, porque en las aulas se nos ense\u00f1a a poder ejercer nuestros derechos y defenderlos\u201d.<\/p>\n\n\n\n<p>La alumna destac\u00f3 que la marcha realizada el mi\u00e9rcoles fue un ejercicio leg\u00edtimo del derecho constitucional consagrado en el art\u00edculo sexto, el cual permite la libre manifestaci\u00f3n. \u201cEse derecho no solamente nos pertenece a los universitarios, sino a todos los mexicanos, y que a nosotros como futuros abogados, nos toca defender\u201d, a\u00f1adi\u00f3.<\/p>\n\n\n\n<p>Por su parte, F\u00e1tima Ballesteros, tambi\u00e9n alumna de la Facultad de Derecho de la UNAM, neg\u00f3 que los estudiantes est\u00e9n siendo influenciados por sus profesores, tal como lo sugiri\u00f3 el presidente.<\/p>\n\n\n\n<p>\u201cPara nada. En la universidad y sobre todo tambi\u00e9n en la Facultad de Derecho, no tenemos algo de ese estilo como se ha venido mencionando\u201d, afirm\u00f3 Ballesteros. La estudiante resalt\u00f3 que en la comunidad estudiantil prevalece la diversidad de ideas, y que la movilizaci\u00f3n surge de la preocupaci\u00f3n genuina de los alumnos sobre el futuro de la justicia en M\u00e9xico. \u201cSeguramente deviene de esta preocupaci\u00f3n de nosotros como estudiantes y sobre todo que estamos pensando en un futuro incierto en el cual de una u otra forma, como abogados que vamos a ser, tenemos que estar involucrados\u201d, agreg\u00f3.<\/p>\n\n\n\n<p>En cuanto al contenido de la reforma judicial, Isabel Moreno coment\u00f3 que, aunque la propuesta plantea democratizar el sistema judicial para generar confianza entre los ciudadanos, es necesario criticarla con cautela.<\/p>\n\n\n\n<p>\u201cLa reforma plantea democratizar todo nuestro sistema para que exista esa confianza de los ciudadanos al momento de tomar las decisiones. Sin embargo, es criticable en el sentido de que todas las administraciones tienen tantos aciertos como errores\u201d, se\u00f1al\u00f3 Moreno, quien tambi\u00e9n subray\u00f3 la importancia de mantener la imparcialidad en la justicia.<\/p>\n\n\n\n<p>\u201cEstamos en una encrucijada hist\u00f3rica, donde la balanza de la justicia est\u00e1 entre la equidad y el poder y a nosotros como futuros abogados, como futuros funcionarios, los futuros jueces, nos toca defender esa imparcialidad que en el momento existe y que no podemos someter a un totalitarismo\u201d, concluy\u00f3.<\/p>\n\n\n\n<p>Ambas alumnas coincidieron en que la movilizaci\u00f3n estudiantil es una muestra de la libertad de expresi\u00f3n y la pluralidad de ideas que caracteriza a la UNAM.<\/p>\n\n\n\n<p>Seg\u00fan Ballesteros, \u201clo que aconteci\u00f3 el d\u00eda mi\u00e9rcoles es prueba fiel de lo que tenemos en la universidad, es decir, esta libertad de expresi\u00f3n y sobre todo esta pluralidad de ideas\u201d.<\/p>\n\n\n\n<p>Las estudiantes insistieron en que su participaci\u00f3n en las protestas es un reflejo de su compromiso con la justicia y la democracia en M\u00e9xico, reafirmando que su formaci\u00f3n jur\u00eddica los prepara para defender estos valores esenciales en su futura carrera profesional.<\/p>\n\n\n\n<p><a href=\"https:\/\/aristeguinoticias.com\/3008\/mexico\/estudiantes-de-la-unam-responden-a-amlo-y-sheinbuam-defienden-su-derecho-a-la-protesta\">https:\/\/aristeguinoticias.com\/3008\/mexico\/estudiantes-de-la-unam-responden-a-amlo-y-sheinbuam-defienden-su-derecho-a-la-protesta<\/a><\/p>\n","protected":false},"excerpt":{"rendered":"<p>F\u00e1tima Ballesteros, alumna de la Facultad de Derecho de la UNAM, neg\u00f3 rotundamente que los estudiantes est\u00e9n siendo influenciados por sus profesores, tal como lo sugiri\u00f3 el presidente. Tomado de Aristegui Noticias Redacci\u00f3n AN \/ RDG S\u00e1bado 31 de agosto de 2024 Estudiantes de la Facultad de Derecho de la Universidad Nacional Aut\u00f3noma de M\u00e9xico [&hellip;]<\/p>\n","protected":false},"author":1,"featured_media":17032,"comment_status":"open","ping_status":"open","sticky":false,"template":"","format":"standard","meta":{"content-type":"","footnotes":""},"categories":[3,115,105],"tags":[],"class_list":{"0":"post-17031","1":"post","2":"type-post","3":"status-publish","4":"format-standard","5":"has-post-thumbnail","7":"category-mexico","8":"category-politica","9":"category-principal"},"_links":{"self":[{"href":"https:\/\/www.regioncuatronoticias.com\/index.php\/wp-json\/wp\/v2\/posts\/17031","targetHints":{"allow":["GET"]}}],"collection":[{"href":"https:\/\/www.regioncuatronoticias.com\/index.php\/wp-json\/wp\/v2\/posts"}],"about":[{"href":"https:\/\/www.regioncuatronoticias.com\/index.php\/wp-json\/wp\/v2\/types\/post"}],"author":[{"embeddable":true,"href":"https:\/\/www.regioncuatronoticias.com\/index.php\/wp-json\/wp\/v2\/users\/1"}],"replies":[{"embeddable":true,"href":"https:\/\/www.regioncuatronoticias.com\/index.php\/wp-json\/wp\/v2\/comments?post=17031"}],"version-history":[{"count":2,"href":"https:\/\/www.regioncuatronoticias.com\/index.php\/wp-json\/wp\/v2\/posts\/17031\/revisions"}],"predecessor-version":[{"id":17042,"href":"https:\/\/www.regioncuatronoticias.com\/index.php\/wp-json\/wp\/v2\/posts\/17031\/revisions\/17042"}],"wp:featuredmedia":[{"embeddable":true,"href":"https:\/\/www.regioncuatronoticias.com\/index.php\/wp-json\/wp\/v2\/media\/17032"}],"wp:attachment":[{"href":"https:\/\/www.regioncuatronoticias.com\/index.php\/wp-json\/wp\/v2\/media?parent=17031"}],"wp:term":[{"taxonomy":"category","embeddable":true,"href":"https:\/\/www.regioncuatronoticias.com\/index.php\/wp-json\/wp\/v2\/categories?post=17031"},{"taxonomy":"post_tag","embeddable":true,"href":"https:\/\/www.regioncuatronoticias.com\/index.php\/wp-json\/wp\/v2\/tags?post=17031"}],"curies":[{"name":"wp","href":"https:\/\/api.w.org\/{rel}","templated":true}]}}