{"id":16761,"date":"2024-08-24T19:11:29","date_gmt":"2024-08-25T02:11:29","guid":{"rendered":"https:\/\/www.regioncuatronoticias.com\/?p=16761"},"modified":"2024-08-24T19:11:34","modified_gmt":"2024-08-25T02:11:34","slug":"no-tengo-intencion-de-ser-senador-independiente-pues-mi-adn-politico-es-del-pri-desde-hace-cinco-decadas-mfb","status":"publish","type":"post","link":"https:\/\/www.regioncuatronoticias.com\/index.php\/2024\/08\/24\/no-tengo-intencion-de-ser-senador-independiente-pues-mi-adn-politico-es-del-pri-desde-hace-cinco-decadas-mfb\/","title":{"rendered":"\u201cNo tengo intenci\u00f3n de ser senador independiente, pues mi ADN pol\u00edtico es del PRI desde hace cinco d\u00e9cadas\u201d: MFB"},"content":{"rendered":"\n<p><strong>-Ser\u00e9 senador del PRI que represente los intereses de las y los sonorenses que me eligieron, se\u00f1al\u00f3 el ex gobernador<\/strong><\/p>\n\n\n\n<p><strong>-Este s\u00e1bado Beltrones se registr\u00f3 como integrante del Senado de Rep\u00fablica para el per\u00edodo 2024-2030<\/strong><\/p>\n\n\n\n<p><strong>-Beltrones formar\u00e1 parte de la Mesa de los Cinco Senadores Decanos que &nbsp;instalar\u00e1n el Congreso de la Uni\u00f3n el pr\u00f3ximo 1ro de septiembre<\/strong><\/p>\n\n\n\n<p>Ciudad de M\u00e9xico. Agosto 24 de 2024. Conforme al Reglamento&nbsp; y Convocatoria para la integraci\u00f3n del Senado&nbsp; de la Rep\u00fablica para el&nbsp; per\u00edodo 2024-2030, Manlio Fabio Beltrones Rivera acudi\u00f3 este s\u00e1bado a realizar su registro formal.<\/p>\n\n\n\n<p>Con este registro, es&nbsp; la tercera vez que el ex gobernador sonorense ocupa este cargo legislativo; en esta ocasi\u00f3n, derivado de la elecci\u00f3n del pasado 02 de junio en Sonora, donde logr\u00f3 una votaci\u00f3n superior a los 300 mil votos a su favor.<\/p>\n\n\n\n<p><strong>PRIISTA CON PENSAMIENTO INDEPENDIENTE<\/strong><\/p>\n\n\n\n<p>Beltrones Rivera dijo que no tiene intenci\u00f3n de ser un senador independiente, pues puntualiz\u00f3 que su ADN pol\u00edtico es PRI desde hace cinco d\u00e9cadas: \u201clo que siempre he promovido es la independencia de pensamiento, que cada legislador represente los intereses de quienes lo eligen, en este caso, yo representar\u00e9 los intereses de las y los sonorenses\u201d.<\/p>\n\n\n\n<p><strong>EMPLEO Y SEGURIDAD PARA SONORA<\/strong><\/p>\n\n\n\n<p>En funci\u00f3n de ello, dijo que incluir\u00e1 en la Agenda Legislativa los temas que la ciudadan\u00eda sonorense le plante\u00f3 en campa\u00f1a, como son mejorar la seguridad p\u00fablica, regresar los apoyos al campo sonorense y los est\u00edmulos para el crecimiento econ\u00f3mico. \u201cLo que necesitamos es eso, empleo y seguridad para Sonora\u201d, puntualiz\u00f3.<\/p>\n\n\n\n<p><strong>INTEGRAR\u00c1 LA MESA DE SENADORES DECANOS<\/strong><\/p>\n\n\n\n<p>Manlio Fabio Beltrones establecer\u00e1 a la brevedad contacto y di\u00e1logo con diferentes coordinadores parlamentarios, ya que esta ma\u00f1ana fue notificado por la Oficina de Servicios Parlamentarios que conforme al Art\u00edculo 95 de la Ley org\u00e1nica, formar\u00e1 parte de la Mesa de Decanos, responsable de la instalaci\u00f3n del Congreso de la Uni\u00f3n, el pr\u00f3ximo 1ro de septiembre.<\/p>\n\n\n\n<p><strong>DEBATE Y DI\u00c1LOGO CIVILIZADO ANTE UN PARTIDO HEGEM\u00d3NICO<\/strong><\/p>\n\n\n\n<p>Dijo que todos los momentos de la vida parlamentaria son in\u00e9ditos, y que hoy se est\u00e1 llegando a una legislatura que vuelve a tener un partido hegem\u00f3nico, mayoritario, que no llega a constituir las dos terceras partes por s\u00ed mismo. Ante ello, hizo un llamado al debate de altura, al di\u00e1logo civilizado, la negociaci\u00f3n y la construcci\u00f3n de acuerdos.<\/p>\n","protected":false},"excerpt":{"rendered":"<p>-Ser\u00e9 senador del PRI que represente los intereses de las y los sonorenses que me eligieron, se\u00f1al\u00f3 el ex gobernador -Este s\u00e1bado Beltrones se registr\u00f3 como integrante del Senado de Rep\u00fablica para el per\u00edodo 2024-2030 -Beltrones formar\u00e1 parte de la Mesa de los Cinco Senadores Decanos que &nbsp;instalar\u00e1n el Congreso de la Uni\u00f3n el pr\u00f3ximo [&hellip;]<\/p>\n","protected":false},"author":1,"featured_media":16762,"comment_status":"open","ping_status":"open","sticky":false,"template":"","format":"standard","meta":{"content-type":"","footnotes":""},"categories":[3,115,105,9],"tags":[],"class_list":{"0":"post-16761","1":"post","2":"type-post","3":"status-publish","4":"format-standard","5":"has-post-thumbnail","7":"category-mexico","8":"category-politica","9":"category-principal","10":"category-sonora"},"_links":{"self":[{"href":"https:\/\/www.regioncuatronoticias.com\/index.php\/wp-json\/wp\/v2\/posts\/16761","targetHints":{"allow":["GET"]}}],"collection":[{"href":"https:\/\/www.regioncuatronoticias.com\/index.php\/wp-json\/wp\/v2\/posts"}],"about":[{"href":"https:\/\/www.regioncuatronoticias.com\/index.php\/wp-json\/wp\/v2\/types\/post"}],"author":[{"embeddable":true,"href":"https:\/\/www.regioncuatronoticias.com\/index.php\/wp-json\/wp\/v2\/users\/1"}],"replies":[{"embeddable":true,"href":"https:\/\/www.regioncuatronoticias.com\/index.php\/wp-json\/wp\/v2\/comments?post=16761"}],"version-history":[{"count":1,"href":"https:\/\/www.regioncuatronoticias.com\/index.php\/wp-json\/wp\/v2\/posts\/16761\/revisions"}],"predecessor-version":[{"id":16763,"href":"https:\/\/www.regioncuatronoticias.com\/index.php\/wp-json\/wp\/v2\/posts\/16761\/revisions\/16763"}],"wp:featuredmedia":[{"embeddable":true,"href":"https:\/\/www.regioncuatronoticias.com\/index.php\/wp-json\/wp\/v2\/media\/16762"}],"wp:attachment":[{"href":"https:\/\/www.regioncuatronoticias.com\/index.php\/wp-json\/wp\/v2\/media?parent=16761"}],"wp:term":[{"taxonomy":"category","embeddable":true,"href":"https:\/\/www.regioncuatronoticias.com\/index.php\/wp-json\/wp\/v2\/categories?post=16761"},{"taxonomy":"post_tag","embeddable":true,"href":"https:\/\/www.regioncuatronoticias.com\/index.php\/wp-json\/wp\/v2\/tags?post=16761"}],"curies":[{"name":"wp","href":"https:\/\/api.w.org\/{rel}","templated":true}]}}