{"id":15699,"date":"2024-07-28T20:37:16","date_gmt":"2024-07-29T03:37:16","guid":{"rendered":"https:\/\/www.regioncuatronoticias.com\/?p=15699"},"modified":"2024-07-28T20:37:19","modified_gmt":"2024-07-29T03:37:19","slug":"muere-un-nino-de-12-anos-en-playas-de-cancun-baleado-por-narcomenudistas-desde-una-moto-acuatica","status":"publish","type":"post","link":"https:\/\/www.regioncuatronoticias.com\/index.php\/2024\/07\/28\/muere-un-nino-de-12-anos-en-playas-de-cancun-baleado-por-narcomenudistas-desde-una-moto-acuatica\/","title":{"rendered":"Muere un ni\u00f1o de 12 a\u00f1os en playas de Canc\u00fan  baleado por narcomenudistas\u00a0desde una moto acu\u00e1tica"},"content":{"rendered":"\n<p>Domingo 28 de julio de 2024<\/p>\n\n\n\n<p>Un ni\u00f1o de 12 a\u00f1os fue asesinado en medio de una disputa por venta de drogas en playas de Canc\u00fan, Quintana Roo, confirm\u00f3 la Fiscal\u00eda General del Estado.<\/p>\n\n\n\n<p>Las primeras investigaciones indican que el menor y su familia disfrutaban del d\u00eda en la zona hotelera del destino tur\u00edstico, a la altura de bulevar Kukulc\u00e1n, cuando sujetos armados se aproximaron al lugar a bordo de moto acu\u00e1tica.<\/p>\n\n\n\n<p>Los agresores dispararon desde los veh\u00edculos contra unas personas que estaban en ese sitio. Uno de los proyectiles alcanz\u00f3 al ni\u00f1o y lo hiri\u00f3 de gravedad.<\/p>\n\n\n\n<p>Autoridades ministeriales aseguran que el menor era ajeno al ataque que presuntamente se cometi\u00f3 por una disputa entre narcomenudistas.<\/p>\n\n\n\n<p>\u201cLas primeras investigaciones se\u00f1alan que los atacantes llegaron v\u00eda mar\u00edtima, a bordo de una moto acu\u00e1tica disparando contra unas personas presumiblemente en disputa por venta de droga, sin embargo, lesionaron sin ser su objetivo, al menor que se encontraba con su familia\u201d, se\u00f1al\u00f3 la Fiscal\u00eda en un comunicado.<\/p>\n\n\n\n<p>De acuerdo con la dependencia, luego del ataque los cuerpos de emergencia brindaron los primeros auxilios al menor y de inmediato lo trasladaron a un hospital \u201cdonde, lamentablemente, perdi\u00f3 la vida\u201d, se\u00f1al\u00f3 el comunicado.<\/p>\n\n\n\n<p>La fiscal\u00eda indic\u00f3 que abri\u00f3 una carpeta de investigaci\u00f3n por el delito de homicidio calificado en agravio de un menor de 12 a\u00f1os, cuya identidad reserv\u00f3.<\/p>\n\n\n\n<p>El menor y su familia son habitantes del municipio de Benito Ju\u00e1rez, se\u00f1al\u00f3 la dependencia, que asegur\u00f3 trabaja junto con los integrantes de la Coordinaci\u00f3n para la Construcci\u00f3n de Paz y Seguridad en Quintana Roo para llevar ante la justicia a los responsables de este homicidio cometido en plena temporada vacacional.<\/p>\n\n\n\n<p>La venta de drogas y la trata de personas son dos de los delitos que m\u00e1s se comenten en el municipio de Benito Ju\u00e1rez. Este domingo, la fiscal\u00eda report\u00f3 la detenci\u00f3n, en acciones separadas, de siete personas por narcomenudeo.<\/p>\n\n\n\n<p>Adem\u00e1s, en el municipio de L\u00e1zaro C\u00e1rdenas, fueron rescatadas dos adolescentes v\u00edctimas de trata y la detenci\u00f3n de tres mujeres, quienes supuestamente las obligaban a realizar servicios sexuales, indic\u00f3.<\/p>\n","protected":false},"excerpt":{"rendered":"<p>Domingo 28 de julio de 2024 Un ni\u00f1o de 12 a\u00f1os fue asesinado en medio de una disputa por venta de drogas en playas de Canc\u00fan, Quintana Roo, confirm\u00f3 la Fiscal\u00eda General del Estado. Las primeras investigaciones indican que el menor y su familia disfrutaban del d\u00eda en la zona hotelera del destino tur\u00edstico, a [&hellip;]<\/p>\n","protected":false},"author":1,"featured_media":15700,"comment_status":"open","ping_status":"open","sticky":false,"template":"","format":"standard","meta":{"content-type":"","footnotes":""},"categories":[3,105,113],"tags":[],"class_list":{"0":"post-15699","1":"post","2":"type-post","3":"status-publish","4":"format-standard","5":"has-post-thumbnail","7":"category-mexico","8":"category-principal","9":"category-seguridad"},"_links":{"self":[{"href":"https:\/\/www.regioncuatronoticias.com\/index.php\/wp-json\/wp\/v2\/posts\/15699","targetHints":{"allow":["GET"]}}],"collection":[{"href":"https:\/\/www.regioncuatronoticias.com\/index.php\/wp-json\/wp\/v2\/posts"}],"about":[{"href":"https:\/\/www.regioncuatronoticias.com\/index.php\/wp-json\/wp\/v2\/types\/post"}],"author":[{"embeddable":true,"href":"https:\/\/www.regioncuatronoticias.com\/index.php\/wp-json\/wp\/v2\/users\/1"}],"replies":[{"embeddable":true,"href":"https:\/\/www.regioncuatronoticias.com\/index.php\/wp-json\/wp\/v2\/comments?post=15699"}],"version-history":[{"count":1,"href":"https:\/\/www.regioncuatronoticias.com\/index.php\/wp-json\/wp\/v2\/posts\/15699\/revisions"}],"predecessor-version":[{"id":15701,"href":"https:\/\/www.regioncuatronoticias.com\/index.php\/wp-json\/wp\/v2\/posts\/15699\/revisions\/15701"}],"wp:featuredmedia":[{"embeddable":true,"href":"https:\/\/www.regioncuatronoticias.com\/index.php\/wp-json\/wp\/v2\/media\/15700"}],"wp:attachment":[{"href":"https:\/\/www.regioncuatronoticias.com\/index.php\/wp-json\/wp\/v2\/media?parent=15699"}],"wp:term":[{"taxonomy":"category","embeddable":true,"href":"https:\/\/www.regioncuatronoticias.com\/index.php\/wp-json\/wp\/v2\/categories?post=15699"},{"taxonomy":"post_tag","embeddable":true,"href":"https:\/\/www.regioncuatronoticias.com\/index.php\/wp-json\/wp\/v2\/tags?post=15699"}],"curies":[{"name":"wp","href":"https:\/\/api.w.org\/{rel}","templated":true}]}}