{"id":15668,"date":"2024-07-26T20:43:33","date_gmt":"2024-07-27T03:43:33","guid":{"rendered":"https:\/\/www.regioncuatronoticias.com\/?p=15668"},"modified":"2024-07-26T20:43:35","modified_gmt":"2024-07-27T03:43:35","slug":"ciudad-juarez-se-declara-en-alerta-ante-las-posibles-repercusiones-por-la-detencion-en-eu-de-el-mayo-zambada-y-el-hijo-de-el-chapo-guzman","status":"publish","type":"post","link":"https:\/\/www.regioncuatronoticias.com\/index.php\/2024\/07\/26\/ciudad-juarez-se-declara-en-alerta-ante-las-posibles-repercusiones-por-la-detencion-en-eu-de-el-mayo-zambada-y-el-hijo-de-el-chapo-guzman\/","title":{"rendered":"Ciudad Ju\u00e1rez se declara en alerta ante las posibles repercusiones por la detenci\u00f3n en EU de \u201cEl Mayo\u201d Zambada y el hijo de \u201cEl Chapo\u201d Guzm\u00e1n"},"content":{"rendered":"\n<p>Tomado de Latinus<\/p>\n\n\n\n<p>Viernes 26 de julio de 2024<\/p>\n\n\n\n<p>EFE.- Autoridades de Ciudad Ju\u00e1rez, Chihuahua, se declararon en alerta luego de que los l\u00edderes del C\u00e1rtel de Sinaloa, Ismael \u201cEl Mayo\u201d Zambada y Joaqu\u00edn Guzm\u00e1n L\u00f3pez, hijo del narcotraficante mexicano Joaqu\u00edn \u201cEl Chapo\u201d Guzm\u00e1n, fueron arrestados el jueves cerca de El Paso, Texas.<\/p>\n\n\n\n<p>\u201cTenemos que estar muy atentos, no hemos tenido hasta ahorita alguna informaci\u00f3n de alg\u00fan tipo de repercusi\u00f3n en la ciudad en este momento, pero tenemos que estar muy atentos, muy pendientes para ver si se da alg\u00fan tipo de reacci\u00f3n\u201d, dijo a EFE el alcalde de Ciudad Ju\u00e1rez, Cruz P\u00e9rez Cu\u00e9llar.<\/p>\n\n\n\n<p>El funcionario se refiri\u00f3 as\u00ed a la detenci\u00f3n de ambos l\u00edderes del narcotr\u00e1fico mexicano, quienes el jueves fueron interceptados en un operativo en un peque\u00f1o aer\u00f3dromo cercano a El Paso (Texas) y ser\u00e1n imputados por fabricaci\u00f3n de drogas y manejo de redes de narcotr\u00e1fico.<\/p>\n\n\n\n<p>\u201cYo creo que la ciudadan\u00eda debe estar tranquila y nosotros vamos a estar muy atentos y muy pendientes de lo que pas\u00f3 en Nuevo M\u00e9xico, bueno, dicen que aqu\u00ed en El Paso, pero fue en Santa Teresa\u201d, aclar\u00f3 el alcalde.<\/p>\n\n\n\n<p>Santa Teresa es una poblaci\u00f3n peque\u00f1a que se encuentra en Nuevo M\u00e9xico, Estados Unidos, que tiene un aeropuerto propio, y que colinda con una zona de Ciudad Ju\u00e1rez llamada San Jer\u00f3nimo, en donde hay un cruce internacional.<\/p>\n\n\n\n<p>El secretario de Seguridad P\u00fablica de Ciudad Ju\u00e1rez, C\u00e9sar Omar Mu\u00f1oz Morales, se\u00f1al\u00f3 que hasta el mediod\u00eda de ayer no se daba alg\u00fan hecho que hiciera ver que se detonar\u00eda la violencia, como ha ocurrido en otras ocasiones que se captura a cabecillas de los c\u00e1rteles.<\/p>\n\n\n\n<p>\u201cNo vemos alguna reacci\u00f3n en nuestra ciudad, vamos a estar muy atentos\u201d, indic\u00f3 el jefe de la polic\u00eda.<\/p>\n\n\n\n<p>El secretario afirm\u00f3 que el C\u00e1rtel de Sinaloa no tiene gran presencia dentro de la ciudad, aunque s\u00ed en la zona rural que se ubica al oriente de la mancha urbana llamada el Valle de Ju\u00e1rez, y que se extiende a lo largo de la franja fronteriza.<\/p>\n\n\n\n<p>\u201cFelicitar al vecino pa\u00eds por la detenci\u00f3n de estas personas, pero nosotros vamos a estar atentos en lo que corresponde al municipio de Ju\u00e1rez, que donde a lo mejor podr\u00edan tener alguna presencia m\u00e1s importante estas personas es en el Valle de Ju\u00e1rez\u201d, dijo el funcionario encargado de la seguridad.<\/p>\n\n\n\n<p>La ma\u00f1ana de este viernes, unas horas despu\u00e9s del arresto de los cabecillas, cuatro personas fueron asesinadas en un homicidio m\u00faltiple en la colonia Aztecas, una de los sectores m\u00e1s conflictivos de la ciudad.<\/p>\n\n\n\n<p>Por el momento, la autoridad indic\u00f3 que no hay relaci\u00f3n de esta masacre con la detenci\u00f3n de los l\u00edderes del C\u00e1rtel de Sinaloa, pero aseguraron que se mantendr\u00e1n alertas.<\/p>\n\n\n\n<p>Zambada, quien tambi\u00e9n tiene cuatro \u00f3rdenes de arresto en M\u00e9xico, afrontar\u00e1 en Estados Unidos cargos por tr\u00e1ficos de diversas drogas, tr\u00e1fico de armas, lavado de dinero, asesinato y secuestro, mientras que Guzm\u00e1n L\u00f3pez est\u00e1 acusado de tr\u00e1fico de coca\u00edna, fentanilo, hero\u00edna y metanfetaminas.<\/p>\n\n\n\n<p>La captura de Zambada, por quien el Departamento de Justicia ofrec\u00eda 15 millones de d\u00f3lares, ocurre a tres meses de que ocurran las elecciones presidenciales en Estados Unidos, donde el tr\u00e1fico de fentanilo desde M\u00e9xico y el poder de los c\u00e1rteles mexicanos ha sido un tema clave.<\/p>\n\n\n\n<figure class=\"wp-block-embed is-type-wp-embed is-provider-latin-us wp-block-embed-latin-us\"><div class=\"wp-block-embed__wrapper\">\n<blockquote class=\"wp-embedded-content\" data-secret=\"efChFI4Ug5\"><a href=\"https:\/\/latinus.us\/2024\/07\/26\/ciudad-juarez-lanza-alerta-tras-detencion-mayo-zambada-hijo-chapo-guzman\/\">Ciudad Ju\u00e1rez se declara en alerta ante las posibles repercusiones por la detenci\u00f3n en EU de &#8220;El Mayo&#8221; Zambada y el hijo de &#8220;El Chapo&#8221; Guzm\u00e1n<\/a><\/blockquote><iframe loading=\"lazy\" class=\"wp-embedded-content\" sandbox=\"allow-scripts\" security=\"restricted\" style=\"position: absolute; visibility: hidden;\" title=\"&#8220;Ciudad Ju\u00e1rez se declara en alerta ante las posibles repercusiones por la detenci\u00f3n en EU de &#8220;El Mayo&#8221; Zambada y el hijo de &#8220;El Chapo&#8221; Guzm\u00e1n&#8221; &#8212; Latin US\" src=\"https:\/\/latinus.us\/2024\/07\/26\/ciudad-juarez-lanza-alerta-tras-detencion-mayo-zambada-hijo-chapo-guzman\/embed\/#?secret=fwHkGdXTTO#?secret=efChFI4Ug5\" data-secret=\"efChFI4Ug5\" width=\"600\" height=\"338\" frameborder=\"0\" marginwidth=\"0\" marginheight=\"0\" scrolling=\"no\"><\/iframe>\n<\/div><\/figure>\n","protected":false},"excerpt":{"rendered":"<p>Tomado de Latinus Viernes 26 de julio de 2024 EFE.- Autoridades de Ciudad Ju\u00e1rez, Chihuahua, se declararon en alerta luego de que los l\u00edderes del C\u00e1rtel de Sinaloa, Ismael \u201cEl Mayo\u201d Zambada y Joaqu\u00edn Guzm\u00e1n L\u00f3pez, hijo del narcotraficante mexicano Joaqu\u00edn \u201cEl Chapo\u201d Guzm\u00e1n, fueron arrestados el jueves cerca de El Paso, Texas. \u201cTenemos que [&hellip;]<\/p>\n","protected":false},"author":1,"featured_media":15669,"comment_status":"open","ping_status":"open","sticky":false,"template":"","format":"standard","meta":{"content-type":"","footnotes":""},"categories":[3,105,113],"tags":[],"class_list":{"0":"post-15668","1":"post","2":"type-post","3":"status-publish","4":"format-standard","5":"has-post-thumbnail","7":"category-mexico","8":"category-principal","9":"category-seguridad"},"_links":{"self":[{"href":"https:\/\/www.regioncuatronoticias.com\/index.php\/wp-json\/wp\/v2\/posts\/15668","targetHints":{"allow":["GET"]}}],"collection":[{"href":"https:\/\/www.regioncuatronoticias.com\/index.php\/wp-json\/wp\/v2\/posts"}],"about":[{"href":"https:\/\/www.regioncuatronoticias.com\/index.php\/wp-json\/wp\/v2\/types\/post"}],"author":[{"embeddable":true,"href":"https:\/\/www.regioncuatronoticias.com\/index.php\/wp-json\/wp\/v2\/users\/1"}],"replies":[{"embeddable":true,"href":"https:\/\/www.regioncuatronoticias.com\/index.php\/wp-json\/wp\/v2\/comments?post=15668"}],"version-history":[{"count":1,"href":"https:\/\/www.regioncuatronoticias.com\/index.php\/wp-json\/wp\/v2\/posts\/15668\/revisions"}],"predecessor-version":[{"id":15670,"href":"https:\/\/www.regioncuatronoticias.com\/index.php\/wp-json\/wp\/v2\/posts\/15668\/revisions\/15670"}],"wp:featuredmedia":[{"embeddable":true,"href":"https:\/\/www.regioncuatronoticias.com\/index.php\/wp-json\/wp\/v2\/media\/15669"}],"wp:attachment":[{"href":"https:\/\/www.regioncuatronoticias.com\/index.php\/wp-json\/wp\/v2\/media?parent=15668"}],"wp:term":[{"taxonomy":"category","embeddable":true,"href":"https:\/\/www.regioncuatronoticias.com\/index.php\/wp-json\/wp\/v2\/categories?post=15668"},{"taxonomy":"post_tag","embeddable":true,"href":"https:\/\/www.regioncuatronoticias.com\/index.php\/wp-json\/wp\/v2\/tags?post=15668"}],"curies":[{"name":"wp","href":"https:\/\/api.w.org\/{rel}","templated":true}]}}