{"id":15628,"date":"2024-07-25T18:37:54","date_gmt":"2024-07-26T01:37:54","guid":{"rendered":"https:\/\/www.regioncuatronoticias.com\/?p=15628"},"modified":"2024-07-25T18:37:56","modified_gmt":"2024-07-26T01:37:56","slug":"confirma-departamento-de-justicia-de-eu-detencion-de-el-mayo-zambada-y-joaquin-guzman-lopez","status":"publish","type":"post","link":"https:\/\/www.regioncuatronoticias.com\/index.php\/2024\/07\/25\/confirma-departamento-de-justicia-de-eu-detencion-de-el-mayo-zambada-y-joaquin-guzman-lopez\/","title":{"rendered":"Confirma Departamento de Justicia de EU detenci\u00f3n de \u201cEl Mayo\u201d Zambada y Joaqu\u00edn Guzm\u00e1n L\u00f3pez"},"content":{"rendered":"\n<p><strong>Ambos hombres enfrentan m\u00faltiples cargos en Estados Unidos, seg\u00fan expone el comunicado<\/strong>.<\/p>\n\n\n\n<p><strong>El departamento de Justicia de Estados Unidos comparti\u00f3 una lista de otros detenidos del Cartel de Sinaloa.<\/strong><\/p>\n\n\n\n<p>Tomado de El Imparcial<\/p>\n\n\n\n<p>Por Vanesa Rojas&nbsp;<\/p>\n\n\n\n<p>Jueves 25 de julio de 2024<\/p>\n\n\n\n<p>ESTADOS UNIDOS.- Este jueves en horas de la tarde se dio a conocer la detenci\u00f3n de Ismael Zambada Garc\u00eda (El Mayo) y Joaqu\u00edn Guzm\u00e1n L\u00f3pez y el Departamento de Justicia de Estados Unidos lo confirm\u00f3 en un comunicado.<\/p>\n\n\n\n<p>El Fiscal General Merrick B. Garland se\u00f1al\u00f3 que el Departamento de Justicia \u201cha detenido a otros dos presuntos l\u00edderes del C\u00e1rtel de Sinaloa, una de las organizaciones de narcotr\u00e1fico m\u00e1s violentas y poderosas del mundo\u201d.<\/p>\n\n\n\n<p>Ambos fueron privados de libertad en El Paso, Texas. \u201cEnfrentan m\u00faltiples cargos en Estados Unidos por liderar las operaciones criminales del C\u00e1rtel, incluidas sus letales redes de fabricaci\u00f3n y tr\u00e1fico de fentanilo\u201d.<\/p>\n\n\n\n<p>Destacaron en el comunicado, que ambos ahora se suman a una lista de l\u00edderes y asociados al C\u00e1rtel de Sinaloa a quienes el Departamento de Justicia est\u00e1 responsabilizando en Estados Unidos.<\/p>\n\n\n\n<p>Los nombres que compartieron en el comunicado son los siguientes: Joaqu\u00edn Guzm\u00e1n Loera, o \u201cEl Chapo\u201d; otro de los hijos de El Chapo y supuesto l\u00edder del C\u00e1rtel, Ovidio Guzm\u00e1n L\u00f3pez; y el supuesto sicario principal del C\u00e1rtel, N\u00e9stor Isidro P\u00e9rez Salas, o \u201cEl Nini\u201d.<\/p>\n\n\n\n<p>En cuanto a la fabricaci\u00f3n y tr\u00e1fico de fentanilo dice que es la amenaza de drogas m\u00e1s letal que Estados Unidos haya enfrentado y el Departamento de Justicia \u201cno descansar\u00e1 hasta que cada l\u00edder, miembro y asociado de los c\u00e1rteles responsables de envenenar nuestras comunidades rinda cuentas\u201d.<\/p>\n\n\n\n<figure class=\"wp-block-embed\"><div class=\"wp-block-embed__wrapper\">\nhttps:\/\/www.elimparcial.com\/mundo\/2024\/07\/26\/confirma-departamento-de-justicia-de-eu-detencion-de-el-mayo-zambada-y-joaquin-guzman-lopez\n<\/div><\/figure>\n","protected":false},"excerpt":{"rendered":"<p>Ambos hombres enfrentan m\u00faltiples cargos en Estados Unidos, seg\u00fan expone el comunicado. El departamento de Justicia de Estados Unidos comparti\u00f3 una lista de otros detenidos del Cartel de Sinaloa. Tomado de El Imparcial Por Vanesa Rojas&nbsp; Jueves 25 de julio de 2024 ESTADOS UNIDOS.- Este jueves en horas de la tarde se dio a conocer [&hellip;]<\/p>\n","protected":false},"author":1,"featured_media":15629,"comment_status":"open","ping_status":"open","sticky":false,"template":"","format":"standard","meta":{"content-type":"","footnotes":""},"categories":[105,113],"tags":[],"class_list":{"0":"post-15628","1":"post","2":"type-post","3":"status-publish","4":"format-standard","5":"has-post-thumbnail","7":"category-principal","8":"category-seguridad"},"_links":{"self":[{"href":"https:\/\/www.regioncuatronoticias.com\/index.php\/wp-json\/wp\/v2\/posts\/15628","targetHints":{"allow":["GET"]}}],"collection":[{"href":"https:\/\/www.regioncuatronoticias.com\/index.php\/wp-json\/wp\/v2\/posts"}],"about":[{"href":"https:\/\/www.regioncuatronoticias.com\/index.php\/wp-json\/wp\/v2\/types\/post"}],"author":[{"embeddable":true,"href":"https:\/\/www.regioncuatronoticias.com\/index.php\/wp-json\/wp\/v2\/users\/1"}],"replies":[{"embeddable":true,"href":"https:\/\/www.regioncuatronoticias.com\/index.php\/wp-json\/wp\/v2\/comments?post=15628"}],"version-history":[{"count":1,"href":"https:\/\/www.regioncuatronoticias.com\/index.php\/wp-json\/wp\/v2\/posts\/15628\/revisions"}],"predecessor-version":[{"id":15630,"href":"https:\/\/www.regioncuatronoticias.com\/index.php\/wp-json\/wp\/v2\/posts\/15628\/revisions\/15630"}],"wp:featuredmedia":[{"embeddable":true,"href":"https:\/\/www.regioncuatronoticias.com\/index.php\/wp-json\/wp\/v2\/media\/15629"}],"wp:attachment":[{"href":"https:\/\/www.regioncuatronoticias.com\/index.php\/wp-json\/wp\/v2\/media?parent=15628"}],"wp:term":[{"taxonomy":"category","embeddable":true,"href":"https:\/\/www.regioncuatronoticias.com\/index.php\/wp-json\/wp\/v2\/categories?post=15628"},{"taxonomy":"post_tag","embeddable":true,"href":"https:\/\/www.regioncuatronoticias.com\/index.php\/wp-json\/wp\/v2\/tags?post=15628"}],"curies":[{"name":"wp","href":"https:\/\/api.w.org\/{rel}","templated":true}]}}